{"id":117408,"date":"2025-05-21T17:37:09","date_gmt":"2025-05-21T17:37:09","guid":{"rendered":"https:\/\/www.europesays.com\/fr\/117408\/"},"modified":"2025-05-21T17:37:09","modified_gmt":"2025-05-21T17:37:09","slug":"un-accident-entre-trois-voitures-dans-un-tunnel-de-la8-sature-le-trafic-dans-le-contournement-de-nice","status":"publish","type":"post","link":"https:\/\/www.europesays.com\/fr\/117408\/","title":{"rendered":"Un accident entre trois voitures dans un tunnel de l&rsquo;A8 sature le trafic dans le contournement de Nice"},"content":{"rendered":"<p>L&rsquo;accident entre les trois v\u00e9hicules a eu lieu sur la voie de gauche apr\u00e8s l&rsquo;entr\u00e9e 52 Saint-Isidore et oblige \u00e0 circuler sur la seule voie de droite.<\/p>\n<p>Cons\u00e9quence \u00e0 cette heure de pointe un bouchon s&rsquo;est form\u00e9 et englobe la barri\u00e8re de p\u00e9age de Saint-Isidore.<\/p>\n<p>Comptez plus de 45 minutes pour traverser cette difficult\u00e9.<\/p>\n<p>De grosses perturbations sont \u00e9galement constat\u00e9es entre Mandelieu et la barri\u00e8re de p\u00e9age d&rsquo;Antibes, suite \u00e0 un accident, avec plus de 10km de bouchon.<\/p>\n<blockquote class=\"twitter-tweet\">\n<p lang=\"fr\" dir=\"ltr\">17h38 : sur <a href=\"https:\/\/twitter.com\/hashtag\/A8?src=hash&amp;ref_src=twsrc%5Etfw\" target=\"_blank\" rel=\"noopener\">#A8<\/a> en direction de l\u2019Italie apr\u00e8s l&rsquo;entr\u00e9e n\u00b052 Nice Saint_Isidore, la circulation est perturb\u00e9e. Nos \u00e9quipes interviennent sur un <a href=\"https:\/\/twitter.com\/hashtag\/Accident?src=hash&amp;ref_src=twsrc%5Etfw\" target=\"_blank\" rel=\"noopener\">#Accident<\/a>. Temps de parcours allong\u00e9 de 40 mn. . <a href=\"https:\/\/twitter.com\/hashtag\/InfoTrafic?src=hash&amp;ref_src=twsrc%5Etfw\" target=\"_blank\" rel=\"noopener\">#InfoTrafic<\/a><\/p>\n<p>\u2014 Autoroute A8 (@A8Trafic) <a href=\"https:\/\/twitter.com\/A8Trafic\/status\/1925214675819442438?ref_src=twsrc%5Etfw\" target=\"_blank\" rel=\"noopener\">May 21, 2025<\/a><\/p><\/blockquote>\n<blockquote class=\"twitter-tweet\">\n<p lang=\"fr\" dir=\"ltr\">16h52 : sur <a href=\"https:\/\/twitter.com\/hashtag\/A8?src=hash&amp;ref_src=twsrc%5Etfw\" target=\"_blank\" rel=\"noopener\">#A8<\/a> en direction de l\u2019Italie apr\u00e8s l&rsquo;entr\u00e9e n\u00b052 Nice Saint_Isidore, la circulation est perturb\u00e9e. Nos \u00e9quipes interviennent sur un <a href=\"https:\/\/twitter.com\/hashtag\/Accident?src=hash&amp;ref_src=twsrc%5Etfw\" target=\"_blank\" rel=\"noopener\">#Accident<\/a>. <a href=\"https:\/\/twitter.com\/hashtag\/InfoTrafic?src=hash&amp;ref_src=twsrc%5Etfw\" target=\"_blank\" rel=\"noopener\">#InfoTrafic<\/a><\/p>\n<p>\u2014 Autoroute A8 (@A8Trafic) <a href=\"https:\/\/twitter.com\/A8Trafic\/status\/1925203038022566167?ref_src=twsrc%5Etfw\" target=\"_blank\" rel=\"noopener\">May 21, 2025<\/a><\/p><\/blockquote>\n<p>                                                                                                                                        <script async src=\"https:\/\/platform.twitter.com\/widgets.js\" charset=\"utf-8\"><\/script><\/p>\n","protected":false},"excerpt":{"rendered":"L&rsquo;accident entre les trois v\u00e9hicules a eu lieu sur la voie de gauche apr\u00e8s l&rsquo;entr\u00e9e 52 Saint-Isidore et&hellip;\n","protected":false},"author":2,"featured_media":87099,"comment_status":"","ping_status":"","sticky":false,"template":"","format":"standard","meta":{"footnotes":""},"categories":[2819],"tags":[1111,11,1777,674,1011,27,803,12,2401,882,25],"class_list":{"0":"post-117408","1":"post","2":"type-post","3":"status-publish","4":"format-standard","5":"has-post-thumbnail","7":"category-nice","8":"tag-actu","9":"tag-actualites","10":"tag-eu","11":"tag-europe","12":"tag-fr","13":"tag-france","14":"tag-info-trafic","15":"tag-news","16":"tag-nice","17":"tag-provence-alpes-cote-dazur","18":"tag-republique-francaise"},"share_on_mastodon":{"url":"https:\/\/pubeurope.com\/@fr\/114547041495890964","error":""},"_links":{"self":[{"href":"https:\/\/www.europesays.com\/fr\/wp-json\/wp\/v2\/posts\/117408","targetHints":{"allow":["GET"]}}],"collection":[{"href":"https:\/\/www.europesays.com\/fr\/wp-json\/wp\/v2\/posts"}],"about":[{"href":"https:\/\/www.europesays.com\/fr\/wp-json\/wp\/v2\/types\/post"}],"author":[{"embeddable":true,"href":"https:\/\/www.europesays.com\/fr\/wp-json\/wp\/v2\/users\/2"}],"replies":[{"embeddable":true,"href":"https:\/\/www.europesays.com\/fr\/wp-json\/wp\/v2\/comments?post=117408"}],"version-history":[{"count":0,"href":"https:\/\/www.europesays.com\/fr\/wp-json\/wp\/v2\/posts\/117408\/revisions"}],"wp:featuredmedia":[{"embeddable":true,"href":"https:\/\/www.europesays.com\/fr\/wp-json\/wp\/v2\/media\/87099"}],"wp:attachment":[{"href":"https:\/\/www.europesays.com\/fr\/wp-json\/wp\/v2\/media?parent=117408"}],"wp:term":[{"taxonomy":"category","embeddable":true,"href":"https:\/\/www.europesays.com\/fr\/wp-json\/wp\/v2\/categories?post=117408"},{"taxonomy":"post_tag","embeddable":true,"href":"https:\/\/www.europesays.com\/fr\/wp-json\/wp\/v2\/tags?post=117408"}],"curies":[{"name":"wp","href":"https:\/\/api.w.org\/{rel}","templated":true}]}}