{"id":117414,"date":"2025-05-21T17:41:09","date_gmt":"2025-05-21T17:41:09","guid":{"rendered":"https:\/\/www.europesays.com\/fr\/117414\/"},"modified":"2025-05-21T17:41:09","modified_gmt":"2025-05-21T17:41:09","slug":"ou-voir-un-feu-dartifice-en-gironde-avant-lete-voici-notre-selection","status":"publish","type":"post","link":"https:\/\/www.europesays.com\/fr\/117414\/","title":{"rendered":"O\u00f9 voir un feu d&rsquo;artifice en Gironde avant l&rsquo;\u00e9t\u00e9 ? Voici notre s\u00e9lection"},"content":{"rendered":"<p>            Par<br \/>\n        <strong><br \/>\n            <a href=\"https:\/\/actu.fr\/auteur\/redaction-bordeaux\" title=\"Consulter tous les articles de R\u00e9daction Bordeaux\" target=\"_blank\" rel=\"noopener\">R\u00e9daction Bordeaux<\/a><br \/>\n        <\/strong><\/p>\n<p>        Publi\u00e9 le<\/p>\n<p>            21 mai 2025 \u00e0 18h32        <\/p>\n<p>L\u2019\u00e9t\u00e9 n\u2019est pas encore arriv\u00e9, mais quelques <strong>premiers feux d\u2019artifice<\/strong> retentissent d\u00e9j\u00e0 <a href=\"https:\/\/actu.fr\/bordeaux\/\" target=\"_blank\" rel=\"noopener\">en Gironde.<\/a> La r\u00e9daction d\u2019<a href=\"https:\/\/actu.fr\/bordeaux\/\" target=\"_blank\" rel=\"noopener\">actu Bordeaux<\/a> a fait une s\u00e9lection pour vous permettre d\u2019en profiter en attendant la haute saison.<\/p>\n<p>Le 24\u00a0mai \u00e0 Talence<\/p>\n<p class=\" wall-content\">On commence ce samedi 24\u00a0mai, avec un feu d\u2019artifice \u00e0 Talence. <a href=\"https:\/\/actu.fr\/nouvelle-aquitaine\/talence_33522\/feu-d-artifice-concerts-et-animations-a-talence-six-soirees-gratuites-dans-cette-ville-pres-de-bordeaux_62607748.html\" target=\"_blank\" rel=\"noopener\">La soir\u00e9e de cl\u00f4ture du Mai Talen\u00e7ais<\/a> s\u2019annonce riche. En plus des restaurateurs et bars locaux, le public retrouvera le DJ Zapata de 18h \u00e0 23h. Puis, le <strong>show pyrotechnique<\/strong> d\u00e9marrera \u00e0 23h. Il est sign\u00e9 David Proteau, directeur artistique de Ruggieri, et sera sur le th\u00e8me des ann\u00e9es 80.<\/p>\n<p>Le 24\u00a0mai \u00e0 Saint-Martin-du-Bois<\/p>\n<p class=\" wall-content\">Pour s\u2019\u00e9loigner un peu plus de la m\u00e9tropole bordelaise, direction Saint-Martin-du-Bois, au nord de Libourne. Ce week-end, du 23 au 25\u00a0mai, de nombreuses animations sont pr\u00e9vues pour la f\u00eate locale. Et <strong>samedi soir, \u00e0 23h,<\/strong> un feu d\u2019artifice doit \u00eatre lanc\u00e9 apr\u00e8s le repas.<\/p>\n<p>Le 28\u00a0mai \u00e0 Bordeaux<\/p>\n<p class=\" wall-content\">La <strong>Foire internationale de Bordeaux<\/strong> est de retour du 24\u00a0mai au 1er\u00a0juin. Et le samedi\u00a028, un feu d\u2019artifice va illuminer le ciel de la capitale girondine. <a href=\"https:\/\/actu.fr\/nouvelle-aquitaine\/bordeaux_33063\/un-feu-d-artifice-sous-le-signe-du-cinema-d-animation-illuminera-bordeaux_62542025.html\" target=\"_blank\" rel=\"noopener\">Le spectacle pyrotechnique, sign\u00e9 Ruggieri,<\/a> rendra hommage aux plus grands classiques du cin\u00e9ma d\u2019animation. Disney, Miyazaki, One Piece\u2026 Il y en aura pour tous les go\u00fbts pendant les seize minutes de spectacle.<\/p>\n<p>Le 13\u00a0juin \u00e0 Saint-Gervais<\/p>\n<p class=\" wall-content\">Au nord de la M\u00e9tropole, la <strong>f\u00eate du village de Saint-Gervais<\/strong> a lieu du 13 au 15\u00a0juin. Outre la f\u00eate foraine, une descente de caisse \u00e0 savon est pr\u00e9vue le samedi. La journ\u00e9e se termine par un feu d\u2019artifice, tir\u00e9 \u00e0 partir de 22h30 sur le stade.<\/p>\n<p>Le 14\u00a0juin \u00e0 Daignac<\/p>\n<p class=\" wall-content\">Avec les beaux temps reviennent les march\u00e9s nocturnes. C\u2019est notamment le cas \u00e0 Daignac, au sud de Libourne. Le samedi 14\u00a0juin, comme depuis 20\u00a0ans, le <strong>march\u00e9 nocturne<\/strong> fera la part belle aux produits locaux. En plus des cr\u00e9ateurs, producteurs et musiciens, le public pourra profiter du feu d\u2019artifice tir\u00e9 pour l\u2019occasion.<\/p>\n<p class=\" wall-content\">Suivez toute l\u2019actualit\u00e9 de vos villes et m\u00e9dias favoris en vous inscrivant \u00e0 <a href=\"https:\/\/moncompte.actu.fr\" title=\"D\u00e9couvez Mon Actu\" rel=\"nofollow noopener\" data-trk=\"{&quot;cta&quot;:{&quot;action&quot;:&quot;https:\\\/\\\/moncompte.actu.fr&quot;,&quot;category&quot;:&quot;mon compte&quot;,&quot;from&quot;:&quot;article footer&quot;,&quot;name&quot;:&quot;Mon actu&quot;,&quot;type&quot;:&quot;cta&quot;}}\" target=\"_blank\">Mon Actu<\/a>.<\/p>\n","protected":false},"excerpt":{"rendered":"Par R\u00e9daction Bordeaux Publi\u00e9 le 21 mai 2025 \u00e0 18h32 L\u2019\u00e9t\u00e9 n\u2019est pas encore arriv\u00e9, mais quelques premiers&hellip;\n","protected":false},"author":2,"featured_media":117415,"comment_status":"","ping_status":"","sticky":false,"template":"","format":"standard","meta":{"footnotes":""},"categories":[2817],"tags":[1111,11,1997,1777,674,16701,1011,27,1652,12,2219,25],"class_list":{"0":"post-117414","1":"post","2":"type-post","3":"status-publish","4":"format-standard","5":"has-post-thumbnail","7":"category-bordeaux","8":"tag-actu","9":"tag-actualites","10":"tag-bordeaux","11":"tag-eu","12":"tag-europe","13":"tag-feu-dartifice","14":"tag-fr","15":"tag-france","16":"tag-loisirs-culture","17":"tag-news","18":"tag-nouvelle-aquitaine","19":"tag-republique-francaise"},"share_on_mastodon":{"url":"https:\/\/pubeurope.com\/@fr\/114547057203081412","error":""},"_links":{"self":[{"href":"https:\/\/www.europesays.com\/fr\/wp-json\/wp\/v2\/posts\/117414","targetHints":{"allow":["GET"]}}],"collection":[{"href":"https:\/\/www.europesays.com\/fr\/wp-json\/wp\/v2\/posts"}],"about":[{"href":"https:\/\/www.europesays.com\/fr\/wp-json\/wp\/v2\/types\/post"}],"author":[{"embeddable":true,"href":"https:\/\/www.europesays.com\/fr\/wp-json\/wp\/v2\/users\/2"}],"replies":[{"embeddable":true,"href":"https:\/\/www.europesays.com\/fr\/wp-json\/wp\/v2\/comments?post=117414"}],"version-history":[{"count":0,"href":"https:\/\/www.europesays.com\/fr\/wp-json\/wp\/v2\/posts\/117414\/revisions"}],"wp:featuredmedia":[{"embeddable":true,"href":"https:\/\/www.europesays.com\/fr\/wp-json\/wp\/v2\/media\/117415"}],"wp:attachment":[{"href":"https:\/\/www.europesays.com\/fr\/wp-json\/wp\/v2\/media?parent=117414"}],"wp:term":[{"taxonomy":"category","embeddable":true,"href":"https:\/\/www.europesays.com\/fr\/wp-json\/wp\/v2\/categories?post=117414"},{"taxonomy":"post_tag","embeddable":true,"href":"https:\/\/www.europesays.com\/fr\/wp-json\/wp\/v2\/tags?post=117414"}],"curies":[{"name":"wp","href":"https:\/\/api.w.org\/{rel}","templated":true}]}}