{"id":117448,"date":"2025-05-21T18:00:10","date_gmt":"2025-05-21T18:00:10","guid":{"rendered":"https:\/\/www.europesays.com\/fr\/117448\/"},"modified":"2025-05-21T18:00:10","modified_gmt":"2025-05-21T18:00:10","slug":"plus-de-49-000-personnes-arretees-pour-avoir-tente-de-fuir-le-pays-depuis-2022","status":"publish","type":"post","link":"https:\/\/www.europesays.com\/fr\/117448\/","title":{"rendered":"plus de 49.000 personnes arr\u00eat\u00e9es pour avoir tent\u00e9 de fuir le pays depuis 2022"},"content":{"rendered":"<p><img decoding=\"async\" class=\"caas-img caas-lazy has-preview\" src=\"https:\/\/www.europesays.com\/fr\/wp-content\/uploads\/2025\/05\/cf6d40ae03ea7d13fbedd2ae09c16917.jpeg\"\/><\/p>\n<p>Plus de 49.000 personnes ont \u00e9t\u00e9 arr\u00eat\u00e9es en Ukraine <a href=\"https:\/\/fr.news.yahoo.com\/guerre-ukraine-100-000-personnes-210154107.html\" data-ylk=\"slk:pour avoir tent\u00e9 de fuir le pays;elm:context_link;itc:0;sec:content-canvas;outcm:mb_qualified_link;_E:mb_qualified_link;ct:story;\" class=\"link  yahoo-link\" target=\"_blank\" rel=\"noopener\">pour avoir tent\u00e9 de fuir le pays <\/a>en franchissant ill\u00e9galement la fronti\u00e8re depuis le d\u00e9but de <a href=\"https:\/\/fr.news.yahoo.com\/ukraine-va-changer-loi-martiale-164618642.html\" data-ylk=\"slk:la loi martiale;elm:context_link;itc:0;sec:content-canvas;outcm:mb_qualified_link;_E:mb_qualified_link;ct:story;\" class=\"link  yahoo-link\" target=\"_blank\" rel=\"noopener\">la loi martiale<\/a> impos\u00e9e en 2022 <a href=\"https:\/\/fr.news.yahoo.com\/guerre-ukraine-zelensky-accuse-russie-104404143.html\" data-ylk=\"slk:en raison de l&#039;invasion russe;elm:context_link;itc:0;sec:content-canvas;outcm:mb_qualified_link;_E:mb_qualified_link;ct:story;\" class=\"link  yahoo-link\" target=\"_blank\" rel=\"noopener\">en raison de l&rsquo;invasion russe<\/a>, a rapport\u00e9 ce mercredi 21 mai le service des gardes-fronti\u00e8res.<\/p>\n<p>Les hommes ukrainiens \u00e2g\u00e9s de 18 \u00e0 60 ans ont interdiction de quitter leur pays, sauf exception. Ceux qui veulent \u00e9chapper \u00e0 la mobilisation militaire franchissent donc la fronti\u00e8re ill\u00e9galement, parfois au p\u00e9ril de leur vie.<\/p>\n<p>\u00ab\u00a0Depuis le 24 f\u00e9vrier 2022, environ 45.000 citoyens ukrainiens, des hommes \u00e2g\u00e9s de 18 \u00e0 60 ans, ont \u00e9t\u00e9 arr\u00eat\u00e9s par le Service national des gardes-fronti\u00e8res\u00a0\u00bb alors qu&rsquo;ils tentaient de quitter le pays en secret, a indiqu\u00e9 son porte-parole, Andri\u00ef Demtchenko.<\/p>\n<p>4.000&Prime; personnes suppl\u00e9mentaires arr\u00eat\u00e9es<\/p>\n<p>\u00ab\u00a0Pr\u00e8s de 4.000\u00a0\u00bb personnes suppl\u00e9mentaires ont aussi \u00e9t\u00e9 arr\u00eat\u00e9es pour avoir tent\u00e9 de franchir la fronti\u00e8re via des points de passage l\u00e9gaux mais \u00ab\u00a0\u00e0 l&rsquo;aide de faux documents\u00a0\u00bb, a pr\u00e9cis\u00e9 ce responsable.<\/p>\n<p>La plupart des Ukrainiens tentant de fuir passent par la r\u00e9gion occidentale de Transcarpatie, recouverte de montagnes et de for\u00eats, une zone poreuse frontali\u00e8re de la Roumanie et de la Hongrie, qui a \u00e9t\u00e9 longtemps au centre de divers trafics.<\/p>\n<p>Depuis le d\u00e9but de l&rsquo;invasion russe de l&rsquo;Ukraine en f\u00e9vrier 2022, Kiev tente de lutter contre des r\u00e9seaux de passeurs ill\u00e9gaux.<\/p>\n<p>En janvier, la police ukrainienne avait annonc\u00e9 avoir effectu\u00e9 \u00ab\u00a0plus de 600 perquisitions\u00a0\u00bb pour arr\u00eater des organisateurs qui ont aid\u00e9 \u00ab\u00a0des centaines d&rsquo;hommes\u00a0\u00bb \u00e0 franchir la fronti\u00e8re ill\u00e9galement.<\/p>\n<p>\u00c9maill\u00e9 de scandales, le syst\u00e8me de mobilisation militaire est tr\u00e8s critiqu\u00e9 en Ukraine et largement consid\u00e9r\u00e9 comme inefficace, corrompu et injuste, ce qui a pouss\u00e9 le pr\u00e9sident Volodymyr Zelensky \u00e0 limoger en 2023 tous les responsables r\u00e9gionaux charg\u00e9s de la mobilisation.<\/p>\n<p><a href=\"https:\/\/www.bfmtv.com\/international\/europe\/ukraine\/guerre-en-ukraine-plus-de-49-000-personnes-arretees-pour-avoir-tente-de-fuir-le-pays-depuis-2022_AD-202505210730.html#xtor=AL-68\" rel=\"nofollow noopener\" target=\"_blank\" data-ylk=\"slk:Article original publi\u00e9 sur BFMTV.com;elm:context_link;itc:0;sec:content-canvas\" class=\"link \">Article original publi\u00e9 sur BFMTV.com<\/a><\/p>\n","protected":false},"excerpt":{"rendered":"Plus de 49.000 personnes ont \u00e9t\u00e9 arr\u00eat\u00e9es en Ukraine pour avoir tent\u00e9 de fuir le pays en franchissant&hellip;\n","protected":false},"author":2,"featured_media":117449,"comment_status":"","ping_status":"","sticky":false,"template":"","format":"standard","meta":{"footnotes":""},"categories":[1590],"tags":[11,1777,674,8514,23800,12,23799,18800,220],"class_list":{"0":"post-117448","1":"post","2":"type-post","3":"status-publish","4":"format-standard","5":"has-post-thumbnail","7":"category-ukraine","8":"tag-actualites","9":"tag-eu","10":"tag-europe","11":"tag-la-frontiere","12":"tag-le-pays","13":"tag-news","14":"tag-points-de-passage","15":"tag-tente","16":"tag-ukraine"},"share_on_mastodon":{"url":"https:\/\/pubeurope.com\/@fr\/114547131972709714","error":""},"_links":{"self":[{"href":"https:\/\/www.europesays.com\/fr\/wp-json\/wp\/v2\/posts\/117448","targetHints":{"allow":["GET"]}}],"collection":[{"href":"https:\/\/www.europesays.com\/fr\/wp-json\/wp\/v2\/posts"}],"about":[{"href":"https:\/\/www.europesays.com\/fr\/wp-json\/wp\/v2\/types\/post"}],"author":[{"embeddable":true,"href":"https:\/\/www.europesays.com\/fr\/wp-json\/wp\/v2\/users\/2"}],"replies":[{"embeddable":true,"href":"https:\/\/www.europesays.com\/fr\/wp-json\/wp\/v2\/comments?post=117448"}],"version-history":[{"count":0,"href":"https:\/\/www.europesays.com\/fr\/wp-json\/wp\/v2\/posts\/117448\/revisions"}],"wp:featuredmedia":[{"embeddable":true,"href":"https:\/\/www.europesays.com\/fr\/wp-json\/wp\/v2\/media\/117449"}],"wp:attachment":[{"href":"https:\/\/www.europesays.com\/fr\/wp-json\/wp\/v2\/media?parent=117448"}],"wp:term":[{"taxonomy":"category","embeddable":true,"href":"https:\/\/www.europesays.com\/fr\/wp-json\/wp\/v2\/categories?post=117448"},{"taxonomy":"post_tag","embeddable":true,"href":"https:\/\/www.europesays.com\/fr\/wp-json\/wp\/v2\/tags?post=117448"}],"curies":[{"name":"wp","href":"https:\/\/api.w.org\/{rel}","templated":true}]}}