{"id":117450,"date":"2025-05-21T18:01:18","date_gmt":"2025-05-21T18:01:18","guid":{"rendered":"https:\/\/www.europesays.com\/fr\/117450\/"},"modified":"2025-05-21T18:01:18","modified_gmt":"2025-05-21T18:01:18","slug":"usa-le-peu-de-transparence-sur-la-sante-de-biden-fait-polemique","status":"publish","type":"post","link":"https:\/\/www.europesays.com\/fr\/117450\/","title":{"rendered":"USA: le peu de transparence sur la sant\u00e9 de Biden fait pol\u00e9mique"},"content":{"rendered":"<p>AboScandale aux \u00c9tats-Unis \u2013 <\/p>\n<p>Le manque de transparence autour de la sant\u00e9 de Biden fait pol\u00e9mique<\/p>\n<p class=\"ContentHead_lead____SsS link_regular__O0hk0 link_externalicon-big__ZdPgo link_externalicon__qcwXs\">Joe Biden \u00e9tait-il malade pendant son mandat? L\u2019annonce de son cancer relance le d\u00e9bat sur les informations quant \u00e0 la sant\u00e9 des pr\u00e9sidents am\u00e9ricains.<\/p>\n<p>Alexis Buisson- Washington<\/p>\n<p>Publi\u00e9 aujourd\u2019hui \u00e0 19h24<img decoding=\"async\" src=\"https:\/\/www.europesays.com\/fr\/wp-content\/uploads\/2025\/05\/EhVft7fHad49AIDBYLvg1d.jpg\" alt=\"Joe Biden, pr\u00e9sident des \u00c9tats-Unis, prononce un discours sur le d\u00e9c\u00e8s de l\u2019ancien pr\u00e9sident Jimmy Carter \u00e0 Christiansted, Saint-Croix, avec un sceau pr\u00e9sidentiel en avant-plan. Drapeaux am\u00e9ricains et sceau pr\u00e9sidentiel en arri\u00e8re-plan.\" title=\"Joe Biden, pr\u00e9sident des \u00c9tats-Unis, prononce un discours sur le d\u00e9c\u00e8s de l\u2019ancien pr\u00e9sident Jimmy Carter \u00e0 Christiansted, Saint-Croix, avec un sceau pr\u00e9sidentiel en avant-plan. Drapeaux am\u00e9ricains et sceau pr\u00e9sidentiel en arri\u00e8re-plan.\" class=\"ResponsiveImage_root__ZDz10 responsive-image\" loading=\"eager\" style=\"background-color:#605462\"\/><\/p>\n<p>L\u2019ancien pr\u00e9sident am\u00e9ricain Joe Biden souffre d\u2019un cancer de la prostate.<\/p>\n<p>AFP<\/p>\n<p>Abonnez-vous d\u00e8s maintenant et profitez de la fonction de lecture audio.<a href=\"https:\/\/bottalk.io\/\" class=\"BottalkPaywall_bottalklink__KDtuf\" target=\"_blank\" rel=\"noreferrer nofollow noopener\">BotTalk<\/a><strong class=\"SummaryList_title__8uifR\">En bref:<\/strong><\/p>\n<ul class=\"SummaryList_list__pEa7M\">\n<li>L\u2019ancien pr\u00e9sident am\u00e9ricain Joe Biden est atteint d\u2019un cancer agressif de la prostate.<\/li>\n<li>Les derniers tests de d\u00e9pistage de Biden remontaient \u00e0 2014, conform\u00e9ment aux directives m\u00e9dicales.<\/li>\n<li>Les pr\u00e9sidents am\u00e9ricains ne sont pas l\u00e9galement tenus de divulguer leur \u00e9tat de sant\u00e9.<\/li>\n<li>De nombreux pr\u00e9sidents am\u00e9ricains ont d\u00e9j\u00e0 dissimul\u00e9 leurs probl\u00e8mes de sant\u00e9 au public.<\/li>\n<\/ul>\n<p class=\"ArticleParagraph_root__lhFZo ArticleContainer_content-width__FRl7F link_focus__0ZMwx link_externalicon-big__ZdPgo link_externalicon__qcwXs ArticleElement_article-element__q93eL\">L\u2019annonce du cancer de la prostate de Joe Biden, dimanche 18\u00a0mai, a provoqu\u00e9 une vague de sympathie pour l\u2019ex-pr\u00e9sident de 82\u00a0ans. Mais aussi beaucoup de questions. \u00c9tait-il malade quand il \u00e9tait \u00e0 la Maison-Blanche? Qui savait quoi? Cette d\u00e9claration est-elle li\u00e9e \u00e0 la sortie, lundi 19\u00a0mai, d\u2019un livre explosif qui raconte le d\u00e9ni de son entourage face \u00e0 son d\u00e9clin cognitif et physique?<\/p>\n<p class=\"ArticleParagraph_root__lhFZo ArticleContainer_content-width__FRl7F link_focus__0ZMwx link_externalicon-big__ZdPgo link_externalicon__qcwXs ArticleElement_article-element__q93eL\">\u00c0 l\u2019image de Donald Trump, qui s\u2019est dit \u00absurpris que le grand public n\u2019ait pas \u00e9t\u00e9 notifi\u00e9 il y a longtemps\u00bb, plusieurs \u00e9lus, personnalit\u00e9s des m\u00e9dias et professionnels de sant\u00e9 ont cri\u00e9 plus ou moins explicitement au \u00abcover up\u00bb, un mot lourd de sens au pays de Richard Nixon et du Watergate qui d\u00e9signe l\u2019\u00e9touffement d\u2019un scandale. M\u00eame des membres de l\u2019administration Biden ont \u00e9mis des doutes. \u00abIl n\u2019a pas d\u00e9velopp\u00e9 son cancer ces derniers cent ou deux cents jours\u00bb, a affirm\u00e9 Ezekiel Emanuel, qui a fait partie de l\u2019\u00e9quipe charg\u00e9e de la lutte contre la pand\u00e9mie dans le gouvernement du D\u00e9mocrate, sur la cha\u00eene de gauche MSNBC. Il est aussi le fr\u00e8re de l\u2019ancien directeur de cabinet de Barack Obama, Rahm Emanuel. \u00abIl l\u2019avait quand il \u00e9tait pr\u00e9sident, et probablement d\u00e8s le d\u00e9but de son mandat en 2021.\u00bb<\/p>\n<p>Sant\u00e9 des pr\u00e9sidents taboue<\/p>\n<p class=\"ArticleParagraph_root__lhFZo ArticleContainer_content-width__FRl7F link_focus__0ZMwx link_externalicon-big__ZdPgo link_externalicon__qcwXs ArticleElement_article-element__q93eL\">Face aux torrents de rumeurs, le bureau de l\u2019ancien pr\u00e9sident a indiqu\u00e9, mardi, dans un bref communiqu\u00e9, que son dernier d\u00e9pistage en date avant le test fatidique de la semaine derni\u00e8re remontait \u00e0 2014. \u00abCe n\u2019est pas une lacune de la part de son m\u00e9decin. Les lignes directrices officielles des \u00c9tats-Unis ne recommandent pas de r\u00e9aliser ce genre d\u2019\u00e9valuation apr\u00e8s 70\u00a0ans\u00bb en raison de r\u00e9sultats non fiables et d\u2019autres facteurs, insiste le docteur Jeffrey Kuhlman, qui fut notamment le \u00abm\u00e9decin du pr\u00e9sident\u00bb (physician to the president) de Barack Obama. Nomm\u00e9s par le chef de l\u2019\u00c9tat, les titulaires de ce poste sont charg\u00e9s de soigner le dirigeant, le vice-pr\u00e9sident et le personnel de la Maison-Blanche. Ils doivent se trouver \u00e0 cinq minutes du leader \u00e0 tout moment au cas o\u00f9.<\/p>\n<p class=\"ArticleParagraph_root__lhFZo ArticleContainer_content-width__FRl7F link_focus__0ZMwx link_externalicon-big__ZdPgo link_externalicon__qcwXs ArticleElement_article-element__q93eL\">M\u00eame si un grave souci avait \u00e9t\u00e9 d\u00e9cel\u00e9 quand <a class=\"HtmlText_root__A1OSq\" href=\"https:\/\/www.24heures.ch\/le-cancer-de-la-prostate-de-biden-a-bien-ete-diagnostique-la-semaine-passee-affirme-sa-porte-parole-330753293201\" rel=\"nofollow noopener\" target=\"_blank\">Joe Biden<\/a> \u00e9tait aux affaires, il est fort probable que le grand public ne l\u2019aurait pas su. En effet, le locataire de la Maison-Blanche n\u2019est pas tenu de publier ses bulletins de sant\u00e9 ni m\u00eame de se soumettre \u00e0 des examens. Comme n\u2019importe quel citoyen, il est prot\u00e9g\u00e9 par le secret m\u00e9dical. Et s\u2019il d\u00e9cide de partager des informations, il est libre de choisir lesquelles.<\/p>\n<p><img decoding=\"async\" src=\"https:\/\/www.europesays.com\/fr\/wp-content\/uploads\/2025\/05\/5M7vLSej4GY9JvPOb8rw-x.jpg\" alt=\"Une personne tient le livre \u00abOriginal Sin: President Biden\u2019s Decline, Its Cover-Up, and His Disastrous Choice to Run Again\u00bb, par Jake Tapper et Alex Thompson, dans une librairie \u00e0 New York, le 20 mai 2025.\" title=\"Une personne tient le livre \u00abOriginal Sin: President Biden\u2019s Decline, Its Cover-Up, and His Disastrous Choice to Run Again\u00bb, par Jake Tapper et Alex Thompson, dans une librairie \u00e0 New York, le 20 mai 2025.\" class=\"ResponsiveImage_root__ZDz10 responsive-image\" loading=\"eager\" style=\"background-color:#AD774E\"\/><\/p>\n<p>Le livre-choc \u00abOriginal Sin\u00bb, paru ce 20\u00a0mai aux \u00c9tats-Unis, r\u00e9v\u00e8le comment l\u2019entourage de Joe Biden a tent\u00e9 de cacher son \u00e9tat de sant\u00e9 et ses difficult\u00e9s cognitives pendant la campagne pr\u00e9sidentielle de 2024.<\/p>\n<p>AFP<\/p>\n<p class=\"ArticleParagraph_root__lhFZo ArticleContainer_content-width__FRl7F link_focus__0ZMwx link_externalicon-big__ZdPgo link_externalicon__qcwXs ArticleElement_article-element__q93eL\">Seules les situations o\u00f9 le patient exhibe l\u2019intention de s\u2019automutiler ou d\u2019infliger du mal \u00e0 autrui pousseraient son m\u00e9decin \u00e0 intervenir. \u00abSi cela se produisait, ou qu\u2019il se mettait \u00e0 avoir des hallucinations, entendre des voix, parler du diable ou avoir une crise de ce genre, je contacterais les principaux conseillers du pr\u00e9sident et son conjoint, pour m\u2019assurer qu\u2019il est pris en charge. Je n\u2019irais certainement pas en parler \u00e0 la t\u00e9l\u00e9vision!\u00bb, reprend Jeffrey Kuhlman. Il indique toutefois que la proc\u00e9dure \u00e0 suivre dans un tel sc\u00e9nario n\u2019est pas \u00abcodifi\u00e9e\u00bb dans la loi.<\/p>\n<p class=\"ArticleParagraph_root__lhFZo ArticleContainer_content-width__FRl7F link_focus__0ZMwx link_externalicon-big__ZdPgo link_externalicon__qcwXs ArticleElement_article-element__q93eL\">Aucune obligation ne p\u00e8se non plus sur les candidats \u00e0 la fonction supr\u00eame. En effet, la Constitution am\u00e9ricaine ne fixe que des crit\u00e8res d\u2019\u00e2ge, de citoyennet\u00e9 et de r\u00e9sidence pour se pr\u00e9senter. Pas de sant\u00e9.<\/p>\n<p class=\"ArticleParagraph_root__lhFZo ArticleContainer_content-width__FRl7F link_focus__0ZMwx link_externalicon-big__ZdPgo link_externalicon__qcwXs ArticleElement_article-element__q93eL\">Dans l\u2019histoire de la pr\u00e9sidence, les cas de dissimulation ont \u00e9t\u00e9 nombreux. John F.\u00a0Kennedy et Franklin D.\u00a0Roosevelt \u00e9taient malades pendant leurs mandats respectifs \u2013 le second est mort moins d\u2019un mois apr\u00e8s sa quatri\u00e8me investiture. Que dire de Woodrow Wilson, remplac\u00e9 officieusement par sa femme, Edith, apr\u00e8s un accident vasculaire c\u00e9r\u00e9bral en 1919? Ou de Grover Cleveland, un grand fumeur qui a subi en 1893 un remplacement de m\u00e2choire dans le plus grand secret, \u00e0 bord d\u2019un yacht, pour \u00e9viter d\u2019\u00eatre vu \u00e0 l\u2019h\u00f4pital? Il avait pr\u00e9text\u00e9 une sortie de p\u00eache pour ne pas \u00e9veiller les soup\u00e7ons. L\u2019histoire n\u2019avait \u00e9t\u00e9 r\u00e9v\u00e9l\u00e9e que vingt ans plus tard.<\/p>\n<p>Transparence totale pas souhait\u00e9e<\/p>\n<p class=\"ArticleParagraph_root__lhFZo ArticleContainer_content-width__FRl7F link_focus__0ZMwx link_externalicon-big__ZdPgo link_externalicon__qcwXs ArticleElement_article-element__q93eL\">Comme Joe Biden, l\u2019occupant le plus \u00e2g\u00e9 de l\u2019histoire du bureau ovale, la situation de Donald Trump a aliment\u00e9 les suspicions. En 2018, son ancien docteur a r\u00e9v\u00e9l\u00e9 que le milliardaire, qui aura 79\u00a0ans en juin, lui avait dict\u00e9 une note, partag\u00e9e pendant la campagne de 2016, dans laquelle il d\u00e9crivait sa sant\u00e9 comme \u00ab\u00e9tonnamment exceptionnelle\u00bb. Pendant son premier mandat, son m\u00e9decin, Ronny Jackson, devenu depuis d\u00e9put\u00e9 r\u00e9publicain, a utilis\u00e9 la m\u00eame hyperbole, affirmant en 2018 qu\u2019il avait des \u00abg\u00e8nes incroyablement bons, et c\u2019est simplement comme \u00e7a que Dieu l\u2019a cr\u00e9\u00e9\u00bb. Deux ans plus tard, la Maison-Blanche tentait de masquer la gravit\u00e9 de son \u00e9tat de sant\u00e9 sur fond d\u2019hospitalisation pour cause de Covid. Ses facult\u00e9s mentales ont \u00e9galement \u00e9t\u00e9 questionn\u00e9es.<\/p>\n<p class=\"ArticleParagraph_root__lhFZo ArticleContainer_content-width__FRl7F link_focus__0ZMwx link_externalicon-big__ZdPgo link_externalicon__qcwXs ArticleElement_article-element__q93eL\">Le bio\u00e9thicien Jacob Appel n\u2019a \u00abpas confiance du tout\u00bb dans les informations m\u00e9dicales partag\u00e9es par les pr\u00e9sidents. Mais il n\u2019est pas non plus favorable \u00e0 une transparence absolue: \u00abS\u2019ils sont oblig\u00e9s de tout divulguer, ils risquent de ne plus aller aux rendez-vous m\u00e9dicaux ou une \u00e9ventuelle maladie pourrait \u00eatre utilis\u00e9e contre eux par des puissances ennemies.\u00bb<\/p>\n<p class=\"ArticleParagraph_root__lhFZo ArticleContainer_content-width__FRl7F link_focus__0ZMwx link_externalicon-big__ZdPgo link_externalicon__qcwXs ArticleElement_article-element__q93eL\">Il craint \u00e9galement que le grand public \u00abne sache pas traiter ces informations\u00bb. \u00abComment interpr\u00e9ter, par exemple, la prise de m\u00e9dicaments contre le cholest\u00e9rol ou la tension art\u00e9rielle? Sans contexte, il est difficile d\u2019arriver \u00e0 une conclusion logique, dit-il. Par ailleurs, on ne peut juger un pr\u00e9sident avec les m\u00eames standards qu\u2019un individu ordinaire. En effet, on demande \u00e0 nos leaders d\u2019avoir un sens du jugement et de la perspective. S\u2019il a des probl\u00e8mes de m\u00e9moire de court terme, ce n\u2019est pas grave car il a des \u00e9quipes qui l\u2019aident \u00e0 suivre les dossiers.\u00bb Et ce n\u2019est pas le climat d\u2019hyst\u00e9risation du d\u00e9bat public r\u00e9gnant outre-Atlantique qui permettrait une discussion apais\u00e9e et nuanc\u00e9e sur ce sujet sensible.<\/p>\n<p class=\"DynamicTeaser_boxtitle__B6piN\">Plus d\u2019actualit\u00e9s sur les \u00c9tats-Unis<\/p>\n<p>Newsletter<\/p>\n<p>\u00abDerni\u00e8res nouvelles\u00bb<\/p>\n<p>Vous voulez rester au top de l\u2019info? \u00ab24 heures\u00bb vous propose deux rendez-vous par jour, directement dans votre bo\u00eete e-mail. Pour ne rien rater de ce qui se passe dans votre Canton, en Suisse ou dans le monde.<\/p>\n<p><a class=\"NewsletterBox_more__FNemz link_underlinelink__K5Zr0\" href=\"https:\/\/www.24heures.ch\/nos-newsletters\" rel=\"nofollow noopener\" target=\"_blank\">Autres newsletters<\/a><\/p>\n<p>Se connecter<\/p>\n<p class=\"Feedback_root__fr_Mi ArticleContainer_content-width__FRl7F\">Vous avez trouv\u00e9 une erreur?<a href=\"mailto:tes_correction@tamedia.ch?subject=Avis%20d'erreur%20%7C%20Alexis%20Buisson%20%7C%20Le%20manque%20de%20transparence%20autour%20de%20la%20sant%C3%A9%20de%20Biden%20fait%20pol%C3%A9mique&amp;body=J'ai%20trouv%C3%A9%20une%20erreur%20dans%20cet%20article%3A%20https%3A%2F%2Fwww.24heures.ch%2Fusa-le-peu-de-transparence-sur-la-sante-de-biden-fait-polemique-776828549226\" class=\"Feedback_feedbacklink__VyDCi link_underlinelink__K5Zr0\">Merci de nous la signaler.<\/a><\/p>\n<p>0 commentaires<\/p>\n","protected":false},"excerpt":{"rendered":"AboScandale aux \u00c9tats-Unis \u2013 Le manque de transparence autour de la sant\u00e9 de Biden fait pol\u00e9mique Joe Biden&hellip;\n","protected":false},"author":2,"featured_media":117451,"comment_status":"","ping_status":"","sticky":false,"template":"","format":"standard","meta":{"footnotes":""},"categories":[1589],"tags":[11,73,1866,12,2300,1864,1865,1863,308],"class_list":{"0":"post-117450","1":"post","2":"type-post","3":"status-publish","4":"format-standard","5":"has-post-thumbnail","7":"category-etats-unis","8":"tag-actualites","9":"tag-etats-unis","10":"tag-etats-unis-damerique","11":"tag-news","12":"tag-stats-seo","13":"tag-united-states","14":"tag-united-states-of-america","15":"tag-us","16":"tag-usa"},"share_on_mastodon":{"url":"https:\/\/pubeurope.com\/@fr\/114547135834144112","error":""},"_links":{"self":[{"href":"https:\/\/www.europesays.com\/fr\/wp-json\/wp\/v2\/posts\/117450","targetHints":{"allow":["GET"]}}],"collection":[{"href":"https:\/\/www.europesays.com\/fr\/wp-json\/wp\/v2\/posts"}],"about":[{"href":"https:\/\/www.europesays.com\/fr\/wp-json\/wp\/v2\/types\/post"}],"author":[{"embeddable":true,"href":"https:\/\/www.europesays.com\/fr\/wp-json\/wp\/v2\/users\/2"}],"replies":[{"embeddable":true,"href":"https:\/\/www.europesays.com\/fr\/wp-json\/wp\/v2\/comments?post=117450"}],"version-history":[{"count":0,"href":"https:\/\/www.europesays.com\/fr\/wp-json\/wp\/v2\/posts\/117450\/revisions"}],"wp:featuredmedia":[{"embeddable":true,"href":"https:\/\/www.europesays.com\/fr\/wp-json\/wp\/v2\/media\/117451"}],"wp:attachment":[{"href":"https:\/\/www.europesays.com\/fr\/wp-json\/wp\/v2\/media?parent=117450"}],"wp:term":[{"taxonomy":"category","embeddable":true,"href":"https:\/\/www.europesays.com\/fr\/wp-json\/wp\/v2\/categories?post=117450"},{"taxonomy":"post_tag","embeddable":true,"href":"https:\/\/www.europesays.com\/fr\/wp-json\/wp\/v2\/tags?post=117450"}],"curies":[{"name":"wp","href":"https:\/\/api.w.org\/{rel}","templated":true}]}}