{"id":117454,"date":"2025-05-21T18:03:08","date_gmt":"2025-05-21T18:03:08","guid":{"rendered":"https:\/\/www.europesays.com\/fr\/117454\/"},"modified":"2025-05-21T18:03:08","modified_gmt":"2025-05-21T18:03:08","slug":"allemagne-egypte-irlande-apres-les-tirs-en-cisjordanie-israel-sattire-les-foudres-de-nombreux-pays","status":"publish","type":"post","link":"https:\/\/www.europesays.com\/fr\/117454\/","title":{"rendered":"Allemagne, \u00c9gypte, Irlande&#8230; Apr\u00e8s les tirs en Cisjordanie, Isra\u00ebl s\u2019attire les foudres de nombreux pays"},"content":{"rendered":"<p>L\u2019arm\u00e9e isra\u00e9lienne a affirm\u00e9 qu\u2019il s\u2019agissait de tirs de sommation apr\u00e8s que des diplomates ont \u00abd\u00e9vi\u00e9 de l\u2019itin\u00e9raire approuv\u00e9\u00bb pour une visite organis\u00e9e par l\u2019Autorit\u00e9 palestinienne \u00e0 J\u00e9nine, en Cisjordanie occup\u00e9e.<\/p>\n<p class=\"fig-paragraph\">Le ministre des Affaires \u00e9trang\u00e8res\u00a0<a href=\"http:\/\/www.lefigaro.fr\/politique\/a-nantes-jean-noel-barrot-tente-la-pedagogie-sur-le-conflit-russo-ukrainien-devant-des-lyceens-20250310\" target=\"_blank\" data-fig-type=\"Article\" rel=\"noopener nofollow\" data-gtm-custom-categorie=\"navigation\" data-gtm-custom-action=\"crossclick\" data-gtm-custom-label=\"Contextuel\" data-gtm-event=\"customEventSPE\" data-fig-domain=\"LEFIGARO\">Jean-No\u00ebl Barrot\u00a0<\/a>a annonc\u00e9 convoquer l\u2019ambassadeur d\u2019Isra\u00ebl apr\u00e8s des\u00a0<a href=\"http:\/\/www.lefigaro.fr\/international\/conflit-hamas-israel-l-autorite-palestinienne-accuse-des-soldats-israeliens-d-avoir-tire-sur-des-diplomates-20250521\" target=\"_blank\" data-fig-type=\"NewsFlash\" rel=\"noopener nofollow\" data-gtm-custom-categorie=\"navigation\" data-gtm-custom-action=\"crossclick\" data-gtm-custom-label=\"Contextuel\" data-gtm-event=\"customEventSPE\" data-fig-domain=\"LEFIGARO\">tirs \u00abinacceptables\u00bb de l\u2019arm\u00e9e isra\u00e9lienne en Cisjordanie<\/a>\u00a0contre des diplomates, dont un Fran\u00e7ais. \u00abUne visite \u00e0 J\u00e9nine, \u00e0 laquelle participait un de nos diplomates, a essuy\u00e9 des tirs de soldats isra\u00e9liens. C\u2019est inacceptable. L\u2019ambassadeur d\u2019Isra\u00ebl sera convoqu\u00e9 pour s\u2019expliquer. Plein soutien \u00e0 nos agents sur place et leur travail remarquable dans des conditions \u00e9prouvantes\u00bb, a \u00e9crit le ministre sur X.<\/p>\n<p class=\"fig-paragraph\">L\u2019arm\u00e9e isra\u00e9lienne a affirm\u00e9 qu\u2019il s\u2019agissait de tirs de sommation apr\u00e8s que des diplomates ont \u00abd\u00e9vi\u00e9 de l\u2019itin\u00e9raire approuv\u00e9\u00bb pour une visite organis\u00e9e par\u00a0<a href=\"http:\/\/www.lefigaro.fr\/international\/ils-nous-torturent-et-s-amusent-a-nous-humilier-a-jenine-l-autorite-palestinienne-s-efforce-de-reprendre-la-main-20250111\" target=\"_blank\" data-fig-type=\"Article\" rel=\"noopener nofollow\" data-gtm-custom-categorie=\"navigation\" data-gtm-custom-action=\"crossclick\" data-gtm-custom-label=\"Contextuel\" data-gtm-event=\"customEventSPE\" data-fig-domain=\"LEFIGARO\">l\u2019Autorit\u00e9 palestinienne<\/a>\u00a0\u00e0 J\u00e9nine, en Cisjordanie occup\u00e9e.<\/p>\n<p>Dublin, Le Caire et Berlin d\u00e9noncent les tirs<\/p>\n<p class=\"fig-paragraph\">Le ministre irlandais des Affaires \u00e9trang\u00e8res,<a href=\"http:\/\/www.lefigaro.fr\/international\/simon-harris-le-plus-jeune-taoiseach-a-la-tete-de-l-irlande-20240409\" target=\"_blank\" data-fig-type=\"Article\" rel=\"noopener nofollow\" data-gtm-custom-categorie=\"navigation\" data-gtm-custom-action=\"crossclick\" data-gtm-custom-label=\"Contextuel\" data-gtm-event=\"customEventSPE\" data-fig-domain=\"LEFIGARO\">\u00a0Simon Harris<\/a>, a \u00e9galement condamn\u00e9 \u00abavec la plus grande fermet\u00e9\u00bb les tirs isra\u00e9liens. Deux Irlandais se trouvaient dans le groupe de diplomate. \u00abJe suis choqu\u00e9 et constern\u00e9 par les informations qui indiquent que l\u2019arm\u00e9e isra\u00e9lienne a tir\u00e9 aujourd\u2019hui (mercredi) \u00e0 proximit\u00e9 d\u2019un groupe de diplomates en visite \u00e0 J\u00e9nine, dont deux diplomates irlandais en poste \u00e0 Ramallah. (&#8230;) C\u2019est totalement inacceptable et je le condamne avec la plus grande fermet\u00e9\u00bb, a d\u00e9clar\u00e9 Simon Harris.<\/p>\n<p class=\"fig-paragraph\"><a href=\"http:\/\/www.lefigaro.fr\/international\/en-egypte-emmanuel-macron-denonce-une-situation-intenable-a-gaza-20250408\" target=\"_blank\" data-fig-type=\"Article\" rel=\"noopener nofollow\" data-gtm-custom-categorie=\"navigation\" data-gtm-custom-action=\"crossclick\" data-gtm-custom-label=\"Contextuel\" data-gtm-event=\"customEventSPE\" data-fig-domain=\"LEFIGARO\">L\u2019\u00c9gypte<\/a>\u00a0s\u2019est aussi exprim\u00e9 pour d\u00e9noncer \u00abdans les termes les plus forts\u00bb les tirs en Cisjordanie. Le pays \u00abexige qu\u2019Isra\u00ebl fournisse toutes les clarifications n\u00e9cessaires\u00bb sur les circonstances de \u00abcet incident contraire \u00e0 toutes les normes diplomatiques\u00bb, a d\u00e9clar\u00e9 le minist\u00e8re des Affaires \u00e9trang\u00e8res dans un communiqu\u00e9 pr\u00e9cisant que l\u2019ambassadeur \u00e9gyptien \u00e0 Ramallah faisait partie de la d\u00e9l\u00e9gation.<\/p>\n<p class=\"fig-paragraph\">\u00c0\u00a0<a href=\"http:\/\/www.lefigaro.fr\/histoire\/8-mai-1945-le-jour-ou-le-marechal-keitel-signa-a-berlin-la-capitulation-totale-et-sans-condition-de-l-allemagne-20250330\" target=\"_blank\" data-fig-type=\"Article\" rel=\"noopener nofollow\" data-gtm-custom-categorie=\"navigation\" data-gtm-custom-action=\"crossclick\" data-gtm-custom-label=\"Contextuel\" data-gtm-event=\"customEventSPE\" data-fig-domain=\"LEFIGARO\">Berlin<\/a>, le minist\u00e8re allemand des Affaires \u00e9trang\u00e8res a \u00abcondamn\u00e9 fermement\u00bb l\u2019action isra\u00e9lienne. Un repr\u00e9sentant allemand \u00e9tait pr\u00e9sent sur les lieux vis\u00e9s. \u00abLe gouvernement isra\u00e9lien doit imm\u00e9diatement faire la lumi\u00e8re sur les circonstances et respecter l\u2019inviolabilit\u00e9 des diplomates. C\u2019est ce que le ministre des Affaires \u00e9trang\u00e8res, Johann Wadephul, exprimera \u00e9galement \u00e0 son homologue isra\u00e9lien\u00bb, \u00e9crit le minist\u00e8re dans un communiqu\u00e9.<\/p>\n<p>Des convocations au Portugal et en Espagne, une enqu\u00eate en Turquie<\/p>\n<p class=\"fig-paragraph\"><a href=\"http:\/\/www.lefigaro.fr\/international\/il-a-piege-l-opposition-au-portugal-le-premier-ministre-sortant-veut-consolider-sa-majorite-dans-les-urnes-20250516\" target=\"_blank\" data-fig-type=\"Article\" rel=\"noopener nofollow\" data-gtm-custom-categorie=\"navigation\" data-gtm-custom-action=\"crossclick\" data-gtm-custom-label=\"Contextuel\" data-gtm-event=\"customEventSPE\" data-fig-domain=\"LEFIGARO\">Le Portugal<\/a>\u00a0a convoqu\u00e9 l\u2019ambassadeur d\u2019Isra\u00ebl, a annonc\u00e9 ce mercredi le ministre portugais des Affaires \u00e9trang\u00e8res. \u00abSuite \u00e0 cet incident, qui remet en question le droit international, l\u2019ambassadeur d\u2019Isra\u00ebl au Portugal a d\u00e9j\u00e0 \u00e9t\u00e9 convoqu\u00e9\u00bb, indique dans un communiqu\u00e9 le minist\u00e8re, qui \u00abcondamne fermement\u00bb ces tirs, pr\u00e9cisant qu\u2019un Portugais figurait dans le groupe de diplomates \u00e9trangers.<\/p>\n<p class=\"fig-paragraph\"><a href=\"http:\/\/www.lefigaro.fr\/international\/israel-decide-de-couper-le-lien-entre-le-consulat-d-espagne-a-jerusalem-et-les-palestiniens-20240524\" target=\"_blank\" data-fig-type=\"NewsFlash\" rel=\"noopener nofollow\" data-gtm-custom-categorie=\"navigation\" data-gtm-custom-action=\"crossclick\" data-gtm-custom-label=\"Contextuel\" data-gtm-event=\"customEventSPE\" data-fig-domain=\"LEFIGARO\">Faute d\u2019ambassadeur<\/a>\u00a0actuellement en poste dans le pays, l\u2019Espagne compte convoquer le charg\u00e9 d\u2019affaires de l\u2019ambassade d\u2019Isra\u00ebl \u00e0 Madrid. \u00abDevant les tirs intol\u00e9rables de l\u2019arm\u00e9e isra\u00e9lienne lors de la visite de diplomates espagnols, de l\u2019UE et d\u2019autres pays, nous convoquons le responsable de l\u2019ambassade d\u2019Isra\u00ebl \u00e0 Madrid exigeons des \u00e9claircissements et des responsabilit\u00e9s\u00bb, a d\u00e9clar\u00e9 le ministre espagnol des Affaires \u00e9trang\u00e8res, Jos\u00e9 Manuel Albares sur X.<\/p>\n<p class=\"fig-paragraph\">De son c\u00f4t\u00e9,\u00a0<a href=\"http:\/\/www.lefigaro.fr\/international\/trois-ans-apres-l-echec-des-negociations-en-turquie-vers-une-nouvelle-rencontre-poutine-zelensky-20250512\" target=\"_blank\" data-fig-type=\"Article\" rel=\"noopener nofollow\" data-gtm-custom-categorie=\"navigation\" data-gtm-custom-action=\"crossclick\" data-gtm-custom-label=\"Contextuel\" data-gtm-event=\"customEventSPE\" data-fig-domain=\"LEFIGARO\">la Turquie<\/a>\u00a0a r\u00e9clam\u00e9 une \u00abenqu\u00eate\u00bb imm\u00e9diate selon le minist\u00e8re des Affaires \u00e9trang\u00e8res. \u00abCette attaque doit faire l\u2019objet d\u2019une enqu\u00eate sans d\u00e9lai et les auteurs doivent rendre des comptes\u00bb, indique le minist\u00e8re dans un communiqu\u00e9, pr\u00e9cisant qu\u2019un \u00abemploy\u00e9 du Consulat g\u00e9n\u00e9ral de Turquie \u00e0 J\u00e9rusalem\u00bb se trouvait avec le groupe.<\/p>\n<p class=\"fig-paragraph\">L\u2019ONU a \u00e9galement d\u00e9nonc\u00e9 une situation \u00abinacceptable\u00bb.<\/p>\n","protected":false},"excerpt":{"rendered":"L\u2019arm\u00e9e isra\u00e9lienne a affirm\u00e9 qu\u2019il s\u2019agissait de tirs de sommation apr\u00e8s que des diplomates ont \u00abd\u00e9vi\u00e9 de l\u2019itin\u00e9raire&hellip;\n","protected":false},"author":2,"featured_media":117455,"comment_status":"","ping_status":"","sticky":false,"template":"","format":"standard","meta":{"footnotes":""},"categories":[1587],"tags":[259,11,260,672,1804,2486,1805,1803,1777,674,1801,14,664,261,12,3518,262,1802],"class_list":{"0":"post-117454","1":"post","2":"type-post","3":"status-publish","4":"format-standard","5":"has-post-thumbnail","7":"category-allemagne","8":"tag-actualite-internationale","9":"tag-actualites","10":"tag-affaires-etrangeres","11":"tag-allemagne","12":"tag-bundesrepublik-deutschland","13":"tag-cisjordanie","14":"tag-de","15":"tag-deutschland","16":"tag-eu","17":"tag-europe","18":"tag-germany","19":"tag-international","20":"tag-israel","21":"tag-ministere-des-affaires-etrangeres","22":"tag-news","23":"tag-palestine","24":"tag-politique-etrangere","25":"tag-republique-federale-dallemagne"},"share_on_mastodon":{"url":"https:\/\/pubeurope.com\/@fr\/114547143666588404","error":""},"_links":{"self":[{"href":"https:\/\/www.europesays.com\/fr\/wp-json\/wp\/v2\/posts\/117454","targetHints":{"allow":["GET"]}}],"collection":[{"href":"https:\/\/www.europesays.com\/fr\/wp-json\/wp\/v2\/posts"}],"about":[{"href":"https:\/\/www.europesays.com\/fr\/wp-json\/wp\/v2\/types\/post"}],"author":[{"embeddable":true,"href":"https:\/\/www.europesays.com\/fr\/wp-json\/wp\/v2\/users\/2"}],"replies":[{"embeddable":true,"href":"https:\/\/www.europesays.com\/fr\/wp-json\/wp\/v2\/comments?post=117454"}],"version-history":[{"count":0,"href":"https:\/\/www.europesays.com\/fr\/wp-json\/wp\/v2\/posts\/117454\/revisions"}],"wp:featuredmedia":[{"embeddable":true,"href":"https:\/\/www.europesays.com\/fr\/wp-json\/wp\/v2\/media\/117455"}],"wp:attachment":[{"href":"https:\/\/www.europesays.com\/fr\/wp-json\/wp\/v2\/media?parent=117454"}],"wp:term":[{"taxonomy":"category","embeddable":true,"href":"https:\/\/www.europesays.com\/fr\/wp-json\/wp\/v2\/categories?post=117454"},{"taxonomy":"post_tag","embeddable":true,"href":"https:\/\/www.europesays.com\/fr\/wp-json\/wp\/v2\/tags?post=117454"}],"curies":[{"name":"wp","href":"https:\/\/api.w.org\/{rel}","templated":true}]}}