{"id":117475,"date":"2025-05-21T18:16:08","date_gmt":"2025-05-21T18:16:08","guid":{"rendered":"https:\/\/www.europesays.com\/fr\/117475\/"},"modified":"2025-05-21T18:16:08","modified_gmt":"2025-05-21T18:16:08","slug":"tdf-tour-de-france-jasper-philipsen-la-21e-etape-cest-dommage-de-changer","status":"publish","type":"post","link":"https:\/\/www.europesays.com\/fr\/117475\/","title":{"rendered":"TDF. Tour de France &#8211; Jasper Philipsen : \u00abLa 21e \u00e9tape ? C&rsquo;est dommage de changer&#8230;\u00bb"},"content":{"rendered":"<p>Depuis l&rsquo;annonce du trac\u00e9 de la derni\u00e8re \u00e9tape du prochain\u00a0<strong><a href=\"https:\/\/www.cyclismactu.net\/..\/news-tdf-route-tour-de-france-wout-van-aert-montmartre-pas-fan-m-attends-un-chaos-87973.html\" target=\"_blank\" rel=\"noopener\">Tour de France<\/a><\/strong>\u00a0ce mercredi, les r\u00e9actions s&rsquo;encha\u00eenent. Apr\u00e8s <strong><a href=\"https:\/\/www.cyclismactu.net\/..\/news-tour-de-france-route-jonas-vingegaard-tadej-pogacar-c-est-impressionnant-mais-87945.html\" target=\"_blank\" rel=\"noopener\">Jonas Vingegaard<\/a><\/strong> et <strong><a href=\"https:\/\/www.cyclismactu.net\/..\/news-tour-de-france-route-wout-van-aert-montmartre-pas-fan-m-attends-un-chaos-87973.html\" target=\"_blank\" rel=\"noopener\">Wout Van Aert<\/a> <\/strong>(Team Visma | Lease a Bike) qui se sont oppos\u00e9s \u00e0 ce changement de parcours, c&rsquo;est d\u00e9sormais au tour de <strong>Japser Philipsen<\/strong> (Alpecin-Deceuninck) de prendre position sur la triple ascension de la rue Lepic pour <a href=\"https:\/\/www.lequipe.fr\/Cyclisme-sur-route\/Actualites\/-cela-ne-veut-pas-dire-qu-un-sprinteur-ne-peut-plus-gagner-jasper-philipsen-ne-craint-pas-le-nouveau-trace-de-la-derniere-etape-du-tour-de-france\/1563575\" target=\"_blank\" rel=\"noopener\">L\u2019\u00c9quipe<\/a>. Vainqueur sur les Champs-Elys\u00e9es en 2022, l&rsquo;ancien maillot vert du <strong>Tour de France<\/strong>\u00a0voit ses plans bouscul\u00e9s par ce nouveau trac\u00e9, mais n&rsquo;exclut pas d&rsquo;y jouer la victoire malgr\u00e9 une course qui sera, de toute \u00e9vidence, plus exigeante.<\/p>\n<p>Vid\u00e9o &#8211; Les ambitions de Jasper Philipsen sur le Tour de France Lire la suite de l&rsquo;article&#13;<\/p>\n<p>\u00a0<\/p>\n<p>&#13;<br \/>\n<strong>\u00ab\u00a0Je ne vois pas une raison de la modifier\u00a0\u00bb<\/strong>&#13;<\/p>\n<p>Habitu\u00e9 \u00e0 jouer les premiers r\u00f4les sur la traditionnelle derni\u00e8re \u00e9tape sur les Champs-Elys\u00e9es, <strong>Jasper Philipsen<\/strong>\u00a0d\u00e9plore ce changement de plan : \u00ab\u00a0En tant que sprinteur, c&rsquo;est clairement dommage de voir cette \u00e9tape changer, c&rsquo;\u00e9tait devenu une magnifique tradition. Personnellement, je ne vois pas une raison claire de la modifier, mais j&rsquo;ai confiance dans le fait qu&rsquo;ASO a des motivations valides et r\u00e9fl\u00e9chies.\u00a0\u00bb<\/p>\n<p>&#13;<\/p>\n<p>N\u00e9anmoins, le sprinteur de la formation <strong>Alpecin-Deceuninck<\/strong>\u00a0n&rsquo;exclut pas la possibilit\u00e9 de jouer la victoire malgr\u00e9 la complexit\u00e9 du trac\u00e9 : \u00ab\u00a0Avec ce nouveau trac\u00e9, l&rsquo;\u00e9tape va devenir significativement plus exigeante pour les sprinteurs, tout simplement parce qu&rsquo;il y aura davantage de coureurs capables de la gagner.\u00a0Mais cela ne veut pas dire qu&rsquo;un sprinteur ne peut plus la gagner. Un facteur important avant cette derni\u00e8re \u00e9tape sera le classement et les \u00e9carts de temps entre les protagonistes du g\u00e9n\u00e9ral.\u00a0Si tout reste serr\u00e9, le niveau de stress dans le peloton va clairement augmenter, surtout \u00e0 l&rsquo;approche de Montmartre.\u00a0\u00bb<\/p>\n","protected":false},"excerpt":{"rendered":"Depuis l&rsquo;annonce du trac\u00e9 de la derni\u00e8re \u00e9tape du prochain\u00a0Tour de France\u00a0ce mercredi, les r\u00e9actions s&rsquo;encha\u00eenent. Apr\u00e8s Jonas&hellip;\n","protected":false},"author":2,"featured_media":117476,"comment_status":"","ping_status":"","sticky":false,"template":"","format":"standard","meta":{"footnotes":""},"categories":[1411],"tags":[1154,207,211,1011,27,209,60,210,212,208,213],"class_list":{"0":"post-117475","1":"post","2":"type-post","3":"status-publish","4":"format-standard","5":"has-post-thumbnail","7":"category-cyclisme","8":"tag-cycling","9":"tag-cyclisme","10":"tag-ffc","11":"tag-fr","12":"tag-france","13":"tag-route","14":"tag-sports","15":"tag-tour-de-france","16":"tag-uci","17":"tag-velo","18":"tag-world-tour"},"share_on_mastodon":{"url":"https:\/\/pubeurope.com\/@fr\/114547194796428053","error":""},"_links":{"self":[{"href":"https:\/\/www.europesays.com\/fr\/wp-json\/wp\/v2\/posts\/117475","targetHints":{"allow":["GET"]}}],"collection":[{"href":"https:\/\/www.europesays.com\/fr\/wp-json\/wp\/v2\/posts"}],"about":[{"href":"https:\/\/www.europesays.com\/fr\/wp-json\/wp\/v2\/types\/post"}],"author":[{"embeddable":true,"href":"https:\/\/www.europesays.com\/fr\/wp-json\/wp\/v2\/users\/2"}],"replies":[{"embeddable":true,"href":"https:\/\/www.europesays.com\/fr\/wp-json\/wp\/v2\/comments?post=117475"}],"version-history":[{"count":0,"href":"https:\/\/www.europesays.com\/fr\/wp-json\/wp\/v2\/posts\/117475\/revisions"}],"wp:featuredmedia":[{"embeddable":true,"href":"https:\/\/www.europesays.com\/fr\/wp-json\/wp\/v2\/media\/117476"}],"wp:attachment":[{"href":"https:\/\/www.europesays.com\/fr\/wp-json\/wp\/v2\/media?parent=117475"}],"wp:term":[{"taxonomy":"category","embeddable":true,"href":"https:\/\/www.europesays.com\/fr\/wp-json\/wp\/v2\/categories?post=117475"},{"taxonomy":"post_tag","embeddable":true,"href":"https:\/\/www.europesays.com\/fr\/wp-json\/wp\/v2\/tags?post=117475"}],"curies":[{"name":"wp","href":"https:\/\/api.w.org\/{rel}","templated":true}]}}