{"id":117479,"date":"2025-05-21T18:18:14","date_gmt":"2025-05-21T18:18:14","guid":{"rendered":"https:\/\/www.europesays.com\/fr\/117479\/"},"modified":"2025-05-21T18:18:14","modified_gmt":"2025-05-21T18:18:14","slug":"karine-le-marchand-annonce-se-mettre-en-retrait-de-certaines-de-ses-activites-mediatiques","status":"publish","type":"post","link":"https:\/\/www.europesays.com\/fr\/117479\/","title":{"rendered":"Karine Le Marchand annonce se mettre en retrait de certaines de ses activit\u00e9s m\u00e9diatiques"},"content":{"rendered":"<p>Dans une story post\u00e9e sur son compte Instagram, Karine Le Marchand s&rsquo;est exprim\u00e9e \u00e0 propos de sa carri\u00e8re et de ses activit\u00e9s li\u00e9es \u00e0 M6. L&rsquo;animatrice de L&rsquo;amour est dans le pr\u00e9 et La France a un incroyable talent a notamment expliqu\u00e9 vouloir lever le pied.<\/p>\n<p>Elle est de tous les rendez-vous\u00a0! Sur M6, <a href=\"https:\/\/www.programme-tv.net\/biographie\/491-le-marchand-karine\/\" data-api-deeplink=\"teleloisirs:\/\/person\/491\" target=\"_blank\" rel=\"noopener\">Karine Le Marchand<\/a> ne ch\u00f4me pas en tant qu&rsquo;animatrice de L&rsquo;amour est dans le pr\u00e9 dont <a href=\"https:\/\/www.programme-tv.net\/news\/tv\/379253-situation-exceptionnelle-cette-annee-karine-le-marchand-et-la-production-de-l-amour-est-dans-le-pre-prennent-une-grande-decision-pour-aider-un-agriculteur\/\" data-api-deeplink=\"teleloisirs:\/\/news\/379253\" target=\"_blank\" rel=\"noopener\">la saison 20 est en cours de pr\u00e9paration<\/a>, tout comme <a href=\"https:\/\/www.programme-tv.net\/news\/tv\/379046-exclu-l-amour-est-dans-le-pre-karine-le-marchand-revele-beaucoup-de-bouleversements-depuis-le-bilan-de-la-saison-19\/\" data-api-deeplink=\"teleloisirs:\/\/news\/379046\" target=\"_blank\" rel=\"noopener\">un Que sont-ils devenus\u00a0? \u00e0 propos des agriculteurs de la pr\u00e9c\u00e9dente \u00e9dition<\/a>, ainsi que de La France a un incroyable talent qui aura le droit cette ann\u00e9e <a href=\"https:\/\/www.programme-tv.net\/news\/tv\/378273-une-premiere-dans-la-france-a-un-incroyable-talent-m6-annonce-une-grande-nouveaute-pour-la-prochaine-saison\/\" data-api-deeplink=\"teleloisirs:\/\/news\/378273\" target=\"_blank\" rel=\"noopener\">\u00e0 un prime sp\u00e9cial<\/a>. Le 1er\u00a0juin prochain, elle remplacera \u00e9galement <a href=\"https:\/\/www.programme-tv.net\/biographie\/259609-meunier-ophelie\/\" data-link-people=\"ab796da3-b8f0-407c-837d-6423fdcfa7a8\" target=\"_blank\" rel=\"noopener\">Oph\u00e9lie Meunier<\/a> et <a href=\"https:\/\/www.programme-tv.net\/biographie\/2230-courbet-julien\/\" data-link-people=\"b07232ed-43a6-4b7d-9a2d-7c07a8b2ddff\" target=\"_blank\" rel=\"noopener\">Julien Courbet<\/a> sur la case du dimanche soir pour incarner le huiti\u00e8me num\u00e9ro d&rsquo;<a href=\"https:\/\/www.programme-tv.net\/news\/tv\/378785-une-ambition-intime-familles-maladies-combats-ce-que-vous-allez-apprendre-sur-jordan-bardella-gerald-darmanin-sandrine-rousseau-et-fabien-roussel\/\" data-api-deeplink=\"teleloisirs:\/\/news\/378785\" target=\"_blank\" rel=\"noopener\">Une ambition intime<\/a>.<\/p>\n<p>\u00ab\u00a0Je vais \u00eatre bien expos\u00e9e\u00a0\u00bb\u00a0: Karine Le Marchand dresse le bilan de son ann\u00e9e m\u00e9diatique sur M6<\/p>\n<p>Dans une story partag\u00e9e sur son compte Instagram ce mercredi 21\u00a0mai, le visage phare de M6 a fait le point sur toutes ses activit\u00e9s. \u00ab\u00a0Je vais avoir plus de temps. \u00c7a y est, j&rsquo;ai rendu mon \u00e9mission politique qui passe le 1er\u00a0juin, j&rsquo;esp\u00e8re que vous serez nombreux devant votre \u00e9cran avec <a href=\"https:\/\/www.programme-tv.net\/news\/tv\/378736-une-ambition-intime-voici-la-date-de-diffusion-de-l-emission-avec-quatre-nouveaux-invites-politiques\/\" data-api-deeplink=\"teleloisirs:\/\/news\/378736\" target=\"_blank\" rel=\"noopener\">G\u00e9rald Darmanin, Jordan Bardella, Sandrine Rousseau et Fabien Roussel<\/a>, c&rsquo;est deux ans de boulot. J&rsquo;ai d\u00e9j\u00e0 rendu aussi mon documentaire sur l&rsquo;immigration qui passera, je pense, \u00e0 la rentr\u00e9e parce que <b>cette ann\u00e9e, j&rsquo;ai quand m\u00eame 35 primes<\/b> avec L&rsquo;amour est dans le pr\u00e9, La France a un incroyable talent, les documentaires\u2026 Je pense que je vais \u00eatre bien expos\u00e9e\u00a0\u00bb, fait-elle savoir.<\/p>\n<p>                        \u00ab\u00a0J&rsquo;ai eu l&rsquo;impression de revivre\u00a0\u00bb\u00a0: Karine Le Marchand confie son soulagement \u00e0 l&rsquo;id\u00e9e de moins travailler dans les prochains mois<\/p>\n<p>Avec autant de programmes \u00e0 g\u00e9rer, il va sans dire que l&#8217;emploi du temps de Karine Le Marchand est bien charg\u00e9. De quoi pousser l&rsquo;animatrice \u00e0 lever le pied. \u00ab\u00a0J&rsquo;ai dit &lsquo;je fais une pause&rsquo;, je veux vivre. \u00c0 mon \u00e2ge, je veux vivre. Donc j&rsquo;arr\u00eate les productions en tant que telles des documentaires pendant deux-trois ans et je me consacre \u00e0 vous, \u00e0 moi. \u00c0 moi, d&rsquo;abord. \u00c0 ma maison dans le Sud, \u00e0 d\u00e9velopper des \u00e9v\u00e9nements\u00a0\u00bb, t\u00e9moigne-t-elle. Elle ajoute\u00a0: \u00ab\u00a0<b>Je vais pouvoir me consacrer \u00e0 moi<\/b>. C&rsquo;est la premi\u00e8re ann\u00e9e depuis dix ans que je suis partie en vacances sans boulot. \u00c7a fait un bien fou de pouvoir bouquiner, de ne pas bosser, de ne pas \u00eatre appel\u00e9e toute la journ\u00e9e. J&rsquo;ai eu l&rsquo;impression de revivre. \u00c7a fait dix ans, vous vous rendez compte, j&rsquo;\u00e9tais vraiment esclave de mon boulot\u00a0\u00bb, regrette-t-elle. Comme quoi, il y a toujours un moment opportun pour prendre de bonnes r\u00e9solutions\u00a0!<\/p>\n","protected":false},"excerpt":{"rendered":"Dans une story post\u00e9e sur son compte Instagram, Karine Le Marchand s&rsquo;est exprim\u00e9e \u00e0 propos de sa carri\u00e8re&hellip;\n","protected":false},"author":2,"featured_media":117480,"comment_status":"","ping_status":"","sticky":false,"template":"","format":"standard","meta":{"footnotes":""},"categories":[1359],"tags":[244,58,59,1011,27,5413,7988,5366,494,973,23801],"class_list":{"0":"post-117479","1":"post","2":"type-post","3":"status-publish","4":"format-standard","5":"has-post-thumbnail","7":"category-people","8":"tag-commentaire","9":"tag-divertissement","10":"tag-entertainment","11":"tag-fr","12":"tag-france","13":"tag-karine-le-marchand","14":"tag-lamour-est-dans-le-pru00e9","15":"tag-la-france-a-un-incroyable-talent","16":"tag-m6","17":"tag-people","18":"tag-une-ambition-intime"},"share_on_mastodon":{"url":"https:\/\/pubeurope.com\/@fr\/114547202682128240","error":""},"_links":{"self":[{"href":"https:\/\/www.europesays.com\/fr\/wp-json\/wp\/v2\/posts\/117479","targetHints":{"allow":["GET"]}}],"collection":[{"href":"https:\/\/www.europesays.com\/fr\/wp-json\/wp\/v2\/posts"}],"about":[{"href":"https:\/\/www.europesays.com\/fr\/wp-json\/wp\/v2\/types\/post"}],"author":[{"embeddable":true,"href":"https:\/\/www.europesays.com\/fr\/wp-json\/wp\/v2\/users\/2"}],"replies":[{"embeddable":true,"href":"https:\/\/www.europesays.com\/fr\/wp-json\/wp\/v2\/comments?post=117479"}],"version-history":[{"count":0,"href":"https:\/\/www.europesays.com\/fr\/wp-json\/wp\/v2\/posts\/117479\/revisions"}],"wp:featuredmedia":[{"embeddable":true,"href":"https:\/\/www.europesays.com\/fr\/wp-json\/wp\/v2\/media\/117480"}],"wp:attachment":[{"href":"https:\/\/www.europesays.com\/fr\/wp-json\/wp\/v2\/media?parent=117479"}],"wp:term":[{"taxonomy":"category","embeddable":true,"href":"https:\/\/www.europesays.com\/fr\/wp-json\/wp\/v2\/categories?post=117479"},{"taxonomy":"post_tag","embeddable":true,"href":"https:\/\/www.europesays.com\/fr\/wp-json\/wp\/v2\/tags?post=117479"}],"curies":[{"name":"wp","href":"https:\/\/api.w.org\/{rel}","templated":true}]}}