{"id":11748,"date":"2025-04-09T04:00:12","date_gmt":"2025-04-09T04:00:12","guid":{"rendered":"https:\/\/www.europesays.com\/fr\/11748\/"},"modified":"2025-04-09T04:00:12","modified_gmt":"2025-04-09T04:00:12","slug":"le-jour-ou-ado-francois-civil-est-venu-casser-dans-la-rue-jean-dujardin","status":"publish","type":"post","link":"https:\/\/www.europesays.com\/fr\/11748\/","title":{"rendered":"Le jour o\u00f9, ado, Fran\u00e7ois Civil est venu \u201ccasser\u201d dans la rue Jean Dujardin"},"content":{"rendered":"<p>Il y a 20 ans sortait en salle Brice de Nice. Une sombre \u00e9poque o\u00f9, apr\u00e8s \u00e7a, dans les cours de r\u00e9cr\u00e9, on amusait \u00e0 se \u201ccasser\u201d du mieux que possible entre potes. Si \u00e7a vous dit rien, vous \u00eates juste trop jeunes et vous avez bien de la chance. Bref, l\u00e0 n\u2019est pas le sujet. Le sujet est une anecdote racont\u00e9e par Jean Dujardin, le cr\u00e9ateur et interpr\u00e8te inoubliable de Brice de Nice, lors de la soir\u00e9e d\u2019anniversaire de son film, ce dimanche au Grand Rex, \u00e0 Paris.<\/p>\n<p>\u00c0 l\u2019occasion d\u2019une s\u00e9ance de questions\/r\u00e9ponses, l\u2019acteur s\u2019est mis \u00e0 raconter une anecdote sur ces fameux moments o\u00f9 on s\u2019amusait \u00e0 \u201cse casser\u201d, notamment le jour o\u00f9 un jeune ado est venu le voir dans la rue alors qu\u2019il \u00e9tait en terrasse pour lui dire \u201c\u00c7a te dirait de pas me signer un autographe ?\u201d\u00a0<\/p>\n<p>Le jeune gar\u00e7on en question \u00e9tait\u2026 Fran\u00e7ois Civil, qui lui a avou\u00e9 des ann\u00e9es plus tard. CASS\u00c9 !\u00a0<\/p>\n","protected":false},"excerpt":{"rendered":"Il y a 20 ans sortait en salle Brice de Nice. Une sombre \u00e9poque o\u00f9, apr\u00e8s \u00e7a, dans&hellip;\n","protected":false},"author":2,"featured_media":11749,"comment_status":"","ping_status":"","sticky":false,"template":"","format":"standard","meta":{"footnotes":""},"categories":[1359],"tags":[58,59,1011,27,973,1970],"class_list":{"0":"post-11748","1":"post","2":"type-post","3":"status-publish","4":"format-standard","5":"has-post-thumbnail","7":"category-people","8":"tag-divertissement","9":"tag-entertainment","10":"tag-fr","11":"tag-france","12":"tag-people","13":"tag-pop-culture"},"share_on_mastodon":{"url":"https:\/\/pubeurope.com\/@fr\/114306011848580997","error":""},"_links":{"self":[{"href":"https:\/\/www.europesays.com\/fr\/wp-json\/wp\/v2\/posts\/11748","targetHints":{"allow":["GET"]}}],"collection":[{"href":"https:\/\/www.europesays.com\/fr\/wp-json\/wp\/v2\/posts"}],"about":[{"href":"https:\/\/www.europesays.com\/fr\/wp-json\/wp\/v2\/types\/post"}],"author":[{"embeddable":true,"href":"https:\/\/www.europesays.com\/fr\/wp-json\/wp\/v2\/users\/2"}],"replies":[{"embeddable":true,"href":"https:\/\/www.europesays.com\/fr\/wp-json\/wp\/v2\/comments?post=11748"}],"version-history":[{"count":0,"href":"https:\/\/www.europesays.com\/fr\/wp-json\/wp\/v2\/posts\/11748\/revisions"}],"wp:featuredmedia":[{"embeddable":true,"href":"https:\/\/www.europesays.com\/fr\/wp-json\/wp\/v2\/media\/11749"}],"wp:attachment":[{"href":"https:\/\/www.europesays.com\/fr\/wp-json\/wp\/v2\/media?parent=11748"}],"wp:term":[{"taxonomy":"category","embeddable":true,"href":"https:\/\/www.europesays.com\/fr\/wp-json\/wp\/v2\/categories?post=11748"},{"taxonomy":"post_tag","embeddable":true,"href":"https:\/\/www.europesays.com\/fr\/wp-json\/wp\/v2\/tags?post=11748"}],"curies":[{"name":"wp","href":"https:\/\/api.w.org\/{rel}","templated":true}]}}