{"id":117485,"date":"2025-05-21T18:21:08","date_gmt":"2025-05-21T18:21:08","guid":{"rendered":"https:\/\/www.europesays.com\/fr\/117485\/"},"modified":"2025-05-21T18:21:08","modified_gmt":"2025-05-21T18:21:08","slug":"bertrand-chameroy-apres-avoir-beaucoup-reflechi-il-leve-le-voile-sur-son-avenir-dans-c-a-vous","status":"publish","type":"post","link":"https:\/\/www.europesays.com\/fr\/117485\/","title":{"rendered":"Bertrand Chameroy : apr\u00e8s \u00ab\u00a0avoir beaucoup r\u00e9fl\u00e9chi\u00a0\u00bb il l\u00e8ve le voile sur son avenir dans \u00ab\u00a0C \u00e0 Vous\u00a0\u00bb"},"content":{"rendered":"<p>      R\u00e9sum\u00e9<\/p>\n<p>Bertrand Chameroy confie pr\u00e9f\u00e9rer son r\u00f4le de chroniqueur dans \u00ab\u00a0C \u00e0 Vous\u00a0\u00bb apr\u00e8s une p\u00e9riode de r\u00e9flexion, tout en \u00e9voquant un int\u00e9r\u00eat possible pour la com\u00e9die.<\/p>\n<p>        Sommaire<\/p>\n<p>Depuis septembre 2021, il officie de mani\u00e8re quotidienne dans le talk-show de France 5, <strong>\u00ab\u00a0C \u00e0 Vous\u00a0\u00bb.<\/strong> Avant de d\u00e9barquer dans la quotidienne pr\u00e9sent\u00e9e par <a href=\"https:\/\/www.public.fr\/tag\/anne-elisabeth-lemoine\" target=\"_blank\" rel=\"noopener\">Anne-\u00c9lisabeth Lemoine<\/a>, <a href=\"https:\/\/www.public.fr\/tag\/bertrand-chameroy\" target=\"_blank\" rel=\"noopener\">Bertrand Chameroy<\/a> a longtemps offici\u00e9 en tant que chroniqueur chez <a href=\"https:\/\/www.public.fr\/tag\/cyril-hanouna\" target=\"_blank\" rel=\"noopener\">Cyril Hanouna<\/a> dans <strong>\u00ab\u00a0TPMP\u00a0\u00bb<\/strong>.<\/p>\n<p>\u00c0 son d\u00e9part de la quotidienne de C8, l\u2019homme aujourd\u2019hui \u00e2g\u00e9 de 36 ans a tent\u00e9 de voler de ses propres ailes, sans r\u00e9ellement conna\u00eetre le succ\u00e8s. Il a par exemple tent\u00e9 de pr\u00e9senter une \u00e9mission hebdomadaire sur W9 en 2016, <strong>\u00ab\u00a0OFNI\u00a0\u00bb<\/strong>, avant que celle-ci ne s\u2019arr\u00eate en juillet 2017.<\/p>\n<p>Bertrand Chameroy se sent mieux en tant que chroniqueur, plut\u00f4t qu&rsquo;animateur<\/p>\n<p>Son \u00e9mission <strong>\u00ab\u00a0Bertrand n\u2019a pas sommeil\u00a0\u00bb<\/strong> n\u2019a eu droit qu\u2019\u00e0 quatre num\u00e9ros. En effet, France T\u00e9l\u00e9visions n\u2019a pas souhait\u00e9 reconduire son programme, un talk-show diffus\u00e9 en seconde partie de soir\u00e9e, qui n\u2019a pas r\u00e9ussi \u00e0 trouver son public.<\/p>\n<p>Un \u00ab\u00a0\u00e9chec\u00a0\u00bb, qui a permis \u00e0 Bertrand Chameroy de faire un constat :<strong> il se sent plus \u00e0 l\u2019aise en tant que chroniqueur qu\u2019en tant qu\u2019animateur<\/strong>. De fait, lorsqu\u2019il a \u00e9t\u00e9 absent de l\u2019antenne pendant plusieurs jours suite \u00e0 une d\u00e9pression, <strong>le chroniqueur a \u00ab\u00a0beaucoup r\u00e9fl\u00e9chi\u00a0\u00bb<\/strong> comme il l\u2019a avou\u00e9 \u00e0 T\u00e9l\u00e9 7 Jours.<\/p>\n<p>En effet, le chroniqueur d\u2019<a href=\"https:\/\/vsd.fr\/tag\/anne-elisabeth-lemoine\/\" target=\"_blank\" rel=\"noopener\">Anne-\u00c9lisabeth Lemoine<\/a> a pu r\u00e9fl\u00e9chir \u00e0 son avenir et faire le point sur sa carri\u00e8re, ce qu\u2019il appr\u00e9ciait faire et ne pas faire. \u00ab\u00a0J\u2019en suis arriv\u00e9 \u00e0 la conclusion que je prenais plus de plaisir dans le r\u00f4le de chroniqueur que d&rsquo;animateur\u00a0\u00bb, a-t-il analys\u00e9.<\/p>\n<p>Un chroniqueur rempli d&rsquo;humour<\/p>\n<p>De fait, il devrait poursuivre sa collaboration avec l\u2019animatrice de <strong>\u00ab\u00a0C \u00e0 Vous\u00a0\u00bb<\/strong> pendant de longues ann\u00e9es. N\u00e9anmoins, Bertrand Chameroy ne se dit pas contre l\u2019id\u00e9e de tenter de nouveau projets, comme la com\u00e9die par exemple.<\/p>\n<p><strong>\u00ab\u00a0Je suis tr\u00e8s attir\u00e9 par la fiction\u00a0\u00bb<\/strong>, avoue-t-il en effet \u00e0 nos confr\u00e8res, avant de poursuivre : \u00ab\u00a0Je ne sais pas si je serais bon com\u00e9dien, mais c&rsquo;est quelque chose qui me plairait\u00a0\u00bb. Reste \u00e0 savoir si des r\u00e9alisateurs et r\u00e9alisatrices seraient pr\u00eats \u00e0 lui laisser une chance.<\/p>\n<p>S\u2019ils regardent \u00ab\u00a0C \u00e0 Vous\u00a0\u00bb chaque soir, ils savent d\u00e9j\u00e0 que Bertrand Chameroy poss\u00e8de \u00e9norm\u00e9ment d\u2019humour et est capable de faire rire de nombreux t\u00e9l\u00e9spectateurs, avec son hilarant <strong>\u00ab\u00a0ABC\u00a0\u00bb<\/strong> dans lequel il propose un tour d&rsquo;horizon d\u00e9cal\u00e9 des \u00e9v\u00e9nements qui font l&rsquo;actualit\u00e9.<\/p>\n<p>      Mentionn\u00e9s dans cet article<\/p>\n<p>\u00c0 lire aussi<\/p>\n","protected":false},"excerpt":{"rendered":"R\u00e9sum\u00e9 Bertrand Chameroy confie pr\u00e9f\u00e9rer son r\u00f4le de chroniqueur dans \u00ab\u00a0C \u00e0 Vous\u00a0\u00bb apr\u00e8s une p\u00e9riode de r\u00e9flexion,&hellip;\n","protected":false},"author":2,"featured_media":117486,"comment_status":"","ping_status":"","sticky":false,"template":"","format":"standard","meta":{"footnotes":""},"categories":[1356],"tags":[5631,11343,5632,1083,58,59,1011,27,252,549,1364],"class_list":{"0":"post-117485","1":"post","2":"type-post","3":"status-publish","4":"format-standard","5":"has-post-thumbnail","7":"category-television","8":"tag-anne-elisabeth-lemoine","9":"tag-bertrand-chameroy","10":"tag-c-a-vous","11":"tag-cyril-hanouna","12":"tag-divertissement","13":"tag-entertainment","14":"tag-fr","15":"tag-france","16":"tag-television","17":"tag-touche-pas-a-mon-poste","18":"tag-tv"},"share_on_mastodon":{"url":"https:\/\/pubeurope.com\/@fr\/114547214703503544","error":""},"_links":{"self":[{"href":"https:\/\/www.europesays.com\/fr\/wp-json\/wp\/v2\/posts\/117485","targetHints":{"allow":["GET"]}}],"collection":[{"href":"https:\/\/www.europesays.com\/fr\/wp-json\/wp\/v2\/posts"}],"about":[{"href":"https:\/\/www.europesays.com\/fr\/wp-json\/wp\/v2\/types\/post"}],"author":[{"embeddable":true,"href":"https:\/\/www.europesays.com\/fr\/wp-json\/wp\/v2\/users\/2"}],"replies":[{"embeddable":true,"href":"https:\/\/www.europesays.com\/fr\/wp-json\/wp\/v2\/comments?post=117485"}],"version-history":[{"count":0,"href":"https:\/\/www.europesays.com\/fr\/wp-json\/wp\/v2\/posts\/117485\/revisions"}],"wp:featuredmedia":[{"embeddable":true,"href":"https:\/\/www.europesays.com\/fr\/wp-json\/wp\/v2\/media\/117486"}],"wp:attachment":[{"href":"https:\/\/www.europesays.com\/fr\/wp-json\/wp\/v2\/media?parent=117485"}],"wp:term":[{"taxonomy":"category","embeddable":true,"href":"https:\/\/www.europesays.com\/fr\/wp-json\/wp\/v2\/categories?post=117485"},{"taxonomy":"post_tag","embeddable":true,"href":"https:\/\/www.europesays.com\/fr\/wp-json\/wp\/v2\/tags?post=117485"}],"curies":[{"name":"wp","href":"https:\/\/api.w.org\/{rel}","templated":true}]}}