{"id":117489,"date":"2025-05-21T18:23:20","date_gmt":"2025-05-21T18:23:20","guid":{"rendered":"https:\/\/www.europesays.com\/fr\/117489\/"},"modified":"2025-05-21T18:23:20","modified_gmt":"2025-05-21T18:23:20","slug":"le-film-de-ladj-ly-est-il-inspire-dun-vrai-fait-divers","status":"publish","type":"post","link":"https:\/\/www.europesays.com\/fr\/117489\/","title":{"rendered":"Le film de Ladj Ly est-il inspir\u00e9 d&rsquo;un vrai fait divers ?"},"content":{"rendered":"<p>Pour son premier long-m\u00e9trage, <a href=\"https:\/\/www.programme-tv.net\/news\/cinema\/269574-ecole-kourtrajme-france-2-oscars-confinement-black-lives-matter-lannee-mouvementee-de-lecole-de-cinema-fondee-par-ladj-ly\/\" data-api-deeplink=\"teleloisirs:\/\/news\/269574\" rel=\"nofollow noopener\" target=\"_blank\">Ladj Ly, membre du collectif Kourtrajm\u00e9<\/a>,<b> <\/b>frappe fort. Diffus\u00e9 ce mercredi 21 mai, \u00e0 21 sur Arte, <a href=\"https:\/\/www.programme-tv.net\/cinema\/15193941-les-miserables\/\" rel=\"nofollow noopener\" target=\"_blank\">Les Mis\u00e9rables<\/a> a <a href=\"https:\/\/www.programme-tv.net\/news\/cinema\/336231-netflix-depechez-vous-de-voir-ce-film-francais-aux-4-cesar-qui-na-laisse-personne-indemne\/\" data-api-deeplink=\"teleloisirs:\/\/news\/336231\" rel=\"nofollow noopener\" target=\"_blank\">tout rafl\u00e9 sur son passage<\/a>. Pr\u00e9sent\u00e9 au festival de Cannes 2019, il obtient le prix du jury avant de remporter quatre C\u00e9sar en 2020, dont celui du Meilleur film et enfin, une nomination \u00e0 l&rsquo;Oscar du meilleur film international. <a href=\"https:\/\/www.programme-tv.net\/news\/cinema\/269574-ecole-kourtrajme-france-2-oscars-confinement-black-lives-matter-lannee-mouvementee-de-lecole-de-cinema-fondee-par-ladj-ly\/\" data-api-deeplink=\"teleloisirs:\/\/news\/269574\" rel=\"nofollow noopener\" target=\"_blank\">Une cons\u00e9cration pour le cin\u00e9aste <\/a>dont le premier long-m\u00e9trage, qui a \u00e9t\u00e9 tourn\u00e9 en seulement 30 jours, a touch\u00e9 en plein c\u0153ur le Pr\u00e9sident de la R\u00e9publique Emmanuel Macron, comme le relate le <a href=\"https:\/\/www.lejdd.fr\/Societe\/les-miserables-pourquoi-ce-film-fait-tant-parler-3932321\" rel=\"nofollow noopener\" target=\"_blank\">JDD<\/a>. L&rsquo;histoire du film est-elle inspir\u00e9e d&rsquo;un fait divers r\u00e9el ?<\/p>\n<p>Que raconte le film Les Mis\u00e9rables ?<\/p>\n<p>\u00ab\u00a0C&rsquo;est un cri d&rsquo;alarme que j&rsquo;adresse \u00e0 nos politiques. Ils sont quand m\u00eame les premiers responsables de la situation de nos quartiers\u00a0\u00bb, d\u00e9clare Ladj Ly<b> <\/b>\u00e0 <a href=\"https:\/\/www.bfmtv.com\/people\/cinema\/le-realisateur-ladj-ly-se-felicite-qu-emmanuel-macron-ait-vu-son-film-les-miserables-qu-il-qualifie-de-cri-d-alarme-adresse-aux-politiques_VN-201911180230.html\" rel=\"nofollow noopener\" target=\"_blank\">BFMV TV<\/a>, peu avant la sortie en salles des Mis\u00e9rables, le 20 novembre 2019. Des paroles qui donnent le ton. En effet, ce drame suit <b>le quotidien d&rsquo;une \u00e9quipe de la BAC (brigade anti-criminalit\u00e9) dans un quartier compliqu\u00e9 de Montfermeil<\/b>, en Seine-Saint-Denis. Originaire de Cherbourg, St\u00e9phane Ruiz, interpr\u00e9t\u00e9 par <a href=\"https:\/\/www.programme-tv.net\/biographie\/206527-bonnard-damien\/\" data-link-people=\"30735016-aad0-4d45-8529-b00a9e82ec80\" rel=\"nofollow noopener\" target=\"_blank\">Damien Bonnard<\/a>, est associ\u00e9 \u00e0 Gwada et Chris, deux individus aux m\u00e9thodes discutables. En pleine patrouille dans la cit\u00e9 des Bosquets, o\u00f9 la d\u00e9linquance est reine, ils tentent d&rsquo;intercepter Issa, impliqu\u00e9 dans le vol d&rsquo;un lionceau appartenant \u00e0 un cirque. S&rsquo;ensuit une succession d&rsquo;\u00e9v\u00e9nements dramatiques marqu\u00e9s par un tir au flashball sur le jeune gar\u00e7on&#8230; Mais les policiers ne r\u00e9alisent pas qu&rsquo;ils sont film\u00e9s par un drone appartenant \u00e0 un jeune du quartier.<\/p>\n<p>                        \u00ab\u00a0C&rsquo;est le point de vue d&rsquo;un flic\u00a0\u00bb, explique Ladj Ly<\/p>\n<p>Le cin\u00e9aste tenait \u00e0 mettre les points sur les i \u00e9tant donn\u00e9 le c\u00f4t\u00e9 clivant des th\u00e9matiques abord\u00e9es dans son film. \u00ab\u00a0Tout le monde pensait que j\u2019allais faire un film anti-policier\u00a0\u00bb, t\u00e9moigne Ladj Ly dans une interview accord\u00e9e au magazine <a href=\"https:\/\/www.premiere.fr\/Cinema\/News-Cinema\/Les-Miserables-Tout-le-monde-pensait-que-j-allais-faire-un-film-anti-policier\" rel=\"nofollow noopener\" target=\"_blank\">Premi\u00e8re<\/a>. En accord avec les deux sc\u00e9naristes, il trouve plus pertinent de raconter l\u2019histoire du point de vue de la police. \u00ab\u00a0<b>Personne n&rsquo;allait m&rsquo;attendre en utilisant ce point de vue<\/b>, et ensuite parce que c&rsquo;est le point de vue d&rsquo;un flic qui ne conna\u00eet pas du tout la banlieue et qui va d\u00e9couvrir cette cit\u00e9\u00a0\u00bb, raconte-t-il \u00e0 <a href=\"https:\/\/www.radiofrance.fr\/mouv\/ladj-ly-les-miserables-c-est-mon-temoignage-9438475\" rel=\"nofollow noopener\" target=\"_blank\">Radio France<\/a>.<\/p>\n<p>Combien de spectateurs ont vu le film Les Mis\u00e9rables ?<\/p>\n<p>Le r\u00e9alisateur n&rsquo;en est pas \u00e0 son premier exercice concernant la question des banlieues. Il s&rsquo;est notamment fait conna\u00eetre en 2008 pour Go Fast Connexion, un faux documentaire caricatural sur le trafic de cannabis dans les cit\u00e9s. Peu apr\u00e8s, <b>une bavure polici\u00e8re survient proche de chez lui, \u00e0 Montfermeil, o\u00f9 il vit depuis plus de 30 ans<\/b>. Une sc\u00e8ne qu&rsquo;il d\u00e9cide de filmer comme gage de t\u00e9moignage sur la r\u00e9alit\u00e9 des cit\u00e9s. Un projet \u00e9merge alors dans son esprit : \u00e9crire une fiction directement inspir\u00e9e de cette histoire. 10 ans plus tard, Les Mis\u00e9rables accueille pr\u00e8s de deux millions de spectateurs dans les salles fran\u00e7aises et le film re\u00e7oit le C\u00e9sar du meilleur film. \u00ab\u00a0C&rsquo;est avant tout un t\u00e9moignage. Un t\u00e9moignage de ce que j&rsquo;ai pu vivre sur ce territoire\u00a0\u00bb, confie Ladj Ly. Sorte de r\u00e9cit autobiographique, Les Mis\u00e9rables fait directement \u00e9cho \u00e0 <a href=\"https:\/\/www.programme-tv.net\/news\/cinema\/300410-la-haine-sur-netflix-pourquoi-le-film-culte-a-failli-sappeler-bien-differemment\/\" data-api-deeplink=\"teleloisirs:\/\/news\/300410\" rel=\"nofollow noopener\" target=\"_blank\">l&rsquo;\u0153uvre de Mathieu Kassovitz, La Haine (1995)<\/a>, elle-m\u00eame inspir\u00e9e par l&rsquo;affaire Makom\u00e9 M&rsquo;Bowol\u00e9 en 1993, un jeune de 17\u00a0ans plac\u00e9 en garde \u00e0 vue pour vol et tu\u00e9 d&rsquo;une balle dans la t\u00eate par l&rsquo;inspecteur Pascal Compain.<\/p>\n","protected":false},"excerpt":{"rendered":"Pour son premier long-m\u00e9trage, Ladj Ly, membre du collectif Kourtrajm\u00e9, frappe fort. Diffus\u00e9 ce mercredi 21 mai, \u00e0&hellip;\n","protected":false},"author":2,"featured_media":117490,"comment_status":"","ping_status":"","sticky":false,"template":"","format":"standard","meta":{"footnotes":""},"categories":[1354],"tags":[4548,7196,244,58,1073,59,23806,1346,1011,27,23803,5468,23802,23805,1360,23804],"class_list":{"0":"post-117489","1":"post","2":"type-post","3":"status-publish","4":"format-standard","5":"has-post-thumbnail","7":"category-films","8":"tag-channel_tl-story","9":"tag-cinu00e9ma","10":"tag-commentaire","11":"tag-divertissement","12":"tag-emmanuel-macron","13":"tag-entertainment","14":"tag-festival-de-cannes-2019","15":"tag-films","16":"tag-fr","17":"tag-france","18":"tag-guid_6136527828001","19":"tag-histoire-vraie","20":"tag-ladj-ly","21":"tag-les-misu00e9rables","22":"tag-movies","23":"tag-uuid_d89e5217-3937-4540-be18-d20a1828f1d4"},"share_on_mastodon":{"url":"https:\/\/pubeurope.com\/@fr\/114547222380493333","error":""},"_links":{"self":[{"href":"https:\/\/www.europesays.com\/fr\/wp-json\/wp\/v2\/posts\/117489","targetHints":{"allow":["GET"]}}],"collection":[{"href":"https:\/\/www.europesays.com\/fr\/wp-json\/wp\/v2\/posts"}],"about":[{"href":"https:\/\/www.europesays.com\/fr\/wp-json\/wp\/v2\/types\/post"}],"author":[{"embeddable":true,"href":"https:\/\/www.europesays.com\/fr\/wp-json\/wp\/v2\/users\/2"}],"replies":[{"embeddable":true,"href":"https:\/\/www.europesays.com\/fr\/wp-json\/wp\/v2\/comments?post=117489"}],"version-history":[{"count":0,"href":"https:\/\/www.europesays.com\/fr\/wp-json\/wp\/v2\/posts\/117489\/revisions"}],"wp:featuredmedia":[{"embeddable":true,"href":"https:\/\/www.europesays.com\/fr\/wp-json\/wp\/v2\/media\/117490"}],"wp:attachment":[{"href":"https:\/\/www.europesays.com\/fr\/wp-json\/wp\/v2\/media?parent=117489"}],"wp:term":[{"taxonomy":"category","embeddable":true,"href":"https:\/\/www.europesays.com\/fr\/wp-json\/wp\/v2\/categories?post=117489"},{"taxonomy":"post_tag","embeddable":true,"href":"https:\/\/www.europesays.com\/fr\/wp-json\/wp\/v2\/tags?post=117489"}],"curies":[{"name":"wp","href":"https:\/\/api.w.org\/{rel}","templated":true}]}}