{"id":117491,"date":"2025-05-21T18:24:08","date_gmt":"2025-05-21T18:24:08","guid":{"rendered":"https:\/\/www.europesays.com\/fr\/117491\/"},"modified":"2025-05-21T18:24:08","modified_gmt":"2025-05-21T18:24:08","slug":"le-moustique-tigre-durablement-installe-a-lyon-et-dans-sa-region","status":"publish","type":"post","link":"https:\/\/www.europesays.com\/fr\/117491\/","title":{"rendered":"le moustique-tigre durablement install\u00e9 \u00e0 Lyon et dans sa r\u00e9gion"},"content":{"rendered":"<p>D\u00e9tect\u00e9 pour la premi\u00e8re fois en 2012, le moustique-tigre touche aujourd\u2019hui pr\u00e8s de 75% de la population d\u2019Auvergne-Rh\u00f4ne-Alpes.<\/p>\n<p class=\"fig-paragraph\"><a href=\"http:\/\/www.lefigaro.fr\/sciences\/moustique-tigre-la-france-face-a-un-risque-assez-eleve-d-epidemie-dans-les-cinq-prochaines-annees-20240913\" data-fig-type=\"NewsFlash\" data-gtm-custom-categorie=\"navigation\" data-gtm-custom-action=\"crossclick\" data-gtm-custom-label=\"Contextuel\" data-gtm-event=\"customEventSPE\" data-fig-domain=\"LEFIGARO\" rel=\"nofollow noopener\" target=\"_blank\">Le moustique-tigre s\u2019est bel et bien durablement install\u00e9<\/a>\u00a0en r\u00e9gion Auvergne-Rh\u00f4ne-Alpes. D\u00e9tect\u00e9 pour la premi\u00e8re fois en 2012, il a colonis\u00e9 plus d\u2019un quart des communes de la r\u00e9gion et impacte 75% de la population selon un bilan de l\u2019agence r\u00e9gionale de sant\u00e9 locale.<\/p>\n<p class=\"fig-paragraph\">\u00abAu-del\u00e0 des nuisances qu\u2019il g\u00e9n\u00e8re au quotidien, le moustique-tigre peut \u00eatre infect\u00e9 par les virus de la\u00a0<a href=\"https:\/\/sante.lefigaro.fr\/sante\/maladie\/dengue\/quels-sont-symptomes\" target=\"_blank\" data-fig-type=\"Keyword\" rel=\"noopener nofollow\" data-gtm-custom-categorie=\"navigation\" data-gtm-custom-action=\"crossclick\" data-gtm-custom-label=\"Contextuel\" data-gtm-event=\"customEventSPE\" data-fig-domain=\"SANTE\">dengue<\/a> , du<a href=\"https:\/\/sante.lefigaro.fr\/sante\/maladie\/chikungunya\/quels-symptomes\" target=\"_blank\" data-fig-type=\"Keyword\" rel=\"noopener nofollow\" data-gtm-custom-categorie=\"navigation\" data-gtm-custom-action=\"crossclick\" data-gtm-custom-label=\"Contextuel\" data-gtm-event=\"customEventSPE\" data-fig-domain=\"SANTE\">\u00a0chikungunya<\/a> \u00a0ou de\u00a0<a href=\"https:\/\/sante.lefigaro.fr\/actualite\/2016\/01\/22\/24521-zika-maladie-tres-contagieuse-mais-restee-longtemps-dans-lombre\" data-fig-type=\"Article\" data-gtm-custom-categorie=\"navigation\" data-gtm-custom-action=\"crossclick\" data-gtm-custom-label=\"Contextuel\" data-gtm-event=\"customEventSPE\" data-fig-domain=\"SANTE\" rel=\"nofollow noopener\" target=\"_blank\">zika<\/a> \u00a0et les transmettre \u00e0 l\u2019homme par simple piq\u00fbre. La maladie peut alors circuler rapidement, le moustique pouvant piquer plusieurs fois tout au long sa vie, qui dure g\u00e9n\u00e9ralement un mois\u00bb, indique l\u2019ARS.<\/p>\n<p class=\"fig-body-link\">\n            \u00c0 lire aussi<br \/>\n        <a class=\"fig-body-link__link\" href=\"http:\/\/www.lefigaro.fr\/lyon\/a-villeurbanne-des-nichoirs-a-mesange-pour-lutter-contre-le-moustique-tigre-20240806\" data-fig-type=\"NewsFlash\" data-gtm-custom-categorie=\"navigation\" data-gtm-custom-action=\"crossclick\" data-gtm-custom-label=\"Contextuel\" data-gtm-event=\"customEventSPE\" data-fig-domain=\"LEFIGARO\" rel=\"nofollow noopener\" target=\"_blank\">\u00c0 Villeurbanne, des nichoirs \u00e0 m\u00e9sange pour lutter contre le moustique-tigre<br \/>\n    <\/a>\n<\/p>\n<p>Pr\u00e9sent de juin \u00e0 novembre<\/p>\n<p class=\"fig-paragraph\">La r\u00e9gion Auvergne-Rh\u00f4ne-Alpes est la deuxi\u00e8me r\u00e9gion la plus touch\u00e9e par ce moustique. L\u2019an dernier, 269 cas de\u00a0<a href=\"http:\/\/www.lefigaro.fr\/sciences\/l-epidemie-de-dengue-est-declaree-en-guadeloupe-20241115\" data-fig-type=\"NewsFlash\" data-gtm-custom-categorie=\"navigation\" data-gtm-custom-action=\"crossclick\" data-gtm-custom-label=\"Contextuel\" data-gtm-event=\"customEventSPE\" data-fig-domain=\"LEFIGARO\" rel=\"nofollow noopener\" target=\"_blank\">dengue ont \u00e9t\u00e9 recens\u00e9s ainsi que quatre cas de chikungunya et un cas de virus Zika<\/a>. Parmi ces cas, seuls deux sont autochtones, c\u2019est-\u00e0-dire contract\u00e9s en m\u00e9tropole, et concernent des infections \u00e0 la dengue. Le nombre total d\u2019infections est ainsi pass\u00e9 d\u2019un peu moins de 100 en 2014 \u00e0 pr\u00e8s de 300 aujourd\u2019hui.<\/p>\n<p class=\"fig-paragraph\">En 2024, les premi\u00e8res d\u00e9tections \u00e0 partir du r\u00e9seau de surveillance ont eu lieu en juin dans sept communes des d\u00e9partements de l\u2019Ain, de l\u2019Is\u00e8re, du Rh\u00f4ne et de la Savoie, ainsi que de la M\u00e9tropole de Lyon. L\u2019activit\u00e9 des moustiques-tigres a \u00e9t\u00e9 observ\u00e9e jusqu\u2019au mois de novembre dans 15 communes.<\/p>\n<p class=\"fig-body-link\">\n            \u00c0 lire aussi<br \/>\n        <a class=\"fig-body-link__link fig-premium-mark\" href=\"https:\/\/www.lefigaro.fr\/sciences\/l-inquietante-invasion-des-moustiques-tigres-20240613\" data-fig-type=\"Article\" data-gtm-custom-categorie=\"navigation\" data-gtm-custom-action=\"crossclick\" data-gtm-custom-label=\"Contextuel\" data-gtm-event=\"customEventSPE\" data-fig-domain=\"LEFIGARO\" rel=\"nofollow noopener\" target=\"_blank\">L\u2019inqui\u00e9tante invasion des moustiques-tigres<br \/>\n    <\/a>\n<\/p>\n<p>Comment lutter contre sa prolif\u00e9ration\u00a0?<\/p>\n<p class=\"fig-paragraph\">Le moustique-tigre se d\u00e9veloppe principalement dans des endroits naturels ou artificiels de petite taille o\u00f9 de faibles quantit\u00e9s d\u2019eau peuvent s\u2019accumuler\u00a0: coupelles de pots de fleurs, arrosoirs, jouets, r\u00e9cup\u00e9rateurs d\u2019eau de pluie, piscines non entretenues, b\u00e2ches, encombrants etc. Il vit et se reproduit dans un p\u00e9rim\u00e8tre de 150 m\u00e8tres autour du lieu de ponte.<\/p>\n<p class=\"fig-paragraph\">Pour lutter efficacement contre la venue et le d\u00e9veloppement du moustique-tigre et ne pas subir ses piq\u00fbres, il faut avant tout \u00e9viter qu\u2019il s\u2019installe \u00e0 proximit\u00e9 des lieux d\u2019habitation ou accueillant du public.<\/p>\n","protected":false},"excerpt":{"rendered":"D\u00e9tect\u00e9 pour la premi\u00e8re fois en 2012, le moustique-tigre touche aujourd\u2019hui pr\u00e8s de 75% de la population d\u2019Auvergne-Rh\u00f4ne-Alpes.&hellip;\n","protected":false},"author":2,"featured_media":117492,"comment_status":"","ping_status":"","sticky":false,"template":"","format":"standard","meta":{"footnotes":""},"categories":[10],"tags":[13240,5273,2430,5299,5272,5312,5296,5285,16380,5293,1011,27,5303,5311,72,5301,5279,5275,5313,5276,5300,5302,5280,5298,5281,5306,5305,5308,5309,5284,5294,5297,5269,5271,5268,5270,5267,2428,5295,5307,5277,5304,5283,2856,978,5274,2431,5314,5288,5292,5289,5291,5290,5315,5282,71,5286,5310,5287,5278],"class_list":{"0":"post-117491","1":"post","2":"type-post","3":"status-publish","4":"format-standard","5":"has-post-thumbnail","7":"category-sante","8":"tag-agence-regionale-de-sante","9":"tag-ainay","10":"tag-auvergne-rhone-alpes","11":"tag-bellecombe","12":"tag-bellecour","13":"tag-champvert-nord","14":"tag-champvert-sud","15":"tag-clos-jouve","16":"tag-dengue","17":"tag-fourviere","18":"tag-fr","19":"tag-france","20":"tag-gerland","21":"tag-gorge-de-loup","22":"tag-health","23":"tag-jean-mace","24":"tag-la-buire","25":"tag-la-confluence","26":"tag-la-duchere","27":"tag-la-guillotiere-nord-prefecture","28":"tag-la-guillotiere-sud","29":"tag-la-mouche","30":"tag-la-part-dieu","31":"tag-la-tete-dor","32":"tag-la-villette","33":"tag-laennec","34":"tag-le-bachut","35":"tag-le-grand-trou","36":"tag-le-moulin-a-vent","37":"tag-le-plateau-de-la-croix-rousse","38":"tag-le-point-du-jour","39":"tag-les-brotteaux","40":"tag-les-chartreux","41":"tag-les-cordeliers","42":"tag-les-pentes-de-la-croix-rousse","43":"tag-les-terreaux","44":"tag-les-traboules","45":"tag-lyon","46":"tag-menival","47":"tag-mermoz","48":"tag-moncey","49":"tag-monplaisir","50":"tag-montchat","51":"tag-moustique-tigre","52":"tag-olympique-lyonnais","53":"tag-perrache","54":"tag-rhone-alpes","55":"tag-rochecardon-industrie","56":"tag-saint-georges","57":"tag-saint-irenee","58":"tag-saint-jean","59":"tag-saint-just","60":"tag-saint-paul","61":"tag-saint-rambert-lile-barbe","62":"tag-sans-souci-dauphine","63":"tag-sante","64":"tag-serin-saint-charles","65":"tag-vaise","66":"tag-vieux-lyon","67":"tag-voltaire"},"share_on_mastodon":{"url":"","error":"Validation failed: Text character limit of 500 exceeded"},"_links":{"self":[{"href":"https:\/\/www.europesays.com\/fr\/wp-json\/wp\/v2\/posts\/117491","targetHints":{"allow":["GET"]}}],"collection":[{"href":"https:\/\/www.europesays.com\/fr\/wp-json\/wp\/v2\/posts"}],"about":[{"href":"https:\/\/www.europesays.com\/fr\/wp-json\/wp\/v2\/types\/post"}],"author":[{"embeddable":true,"href":"https:\/\/www.europesays.com\/fr\/wp-json\/wp\/v2\/users\/2"}],"replies":[{"embeddable":true,"href":"https:\/\/www.europesays.com\/fr\/wp-json\/wp\/v2\/comments?post=117491"}],"version-history":[{"count":0,"href":"https:\/\/www.europesays.com\/fr\/wp-json\/wp\/v2\/posts\/117491\/revisions"}],"wp:featuredmedia":[{"embeddable":true,"href":"https:\/\/www.europesays.com\/fr\/wp-json\/wp\/v2\/media\/117492"}],"wp:attachment":[{"href":"https:\/\/www.europesays.com\/fr\/wp-json\/wp\/v2\/media?parent=117491"}],"wp:term":[{"taxonomy":"category","embeddable":true,"href":"https:\/\/www.europesays.com\/fr\/wp-json\/wp\/v2\/categories?post=117491"},{"taxonomy":"post_tag","embeddable":true,"href":"https:\/\/www.europesays.com\/fr\/wp-json\/wp\/v2\/tags?post=117491"}],"curies":[{"name":"wp","href":"https:\/\/api.w.org\/{rel}","templated":true}]}}