{"id":117500,"date":"2025-05-21T18:29:08","date_gmt":"2025-05-21T18:29:08","guid":{"rendered":"https:\/\/www.europesays.com\/fr\/117500\/"},"modified":"2025-05-21T18:29:08","modified_gmt":"2025-05-21T18:29:08","slug":"benyamin-netanyahou-affirme-que-larmee-israelienne-controlera-toute-la-bande-de-gaza-a-la-fin-de-loffensive","status":"publish","type":"post","link":"https:\/\/www.europesays.com\/fr\/117500\/","title":{"rendered":"Benyamin Netanyahou affirme que l\u2019arm\u00e9e isra\u00e9lienne contr\u00f4lera \u00abtoute la bande de Gaza\u00bb \u00e0 la fin de l\u2019offensive"},"content":{"rendered":"<p>                             Par Le Figaro avec AFP<\/p>\n<p>                Il y a 10 minutes<\/p>\n<p>\u00a0\u00bb<br \/>\n        data-script=\u00a0\u00bbhttps:\/\/static.lefigaro.fr\/widget-video\/short-ttl\/video\/index.js\u00a0\u00bb<br \/>\n    &gt;<\/p>\n<p>Le premier ministre s\u2019est dit pr\u00eat \u00e0 un \u00abcessez-le-feu temporaire\u00bb pour lib\u00e9rer les \u00ab20 otages\u00bb vivants encore d\u00e9tenus dans la bande de Gaza.<\/p>\n<p class=\"fig-paragraph\">L\u2019arm\u00e9e isra\u00e9lienne contr\u00f4lera \u00abtoute la bande de\u00a0<a href=\"http:\/\/www.lefigaro.fr\/international\/des-animaux-ne-pourraient-pas-vivre-ici-trouver-de-l-eau-du-bois-de-la-nourriture-echapper-aux-bombes-a-gaza-le-recit-d-un-cauchemar-sans-fin-20250520\" data-fig-type=\"Article\" data-gtm-custom-categorie=\"navigation\" data-gtm-custom-action=\"crossclick\" data-gtm-custom-label=\"Contextuel\" data-gtm-event=\"customEventSPE\" data-fig-domain=\"LEFIGARO\" rel=\"nofollow noopener\" target=\"_blank\">Gaza<\/a> \u00bb \u00e0 la fin de l\u2019offensive d\u2019envergure lanc\u00e9e samedi dans le but affich\u00e9 de lib\u00e9rer les otages et d\u2019an\u00e9antir le Hamas, a d\u00e9clar\u00e9 mercredi le premier ministre Benyamin Netanyahou.<\/p>\n<p class=\"fig-paragraph\">\u00abS\u2019il y a une option de cessez-le-feu temporaire, pour lib\u00e9rer des otages, nous serons pr\u00eats\u00bb, a par ailleurs affirm\u00e9 le premier ministre, lors d\u2019une conf\u00e9rence de presse \u00e0 J\u00e9rusalem, affirmant que 20 des 58 otages toujours \u00e0 Gaza sont \u00aben vie de fa\u00e7on certaine\u00bb. Isra\u00ebl doit \u00ab\u00e9viter une crise humanitaire\u00bb pour garder sa libert\u00e9 d\u2019action, a-t-il ajout\u00e9, alors que l\u2019extension des combats et les restrictions \u00e0 l\u2019entr\u00e9e de l\u2019aide humanitaire apr\u00e8s deux et mois et demi d\u2019un blocus total suscitent une vague de condamnations internationales.<\/p>\n<p class=\"fig-paragraph\">Interdit par la procureur g\u00e9n\u00e9rale de nommer en l\u2019\u00e9tat un successeur au chef d\u00e9missionnaire de l\u2019Agence de la s\u00e9curit\u00e9 int\u00e9rieure (<a href=\"http:\/\/www.lefigaro.fr\/international\/israel-le-chef-limoge-du-shin-bet-met-en-cause-benyamin-netanyahou-20250421\" data-fig-type=\"NewsFlash\" data-gtm-custom-categorie=\"navigation\" data-gtm-custom-action=\"crossclick\" data-gtm-custom-label=\"Contextuel\" data-gtm-event=\"customEventSPE\" data-fig-domain=\"LEFIGARO\" rel=\"nofollow noopener\" target=\"_blank\">Shin Bet<\/a>), Ronen Bar, Benyamin Netanyahou a d\u00e9clar\u00e9 que le gouvernement \u00absous, ma direction, va nommer le chef du Shin Bet\u00bb.<\/p>\n","protected":false},"excerpt":{"rendered":"Par Le Figaro avec AFP Il y a 10 minutes \u00a0\u00bb data-script=\u00a0\u00bbhttps:\/\/static.lefigaro.fr\/widget-video\/short-ttl\/video\/index.js\u00a0\u00bb &gt; Le premier ministre s\u2019est dit&hellip;\n","protected":false},"author":2,"featured_media":117501,"comment_status":"","ping_status":"","sticky":false,"template":"","format":"standard","meta":{"footnotes":""},"categories":[5],"tags":[259,11,260,952,1011,27,665,14,261,12,19141,262,28],"class_list":{"0":"post-117500","1":"post","2":"type-post","3":"status-publish","4":"format-standard","5":"has-post-thumbnail","7":"category-international","8":"tag-actualite-internationale","9":"tag-actualites","10":"tag-affaires-etrangeres","11":"tag-benyamin-netanyahou","12":"tag-fr","13":"tag-france","14":"tag-gaza","15":"tag-international","16":"tag-ministere-des-affaires-etrangeres","17":"tag-news","18":"tag-otages","19":"tag-politique-etrangere","20":"tag-world"},"share_on_mastodon":{"url":"https:\/\/pubeurope.com\/@fr\/114547246015743052","error":""},"_links":{"self":[{"href":"https:\/\/www.europesays.com\/fr\/wp-json\/wp\/v2\/posts\/117500","targetHints":{"allow":["GET"]}}],"collection":[{"href":"https:\/\/www.europesays.com\/fr\/wp-json\/wp\/v2\/posts"}],"about":[{"href":"https:\/\/www.europesays.com\/fr\/wp-json\/wp\/v2\/types\/post"}],"author":[{"embeddable":true,"href":"https:\/\/www.europesays.com\/fr\/wp-json\/wp\/v2\/users\/2"}],"replies":[{"embeddable":true,"href":"https:\/\/www.europesays.com\/fr\/wp-json\/wp\/v2\/comments?post=117500"}],"version-history":[{"count":0,"href":"https:\/\/www.europesays.com\/fr\/wp-json\/wp\/v2\/posts\/117500\/revisions"}],"wp:featuredmedia":[{"embeddable":true,"href":"https:\/\/www.europesays.com\/fr\/wp-json\/wp\/v2\/media\/117501"}],"wp:attachment":[{"href":"https:\/\/www.europesays.com\/fr\/wp-json\/wp\/v2\/media?parent=117500"}],"wp:term":[{"taxonomy":"category","embeddable":true,"href":"https:\/\/www.europesays.com\/fr\/wp-json\/wp\/v2\/categories?post=117500"},{"taxonomy":"post_tag","embeddable":true,"href":"https:\/\/www.europesays.com\/fr\/wp-json\/wp\/v2\/tags?post=117500"}],"curies":[{"name":"wp","href":"https:\/\/api.w.org\/{rel}","templated":true}]}}