{"id":117505,"date":"2025-05-21T18:32:10","date_gmt":"2025-05-21T18:32:10","guid":{"rendered":"https:\/\/www.europesays.com\/fr\/117505\/"},"modified":"2025-05-21T18:32:10","modified_gmt":"2025-05-21T18:32:10","slug":"saint-etienne-la-biennale-du-design-soffre-une-cure-de-jouvence","status":"publish","type":"post","link":"https:\/\/www.europesays.com\/fr\/117505\/","title":{"rendered":"Saint-\u00c9tienne. La Biennale du design s\u2019offre une cure de jouvence"},"content":{"rendered":"<p>Apr\u00e8s trois ans d\u2019absence, la Biennale internationale du design de Saint-\u00c9tienne est de retour pour plus d\u2019un mois, du 22\u00a0mai au 6\u00a0juillet. La Cit\u00e9 du design retrouve l\u2019effervescence li\u00e9e \u00e0 l\u2019\u00e9v\u00e9nement avec des drapeaux color\u00e9s, des expositions et animations. Critiqu\u00e9e et critiquable, la Biennale a le m\u00e9rite de sortir la ville de sa torpeur. Avec ce cru 2025, l\u2019ambition est grande. \u00ab\u00a0Nous voulons r\u00e9concilier la Biennale avec le grand public\u00a0\u00bb, clame Marc Chassaub\u00e9n\u00e9, pr\u00e9sident de l\u2019EPCC Cit\u00e9 du design-Esad. Un v\u0153u pieux depuis plusieurs \u00e9ditions. Mais cette ann\u00e9e, l\u2019id\u00e9e est de revenir \u00e0 la formule originelle qui remonte \u00e0 1998. Jacques Bonnaval, alors directeur de l\u2019\u00c9cole des beaux-arts de Saint-\u00c9tienne, avait imagin\u00e9 cet \u00e9v\u00e9nement pour montrer un large panorama du design mondial et r\u00e9v\u00e9ler au public la r\u00e9alit\u00e9 cach\u00e9e de l\u2019objet. \u00ab\u00a0Jacques Bonnaval avait cr\u00e9\u00e9 une Biennale ouverte au monde et \u00e0 tous les publics, avec l\u2019id\u00e9e que la ville \u00e9tait l\u00e9gitime pour organiser un tel \u00e9v\u00e9nement de&#8230;<\/p>\n","protected":false},"excerpt":{"rendered":"Apr\u00e8s trois ans d\u2019absence, la Biennale internationale du design de Saint-\u00c9tienne est de retour pour plus d\u2019un mois,&hellip;\n","protected":false},"author":2,"featured_media":117506,"comment_status":"","ping_status":"","sticky":false,"template":"","format":"standard","meta":{"footnotes":""},"categories":[9653],"tags":[1111,11,2430,1687,7539,1777,674,2271,1011,27,12,25,4001,7538],"class_list":{"0":"post-117505","1":"post","2":"type-post","3":"status-publish","4":"format-standard","5":"has-post-thumbnail","7":"category-saint-etienne","8":"tag-actu","9":"tag-actualites","10":"tag-auvergne-rhone-alpes","11":"tag-culture-loisirs","12":"tag-edition-loire-sud","13":"tag-eu","14":"tag-europe","15":"tag-exposition-arts-plastiques","16":"tag-fr","17":"tag-france","18":"tag-news","19":"tag-republique-francaise","20":"tag-saint-etienne","21":"tag-saint-etienne-ville"},"share_on_mastodon":{"url":"https:\/\/pubeurope.com\/@fr\/114547258062201616","error":""},"_links":{"self":[{"href":"https:\/\/www.europesays.com\/fr\/wp-json\/wp\/v2\/posts\/117505","targetHints":{"allow":["GET"]}}],"collection":[{"href":"https:\/\/www.europesays.com\/fr\/wp-json\/wp\/v2\/posts"}],"about":[{"href":"https:\/\/www.europesays.com\/fr\/wp-json\/wp\/v2\/types\/post"}],"author":[{"embeddable":true,"href":"https:\/\/www.europesays.com\/fr\/wp-json\/wp\/v2\/users\/2"}],"replies":[{"embeddable":true,"href":"https:\/\/www.europesays.com\/fr\/wp-json\/wp\/v2\/comments?post=117505"}],"version-history":[{"count":0,"href":"https:\/\/www.europesays.com\/fr\/wp-json\/wp\/v2\/posts\/117505\/revisions"}],"wp:featuredmedia":[{"embeddable":true,"href":"https:\/\/www.europesays.com\/fr\/wp-json\/wp\/v2\/media\/117506"}],"wp:attachment":[{"href":"https:\/\/www.europesays.com\/fr\/wp-json\/wp\/v2\/media?parent=117505"}],"wp:term":[{"taxonomy":"category","embeddable":true,"href":"https:\/\/www.europesays.com\/fr\/wp-json\/wp\/v2\/categories?post=117505"},{"taxonomy":"post_tag","embeddable":true,"href":"https:\/\/www.europesays.com\/fr\/wp-json\/wp\/v2\/tags?post=117505"}],"curies":[{"name":"wp","href":"https:\/\/api.w.org\/{rel}","templated":true}]}}