{"id":117508,"date":"2025-05-21T18:34:21","date_gmt":"2025-05-21T18:34:21","guid":{"rendered":"https:\/\/www.europesays.com\/fr\/117508\/"},"modified":"2025-05-21T18:34:21","modified_gmt":"2025-05-21T18:34:21","slug":"freyming-merlebach-lorsep-deploie-son-reseau-pour-aider-ceux-qui-souffrent-de-sclerose-en-plaques","status":"publish","type":"post","link":"https:\/\/www.europesays.com\/fr\/117508\/","title":{"rendered":"Freyming-Merlebach. Lorsep d\u00e9ploie son r\u00e9seau pour aider ceux qui souffrent de scl\u00e9rose en plaques"},"content":{"rendered":"<p>En Lorraine, pr\u00e8s de 6\u00a0500 personnes souffrent de scl\u00e9rose en plaques (SEP), une maladie \u00e9volutive, auto-immune, qui touche le cerveau et la moelle \u00e9pini\u00e8re. Un r\u00e9seau, Lorsep, s\u2019est cr\u00e9\u00e9 en 2002 pour accompagner ceux qui sont frapp\u00e9s par cette pathologie, \u00ab\u00a0pour identifier les besoins et am\u00e9liorer la prise en charge globale\u00a0\u00bb, expliquent Helena Bauer et Marie Dorion. \u00ab\u00a0Il y a des formes diff\u00e9rentes de la&#8230;<\/p>\n","protected":false},"excerpt":{"rendered":"En Lorraine, pr\u00e8s de 6\u00a0500 personnes souffrent de scl\u00e9rose en plaques (SEP), une maladie \u00e9volutive, auto-immune, qui touche&hellip;\n","protected":false},"author":2,"featured_media":117509,"comment_status":"","ping_status":"","sticky":false,"template":"","format":"standard","meta":{"footnotes":""},"categories":[9635],"tags":[1111,11,4140,4141,1777,674,1011,27,23807,775,1702,12,25,71],"class_list":{"0":"post-117508","1":"post","2":"type-post","3":"status-publish","4":"format-standard","5":"has-post-thumbnail","7":"category-nancy","8":"tag-actu","9":"tag-actualites","10":"tag-cc-de-freyming-merlebach-57a","11":"tag-edition-forbach","12":"tag-eu","13":"tag-europe","14":"tag-fr","15":"tag-france","16":"tag-freyming-merlebach","17":"tag-grand-est","18":"tag-nancy","19":"tag-news","20":"tag-republique-francaise","21":"tag-sante"},"share_on_mastodon":{"url":"https:\/\/pubeurope.com\/@fr\/114547265884124276","error":""},"_links":{"self":[{"href":"https:\/\/www.europesays.com\/fr\/wp-json\/wp\/v2\/posts\/117508","targetHints":{"allow":["GET"]}}],"collection":[{"href":"https:\/\/www.europesays.com\/fr\/wp-json\/wp\/v2\/posts"}],"about":[{"href":"https:\/\/www.europesays.com\/fr\/wp-json\/wp\/v2\/types\/post"}],"author":[{"embeddable":true,"href":"https:\/\/www.europesays.com\/fr\/wp-json\/wp\/v2\/users\/2"}],"replies":[{"embeddable":true,"href":"https:\/\/www.europesays.com\/fr\/wp-json\/wp\/v2\/comments?post=117508"}],"version-history":[{"count":0,"href":"https:\/\/www.europesays.com\/fr\/wp-json\/wp\/v2\/posts\/117508\/revisions"}],"wp:featuredmedia":[{"embeddable":true,"href":"https:\/\/www.europesays.com\/fr\/wp-json\/wp\/v2\/media\/117509"}],"wp:attachment":[{"href":"https:\/\/www.europesays.com\/fr\/wp-json\/wp\/v2\/media?parent=117508"}],"wp:term":[{"taxonomy":"category","embeddable":true,"href":"https:\/\/www.europesays.com\/fr\/wp-json\/wp\/v2\/categories?post=117508"},{"taxonomy":"post_tag","embeddable":true,"href":"https:\/\/www.europesays.com\/fr\/wp-json\/wp\/v2\/tags?post=117508"}],"curies":[{"name":"wp","href":"https:\/\/api.w.org\/{rel}","templated":true}]}}