{"id":117510,"date":"2025-05-21T18:35:16","date_gmt":"2025-05-21T18:35:16","guid":{"rendered":"https:\/\/www.europesays.com\/fr\/117510\/"},"modified":"2025-05-21T18:35:16","modified_gmt":"2025-05-21T18:35:16","slug":"football-lancien-capitaine-de-las-nancy-lorraine-clement-lenglet-revient-chez-les-bleus-trois-ans-et-demi-apres-sa-derniere-selection","status":"publish","type":"post","link":"https:\/\/www.europesays.com\/fr\/117510\/","title":{"rendered":"Football. L\u2019ancien capitaine de l\u2019AS Nancy Lorraine, Cl\u00e9ment Lenglet, revient chez les Bleus, trois ans et demi apr\u00e8s sa derni\u00e8re s\u00e9lection\u00a0!"},"content":{"rendered":"<p>C\u2019est la cerise sur le g\u00e2teau <a href=\"https:\/\/www.estrepublicain.fr\/sport\/2024\/06\/17\/les-bleus-l-euro-2024-le-mercato-l-as-nancy-lorraine-clement-lenglet-a-coeur-ouvert\" target=\"_blank\" rel=\"noopener\">pour Cl\u00e9ment Lenglet<\/a> , tr\u00e8s performant avec l\u2019Atletico Madrid tout au long de cette saison. Et quelle cerise\u00a0! Une cerise bleue, blanche et rouge. L\u2019ancien capitaine de l\u2019ASNL, form\u00e9 en For\u00eat de Haye, vient d\u2019\u00eatre rappel\u00e9 en \u00e9quipe de France par Didier Deschamps, ce mercredi, trois ans et demi apr\u00e8s sa derni\u00e8re convocation, en novembre\u00a02021. Cl\u00e9ment Lenglet profite des blessures, en d\u00e9fense centrale, de Dayot Upamecano et de William Saliba pour revenir chez les Bleus, \u00e0 29 ans, avec l\u2019espoir d\u2019ajouter une 16e cape \u00e0 son compteur en demi-finale de la Ligue des Nations, le 5\u00a0juin prochain \u00e0 Stuttgart.<\/p>\n<p>Une juste r\u00e9compense pour le natif de Beauvais, <a href=\"https:\/\/www.estrepublicain.fr\/sport\/2025\/05\/04\/as-nancy-lorraine-clement-lenglet-jacques-rousselot-cedric-lecluse-les-anciens-se-rejouissent-de-la-remontee-en-ligue-2\" target=\"_blank\" rel=\"noopener\">toujours tr\u00e8s attach\u00e9 \u00e0 Nancy<\/a> , qui a continu\u00e9 \u00e0 emmagasiner une sacr\u00e9e exp\u00e9rience au top niveau pendant tout ce temps loin de l\u2019\u00e9quipe de France, \u00e0 Tottenham puis \u00e0 Aston Villa, avant de franchir encore un cap chez les \u00ab\u00a0Colchoneros\u00a0\u00bb, sous la houlette du coach Diego Simeone. L\u2019ex-Nanc\u00e9ien s\u2019est tellement bien adapt\u00e9 \u00e0 l\u2019Atletico que le club madril\u00e8ne envisage de l\u2019acheter au FC Barcelone, club avec lequel Cl\u00e9ment Lenglet reste sous contrat jusqu\u2019en 2026. Son retour confirme l\u2019id\u00e9e que le travail finit souvent par payer, m\u00eame si \u00e7a prend du temps, parfois.<\/p>\n","protected":false},"excerpt":{"rendered":"C\u2019est la cerise sur le g\u00e2teau pour Cl\u00e9ment Lenglet , tr\u00e8s performant avec l\u2019Atletico Madrid tout au long&hellip;\n","protected":false},"author":2,"featured_media":117511,"comment_status":"","ping_status":"","sticky":false,"template":"","format":"standard","meta":{"footnotes":""},"categories":[9635],"tags":[1111,11,3703,1707,1704,1706,1705,1777,674,107,1701,63,1011,27,775,1702,1703,12,25,517,1700],"class_list":{"0":"post-117510","1":"post","2":"type-post","3":"status-publish","4":"format-standard","5":"has-post-thumbnail","7":"category-nancy","8":"tag-actu","9":"tag-actualites","10":"tag-asnl","11":"tag-edition-luneville","12":"tag-edition-nancy-et-agglomeration","13":"tag-edition-pont-a-mousson","14":"tag-edition-toul","15":"tag-eu","16":"tag-europe","17":"tag-fil-info","18":"tag-fil-info-sport","19":"tag-football","20":"tag-fr","21":"tag-france","22":"tag-grand-est","23":"tag-nancy","24":"tag-nancy-ville-54b","25":"tag-news","26":"tag-republique-francaise","27":"tag-sport","28":"tag-sport-lorrain"},"share_on_mastodon":{"url":"https:\/\/pubeurope.com\/@fr\/114547269558278144","error":""},"_links":{"self":[{"href":"https:\/\/www.europesays.com\/fr\/wp-json\/wp\/v2\/posts\/117510","targetHints":{"allow":["GET"]}}],"collection":[{"href":"https:\/\/www.europesays.com\/fr\/wp-json\/wp\/v2\/posts"}],"about":[{"href":"https:\/\/www.europesays.com\/fr\/wp-json\/wp\/v2\/types\/post"}],"author":[{"embeddable":true,"href":"https:\/\/www.europesays.com\/fr\/wp-json\/wp\/v2\/users\/2"}],"replies":[{"embeddable":true,"href":"https:\/\/www.europesays.com\/fr\/wp-json\/wp\/v2\/comments?post=117510"}],"version-history":[{"count":0,"href":"https:\/\/www.europesays.com\/fr\/wp-json\/wp\/v2\/posts\/117510\/revisions"}],"wp:featuredmedia":[{"embeddable":true,"href":"https:\/\/www.europesays.com\/fr\/wp-json\/wp\/v2\/media\/117511"}],"wp:attachment":[{"href":"https:\/\/www.europesays.com\/fr\/wp-json\/wp\/v2\/media?parent=117510"}],"wp:term":[{"taxonomy":"category","embeddable":true,"href":"https:\/\/www.europesays.com\/fr\/wp-json\/wp\/v2\/categories?post=117510"},{"taxonomy":"post_tag","embeddable":true,"href":"https:\/\/www.europesays.com\/fr\/wp-json\/wp\/v2\/tags?post=117510"}],"curies":[{"name":"wp","href":"https:\/\/api.w.org\/{rel}","templated":true}]}}