{"id":117513,"date":"2025-05-21T18:37:36","date_gmt":"2025-05-21T18:37:36","guid":{"rendered":"https:\/\/www.europesays.com\/fr\/117513\/"},"modified":"2025-05-21T18:37:36","modified_gmt":"2025-05-21T18:37:36","slug":"un-homme-tout-juste-condamne-a-quatre-ans-de-prison-sevade-du-tribunal","status":"publish","type":"post","link":"https:\/\/www.europesays.com\/fr\/117513\/","title":{"rendered":"Un homme tout juste condamn\u00e9 \u00e0 quatre ans de prison s\u2019\u00e9vade du tribunal"},"content":{"rendered":"<p><strong>L\u2019\u00e9chapp\u00e9e belle &#8211; Un homme de 34 ans, condamn\u00e9 pour un refus d\u2019obtemp\u00e9rer aggrav\u00e9, s\u2019est \u00e9chapp\u00e9 du tribunal judiciaire vendredi. Il est, depuis, introuvable<\/strong><\/p>\n<p>Il s\u2019est fait la belle avant m\u00eame son incarc\u00e9ration. Vendredi, en fin de journ\u00e9e, un homme tout juste condamn\u00e9 \u00e0 quatre ans de <a href=\"https:\/\/www.20minutes.fr\/dossier\/prison?at_medium=RSS%20feed&amp;at_campaign=ynews&amp;utm_source=yahoo&amp;utm_medium=rss&amp;utm_campaign=news_feed&amp;utm_content=in_article_link\" rel=\"nofollow noopener\" target=\"_blank\" data-ylk=\"slk:prison;elm:context_link;itc:0;sec:content-canvas\" class=\"link \">prison<\/a>, dont un an avec sursis, pour avoir, entre autres, l\u00e9g\u00e8rement bless\u00e9 un policier lors d\u2019un <a href=\"https:\/\/www.20minutes.fr\/faits_divers\/refus-obtemperer\/?at_medium=RSS%20feed&amp;at_campaign=ynews&amp;utm_source=yahoo&amp;utm_medium=rss&amp;utm_campaign=news_feed&amp;utm_content=in_article_link\" rel=\"nofollow noopener\" target=\"_blank\" data-ylk=\"slk:refus d\u2019obtemp\u00e9rer;elm:context_link;itc:0;sec:content-canvas\" class=\"link \">refus d\u2019obtemp\u00e9rer<\/a>, s\u2019est \u00e9vad\u00e9 des ge\u00f4les du tribunal judiciaire de <a href=\"https:\/\/www.20minutes.fr\/dossier\/toulon?at_medium=RSS%20feed&amp;at_campaign=ynews&amp;utm_source=yahoo&amp;utm_medium=rss&amp;utm_campaign=news_feed&amp;utm_content=in_article_link\" rel=\"nofollow noopener\" target=\"_blank\" data-ylk=\"slk:Toulon;elm:context_link;itc:0;sec:content-canvas\" class=\"link \">Toulon<\/a>, a appris 20 Minutes aupr\u00e8s du procureur de la R\u00e9publique, Samuel Finielz. Il est toujours introuvable.<\/p>\n<p>Cet homme de 34 ans au casier judiciaire d\u00e9j\u00e0 cons\u00e9quent &#8211; essentiellement des d\u00e9lits routiers et des vols &#8211; avait \u00e9t\u00e9 interpell\u00e9 mercredi, quelques heures apr\u00e8s le vol d\u2019un fourgon frigorifique \u00e0 Saint-Rapha\u00ebl, dans le <a href=\"https:\/\/www.20minutes.fr\/societe\/var\/?at_medium=RSS%20feed&amp;at_campaign=ynews&amp;utm_source=yahoo&amp;utm_medium=rss&amp;utm_campaign=news_feed&amp;utm_content=in_article_link\" rel=\"nofollow noopener\" target=\"_blank\" data-ylk=\"slk:Var;elm:context_link;itc:0;sec:content-canvas\" class=\"link \">Var<\/a>. Lors de son arrestation, l\u2019homme a refus\u00e9 d\u2019obtemp\u00e9rer, manquant de renverser deux policiers. L\u2019un des deux a \u00e9t\u00e9 l\u00e9g\u00e8rement bless\u00e9. Toutefois, note le magistrat, aucune \u00ab volont\u00e9 d\u00e9lib\u00e9r\u00e9 et pr\u00e9m\u00e9dit\u00e9 \u00bb de tuer ou de blesser n\u2019a \u00e9t\u00e9 mise en lumi\u00e8re dans cette affaire.<\/p>\n<p>R\u00e9cidive<\/p>\n<p>Arr\u00eat\u00e9 peu apr\u00e8s, il \u00e9tait jug\u00e9 vendredi en comparution imm\u00e9diate pour le vol du camion, pour refus d\u2019obtemp\u00e9rer et pour conduite sans permis. Le tout, en <a href=\"https:\/\/www.20minutes.fr\/dossier\/recidive?at_medium=RSS%20feed&amp;at_campaign=ynews&amp;utm_source=yahoo&amp;utm_medium=rss&amp;utm_campaign=news_feed&amp;utm_content=in_article_link\" rel=\"nofollow noopener\" target=\"_blank\" data-ylk=\"slk:r\u00e9cidive;elm:context_link;itc:0;sec:content-canvas\" class=\"link \">r\u00e9cidive<\/a>. Vers 17 heures, le jugement tombe : quatre ans de d\u00e9tention, dont un an avec sursis. Mais alors qu\u2019il attendait dans les ge\u00f4les du tribunal son transfert vers la maison d\u2019arr\u00eat, l\u2019homme est parvenu \u00e0 s\u2019\u00e9chapper dans des circonstances qui restent encore \u00e0 d\u00e9terminer.<\/p>\n<p>Une enqu\u00eate de flagrance a \u00e9t\u00e9 ouverte pour \u00e9vasion et les investigations ont \u00e9t\u00e9 confi\u00e9es au service interd\u00e9partemental de la police judiciaire de Toulon. Les(&#8230;)<\/p>\n<p><a href=\"https:\/\/www.20minutes.fr\/faits_divers\/4154249-20250519-toulon-homme-tout-juste-condamne-quatre-ans-prison-evade-tribunal?at_medium=RSS%20feed&amp;at_campaign=ynews&amp;utm_source=yahoo&amp;utm_medium=rss&amp;utm_campaign=news_feed&amp;utm_content=read_more_link\" rel=\"nofollow noopener\" target=\"_blank\" data-ylk=\"slk:Lire la suite sur 20minutes;elm:context_link;itc:0;sec:content-canvas\" class=\"link \">Lire la suite sur 20minutes<\/a><\/p>\n<p>\u00c0 lire aussi :<br \/><a href=\"https:\/\/www.20minutes.fr\/justice\/4065338-20231204-orleans-tout-juste-condamne-an-prison-evade-tribunal?at_medium=RSS%20feed&amp;at_campaign=ynews&amp;utm_source=yahoo&amp;utm_medium=rss&amp;utm_campaign=news_feed&amp;utm_content=related_content_link\" rel=\"nofollow noopener\" target=\"_blank\" data-ylk=\"slk:Orl\u00e9ans : Tout juste condamn\u00e9 \u00e0 un an de prison, il s\u2019\u00e9vade du tribunal;elm:context_link;itc:0;sec:content-canvas\" class=\"link \">Orl\u00e9ans : Tout juste condamn\u00e9 \u00e0 un an de prison, il s\u2019\u00e9vade du tribunal<\/a><br \/><a href=\"https:\/\/www.20minutes.fr\/faits_divers\/4153862-20250516-policier-tue-avignon-homme-loge-meurtrier-evade-prison?at_medium=RSS%20feed&amp;at_campaign=ynews&amp;utm_source=yahoo&amp;utm_medium=rss&amp;utm_campaign=news_feed&amp;utm_content=related_content_link\" rel=\"nofollow noopener\" target=\"_blank\" data-ylk=\"slk:Policier tu\u00e9 \u00e0 Avignon : L\u2019homme qui avait log\u00e9 le meurtrier s\u2019est \u00e9vad\u00e9 de prison;elm:context_link;itc:0;sec:content-canvas\" class=\"link \">Policier tu\u00e9 \u00e0 Avignon : L\u2019homme qui avait log\u00e9 le meurtrier s\u2019est \u00e9vad\u00e9 de prison<\/a><\/p>\n","protected":false},"excerpt":{"rendered":"L\u2019\u00e9chapp\u00e9e belle &#8211; Un homme de 34 ans, condamn\u00e9 pour un refus d\u2019obtemp\u00e9rer aggrav\u00e9, s\u2019est \u00e9chapp\u00e9 du tribunal&hellip;\n","protected":false},"author":2,"featured_media":117514,"comment_status":"","ping_status":"","sticky":false,"template":"","format":"standard","meta":{"footnotes":""},"categories":[9619],"tags":[1111,11,1764,1777,674,23810,1011,27,23808,12,3764,882,25,23809,2310,5515],"class_list":{"0":"post-117513","1":"post","2":"type-post","3":"status-publish","4":"format-standard","5":"has-post-thumbnail","7":"category-toulon","8":"tag-actu","9":"tag-actualites","10":"tag-ans","11":"tag-eu","12":"tag-europe","13":"tag-evade-de-prison","14":"tag-fr","15":"tag-france","16":"tag-lechappee-belle","17":"tag-news","18":"tag-procureur-de-la-republique","19":"tag-provence-alpes-cote-dazur","20":"tag-republique-francaise","21":"tag-samuel-finielz","22":"tag-toulon","23":"tag-tribunal-judiciaire"},"share_on_mastodon":{"url":"https:\/\/pubeurope.com\/@fr\/114547277433223979","error":""},"_links":{"self":[{"href":"https:\/\/www.europesays.com\/fr\/wp-json\/wp\/v2\/posts\/117513","targetHints":{"allow":["GET"]}}],"collection":[{"href":"https:\/\/www.europesays.com\/fr\/wp-json\/wp\/v2\/posts"}],"about":[{"href":"https:\/\/www.europesays.com\/fr\/wp-json\/wp\/v2\/types\/post"}],"author":[{"embeddable":true,"href":"https:\/\/www.europesays.com\/fr\/wp-json\/wp\/v2\/users\/2"}],"replies":[{"embeddable":true,"href":"https:\/\/www.europesays.com\/fr\/wp-json\/wp\/v2\/comments?post=117513"}],"version-history":[{"count":0,"href":"https:\/\/www.europesays.com\/fr\/wp-json\/wp\/v2\/posts\/117513\/revisions"}],"wp:featuredmedia":[{"embeddable":true,"href":"https:\/\/www.europesays.com\/fr\/wp-json\/wp\/v2\/media\/117514"}],"wp:attachment":[{"href":"https:\/\/www.europesays.com\/fr\/wp-json\/wp\/v2\/media?parent=117513"}],"wp:term":[{"taxonomy":"category","embeddable":true,"href":"https:\/\/www.europesays.com\/fr\/wp-json\/wp\/v2\/categories?post=117513"},{"taxonomy":"post_tag","embeddable":true,"href":"https:\/\/www.europesays.com\/fr\/wp-json\/wp\/v2\/tags?post=117513"}],"curies":[{"name":"wp","href":"https:\/\/api.w.org\/{rel}","templated":true}]}}