{"id":117519,"date":"2025-05-21T18:40:34","date_gmt":"2025-05-21T18:40:34","guid":{"rendered":"https:\/\/www.europesays.com\/fr\/117519\/"},"modified":"2025-05-21T18:40:34","modified_gmt":"2025-05-21T18:40:34","slug":"un-nouveau-club-dentreprises-sur-le-territoire-de-la-cote-dalbatre","status":"publish","type":"post","link":"https:\/\/www.europesays.com\/fr\/117519\/","title":{"rendered":"Un nouveau club d\u2019entreprises\u00a0sur le territoire de la C\u00f4te d\u2019Alb\u00e2tre\u00a0!"},"content":{"rendered":"<p>\n                    Un nouveau club, d\u00e9di\u00e9 aux entreprises situ\u00e9es sur le territoire de la Communaut\u00e9 de\u00a0communes de la C\u00f4te d\u2019Alb\u00e2tre, vient d\u2019\u00eatre inaugur\u00e9 par la CCI Rouen M\u00e9tropole. Objectifs\u00a0: dynamiser le tissu \u00e9conomique local et renforcer les liens entre les acteurs \u00e9conomiques du territoire\u2026                <\/p>\n<p class=\"x_MsoNormal\">\u00ab\u00a0Dans un contexte g\u00e9opolitique tendu, la vitalit\u00e9 des entreprises est un enjeu essentiel.\u00a0 Dans cette comp\u00e9tition, les CCI s\u2019efforcent d\u2019apporter diff\u00e9rents niveaux de r\u00e9ponse. Et ici, aux c\u00f4t\u00e9s de la Communaut\u00e9 de communes de la C\u00f4te d\u2019Alb\u00e2tre, la CCI Rouen M\u00e9tropole a identifi\u00e9 que la cr\u00e9ation d\u2019un club des entreprises pouvait \u00eatre un premier niveau de r\u00e9ponse, permettant aux entrepreneurs du territoire d\u2019\u00e9changer, de mieux se conna\u00eetre et surtout de s\u2019am\u00e9liorer en confrontant leurs exp\u00e9riences\u00a0\u00bb, explique Patrick Coquelet, pr\u00e9sident de la d\u00e9l\u00e9gation de Dieppe de la CCI Rouen M\u00e9tropole.<\/p>\n<p class=\"x_MsoNormal\">Une proposition qui ne doit cependant rien au hasard. Cela faisait en effet d\u00e9j\u00e0 pr\u00e8s de trois ans que la cr\u00e9ation d\u2019un tel club \u00e9tait r\u00e9clam\u00e9e \u00e0 la CCI par diff\u00e9rents industriels. Mais afin d\u2019identifier le plus finement possible les besoins et attentes des entreprises du territoire de la Communaut\u00e9 de\u00a0communes de la C\u00f4te d\u2019Alb\u00e2tre (63 communes), secteur qui couvre les communes allant d\u2019Ourville-en-Caux \u00e0 Saint-Aubin-sur-Mer en passant par Saint-Valery-en-Caux et\u00a0Cany-Barville, un questionnaire a \u00e9t\u00e9 envoy\u00e9 \u00e0 plus d\u2019une centaine d\u2019entreprises, entre juillet et d\u00e9cembre 2024.<\/p>\n<p class=\"x_MsoNormal\">Cany-Barville, commune o\u00f9 a justement eu lieu la toute premi\u00e8re r\u00e9union de ce club, dans les locaux de l\u2019entreprise Polytechs, membre du club et dirig\u00e9e par le pr\u00e9sident de la d\u00e9l\u00e9gation de Dieppe de la CCI Rouen M\u00e9tropole\u2026 \u00ab Ce sera d\u2019ailleurs l\u2019un des principes du club : \u00e0 chaque r\u00e9union, nous nous d\u00e9placerons chez un membre du club afin de d\u00e9couvrir son activit\u00e9 mais aussi pour nouer des liens particuliers. Bien s\u00fbr que certains pourront travailler ensemble, mais pas syst\u00e9matiquement. En revanche, nous connaissons tous quelqu\u2019un qui a besoin de telle ou telle comp\u00e9tence que notre territoire est en mesure de lui offrir. Mais il ne s\u2019agit pas d\u2019un club BNI de plus \u00bb, compl\u00e8te Isabelle Blondel, conseill\u00e8re territoriale de la CCI Rouen M\u00e9tropole, r\u00e9f\u00e9rente Pays de Caux et en charge de l\u2019animation du nouveau club.<\/p>\n<p>\u00a0 \u00ab\u00a0Nous sommes tr\u00e8s attach\u00e9s au monde de l\u2019entreprise, car ce sont elles qui cr\u00e9ent la valeur de nos territoires\u2026 Sans elles, il nous serait impossible d\u2019assumer nos missions de service public\u00a0! Par ailleurs, la mise en r\u00e9seau est \u00e0 nos yeux la meilleure fa\u00e7on de confronter les probl\u00e9matiques des uns \u00e0 l\u2019exp\u00e9rience des autres. C\u2019est de cette mani\u00e8re que l\u2019on peut avancer\u00a0\u00bb, a assur\u00e9 pour sa part J\u00e9r\u00f4me Lheureux, pr\u00e9sident de la Communaut\u00e9 de communes de la C\u00f4te d\u2019Alb\u00e2tre qui, en guise de soutien \u00e0 cette cr\u00e9ation, a d\u00e9cid\u00e9 de prendre \u00e0 sa charge 50 % du montant de la cotisation 2025. \u00a0 Embauches et comp\u00e9tences, au c\u0153ur des pr\u00e9occupations\u00a0!<\/p>\n<p class=\"x_MsoNormal\">Afin de d\u00e9finir les th\u00e9matiques des premi\u00e8res r\u00e9unions et surtout d\u2019organiser des groupes de travail, l\u2019enqu\u00eate adress\u00e9e aux entreprises par la CCI Rouen M\u00e9tropole a \u00e9galement \u00e9t\u00e9 une aide pr\u00e9cieuse, car au c\u0153ur des pr\u00e9occupations des industriels, les besoins en mati\u00e8re de comp\u00e9tences sont pr\u00e9gnants.<\/p>\n<p class=\"x_MsoNormal\">Sur les 53 r\u00e9ponses re\u00e7ues, 36 entreprises ont embauch\u00e9 au cours des 12 derniers mois et 21 vont encore embaucher, soit l\u2019\u00e9quivalent de 123 postes \u00e0 pourvoir ! Mais ce qui est important \u00e0 souligner, c\u2019est que dans la grande majorit\u00e9 des cas (59 %), ce sont les chefs d\u2019entreprise eux-m\u00eames qui s\u2019occupent des embauches. Elles ne sont en effet que 24 % \u00e0 disposer d\u2019un service d\u00e9di\u00e9 aux ressources humaines.<\/p>\n<p class=\"x_MsoNormal\">D\u2019autres th\u00e9matiques seront bien entendu abord\u00e9es \u00e0 l\u2019avenir, avec pour objectif d\u2019apporter des solutions pragmatiques aux adh\u00e9rents, \u00e0 l\u2019image d\u2019un syst\u00e8me sp\u00e9cifique de collecte des d\u00e9chets d\u2019emballage et autres cartons afin de valoriser une action commune en faveur de la RSE.<\/p>\n","protected":false},"excerpt":{"rendered":"Un nouveau club, d\u00e9di\u00e9 aux entreprises situ\u00e9es sur le territoire de la Communaut\u00e9 de\u00a0communes de la C\u00f4te d\u2019Alb\u00e2tre,&hellip;\n","protected":false},"author":2,"featured_media":117520,"comment_status":"","ping_status":"","sticky":false,"template":"","format":"standard","meta":{"footnotes":""},"categories":[9587],"tags":[1111,11,23813,13086,23814,23815,23816,1777,674,1011,27,12,5161,25,9590],"class_list":{"0":"post-117519","1":"post","2":"type-post","3":"status-publish","4":"format-standard","5":"has-post-thumbnail","7":"category-rouen","8":"tag-actu","9":"tag-actualites","10":"tag-cany-barville","11":"tag-cci-rouen-metropole","12":"tag-club-dentreprises","13":"tag-communaute-de-communes-de-la-cote-dalbatre","14":"tag-cote-dalbatre","15":"tag-eu","16":"tag-europe","17":"tag-fr","18":"tag-france","19":"tag-news","20":"tag-normandie","21":"tag-republique-francaise","22":"tag-rouen"},"share_on_mastodon":{"url":"https:\/\/pubeurope.com\/@fr\/114547289265216215","error":""},"_links":{"self":[{"href":"https:\/\/www.europesays.com\/fr\/wp-json\/wp\/v2\/posts\/117519","targetHints":{"allow":["GET"]}}],"collection":[{"href":"https:\/\/www.europesays.com\/fr\/wp-json\/wp\/v2\/posts"}],"about":[{"href":"https:\/\/www.europesays.com\/fr\/wp-json\/wp\/v2\/types\/post"}],"author":[{"embeddable":true,"href":"https:\/\/www.europesays.com\/fr\/wp-json\/wp\/v2\/users\/2"}],"replies":[{"embeddable":true,"href":"https:\/\/www.europesays.com\/fr\/wp-json\/wp\/v2\/comments?post=117519"}],"version-history":[{"count":0,"href":"https:\/\/www.europesays.com\/fr\/wp-json\/wp\/v2\/posts\/117519\/revisions"}],"wp:featuredmedia":[{"embeddable":true,"href":"https:\/\/www.europesays.com\/fr\/wp-json\/wp\/v2\/media\/117520"}],"wp:attachment":[{"href":"https:\/\/www.europesays.com\/fr\/wp-json\/wp\/v2\/media?parent=117519"}],"wp:term":[{"taxonomy":"category","embeddable":true,"href":"https:\/\/www.europesays.com\/fr\/wp-json\/wp\/v2\/categories?post=117519"},{"taxonomy":"post_tag","embeddable":true,"href":"https:\/\/www.europesays.com\/fr\/wp-json\/wp\/v2\/tags?post=117519"}],"curies":[{"name":"wp","href":"https:\/\/api.w.org\/{rel}","templated":true}]}}