{"id":117525,"date":"2025-05-21T18:43:20","date_gmt":"2025-05-21T18:43:20","guid":{"rendered":"https:\/\/www.europesays.com\/fr\/117525\/"},"modified":"2025-05-21T18:43:20","modified_gmt":"2025-05-21T18:43:20","slug":"frederic-desfrenne-unecabaneparjour-en-dedicace-dans-votre-fnac-grenoble-victor-hugo","status":"publish","type":"post","link":"https:\/\/www.europesays.com\/fr\/117525\/","title":{"rendered":"Fr\u00e9d\u00e9ric Desfrenne, @unecabaneparjour, en d\u00e9dicace dans votre Fnac Grenoble Victor Hugo"},"content":{"rendered":"<p>La Fnac Grenoble Victor Hugo est heureuse d\u2019accueillir l\u2019auteur pour la d\u00e9dicace de son nouveau livre \u00ab Micro-aventure en refuges de montagne \u00bb, paru le 16 mai aux \u00e9ditions Vagnon Du Plaisancier.<\/p>\n<p align=\"left\">Ce guide vous propose de pr\u00e9parer votre \u00e9chapp\u00e9e et d\u2019explorer 20 p\u00e9pites de refuges choisies au coeur des massifs fran\u00e7ais pour leur environnement, leur authenticit\u00e9, leur charme et leur \u00e9quipement. Et comme l\u2019envie de rejoindre les sentiers ne vous quittera plus, une s\u00e9lection d\u2019une cinquantaine de refuges vous invitera \u00e0 continuer d\u2019\u00eatre en chemin pour une nuit\u00e9e, une \u00e9tape d\u2019itin\u00e9rance ou une randonn\u00e9e.<\/p>\n<p><strong>Fr\u00e9d\u00e9ric Desfrenne\u00a0<\/strong><\/p>\n<p align=\"left\">Fr\u00e9d\u00e9ric Desfrenne partage depuis quelques ann\u00e9es, ses aventures encaban\u00e9es sur son compte Instagram @unecabaneparjour (35,6 K). Une large communaut\u00e9 de \u00ab\u00a0cabaneurs\u00a0\u00bb s\u2019est cr\u00e9\u00e9e autour de ses abris ouverts \u00e0 tous, nich\u00e9s au fond des bois ou pos\u00e9s sur les alpages. Marcheur passionn\u00e9, pour lui la cabane est une invitation \u00e0 l\u2019autonomie et au minimalisme. Un appel de la nature.\u00a0<\/p>\n<p style=\"text-align: center;\" align=\"left\">*\u00c9v\u00e9nement gratuit, dans la limite des places disponibles<\/p>\n<p>        <img decoding=\"async\" src=\"https:\/\/www.europesays.com\/fr\/wp-content\/uploads\/2025\/04\/logo-rse.png\" alt=\"Logo RSE\" loading=\"lazy\" width=\"84\" height=\"116\"\/><\/p>\n<p>\n        La Fnac s\u2019engage activement dans les initiatives de responsabilit\u00e9 soci\u00e9tale des entreprises (RSE).\n    <\/p>\n<p>\n        Aidez-nous en choisissant la mobilit\u00e9 douce en privil\u00e9giant par exemple le v\u00e9lo (pistes cyclables et stationnements \u00e0 disposition), les transports en commun ou le covoiturage pour nous rejoindre. Ainsi, vous contribuez \u00e0 r\u00e9duire les \u00e9missions de gaz \u00e0 effet de serre et \u00e0 am\u00e9liorer notre qualit\u00e9 de l\u2019air. Pour plus d\u2019information, consultez la fiche du magasin.<br \/>Tous nos \u00e9v\u00e8nements sont en acc\u00e8s gratuit, dans la limite des places disponibles.\n    <\/p>\n","protected":false},"excerpt":{"rendered":"La Fnac Grenoble Victor Hugo est heureuse d\u2019accueillir l\u2019auteur pour la d\u00e9dicace de son nouveau livre \u00ab Micro-aventure&hellip;\n","protected":false},"author":2,"featured_media":117526,"comment_status":"","ping_status":"","sticky":false,"template":"","format":"standard","meta":{"footnotes":""},"categories":[9566],"tags":[23817,1111,11,2430,1777,674,9391,1011,27,23818,2731,2003,23819,5324,12,23820,25],"class_list":{"0":"post-117525","1":"post","2":"type-post","3":"status-publish","4":"format-standard","5":"has-post-thumbnail","7":"category-grenoble","8":"tag-unecabaneparjour","9":"tag-actu","10":"tag-actualites","11":"tag-auvergne-rhone-alpes","12":"tag-eu","13":"tag-europe","14":"tag-evenement-fnac-gratuit","15":"tag-fr","16":"tag-france","17":"tag-frederic-desfrenne","18":"tag-grenoble","19":"tag-livre","20":"tag-micro-aventure","21":"tag-montagne","22":"tag-news","23":"tag-refuges-en-montagne","24":"tag-republique-francaise"},"share_on_mastodon":{"url":"https:\/\/pubeurope.com\/@fr\/114547301014635016","error":""},"_links":{"self":[{"href":"https:\/\/www.europesays.com\/fr\/wp-json\/wp\/v2\/posts\/117525","targetHints":{"allow":["GET"]}}],"collection":[{"href":"https:\/\/www.europesays.com\/fr\/wp-json\/wp\/v2\/posts"}],"about":[{"href":"https:\/\/www.europesays.com\/fr\/wp-json\/wp\/v2\/types\/post"}],"author":[{"embeddable":true,"href":"https:\/\/www.europesays.com\/fr\/wp-json\/wp\/v2\/users\/2"}],"replies":[{"embeddable":true,"href":"https:\/\/www.europesays.com\/fr\/wp-json\/wp\/v2\/comments?post=117525"}],"version-history":[{"count":0,"href":"https:\/\/www.europesays.com\/fr\/wp-json\/wp\/v2\/posts\/117525\/revisions"}],"wp:featuredmedia":[{"embeddable":true,"href":"https:\/\/www.europesays.com\/fr\/wp-json\/wp\/v2\/media\/117526"}],"wp:attachment":[{"href":"https:\/\/www.europesays.com\/fr\/wp-json\/wp\/v2\/media?parent=117525"}],"wp:term":[{"taxonomy":"category","embeddable":true,"href":"https:\/\/www.europesays.com\/fr\/wp-json\/wp\/v2\/categories?post=117525"},{"taxonomy":"post_tag","embeddable":true,"href":"https:\/\/www.europesays.com\/fr\/wp-json\/wp\/v2\/tags?post=117525"}],"curies":[{"name":"wp","href":"https:\/\/api.w.org\/{rel}","templated":true}]}}