{"id":117529,"date":"2025-05-21T18:45:17","date_gmt":"2025-05-21T18:45:17","guid":{"rendered":"https:\/\/www.europesays.com\/fr\/117529\/"},"modified":"2025-05-21T18:45:17","modified_gmt":"2025-05-21T18:45:17","slug":"des-enfants-recrutes-sur-des-points-de-deal-de-rennes-linquietude-cest-que-ca-se-generalise-en-bretagne","status":"publish","type":"post","link":"https:\/\/www.europesays.com\/fr\/117529\/","title":{"rendered":"Des enfants recrut\u00e9s sur des points de deal de Rennes\u00a0: \u00ab\u00a0L\u2019inqui\u00e9tude, c\u2019est que \u00e7a se g\u00e9n\u00e9ralise en Bretagne\u00a0\u00bb"},"content":{"rendered":"<p>\u00ab\u00a0Des criminels sans scrupule qui exploitent la vuln\u00e9rabilit\u00e9\u00a0\u00bb, estime la pr\u00e9fecture<\/p>\n<p>Gabriel Morin, directeur de cabinet du pr\u00e9fet de Bretagne, charg\u00e9 notamment des questions de s\u00e9curit\u00e9\u00a0: \u00ab\u00a0L\u2019\u00c9ducation nationale est tr\u00e8s attentive \u00e0 la probl\u00e9matique des mineurs qui tombent dans le trafic. Nous conduisons, avec les forces de s\u00e9curit\u00e9, des op\u00e9rations aux abords et parfois dans les \u00e9tablissements scolaires, qui sont assez frappantes pour les enfants. Il s\u2019agit de montrer qu\u2019on est l\u00e0 et qu\u2019un coll\u00e8ge, ce n\u2019est pas le Far West. Il y a \u00e9videmment une r\u00e9ponse sociale \u00e0 apporter. Certains mineurs peuvent relever de la protection de l\u2019enfance ou plut\u00f4t du judiciaire. Il s\u2019agit de v\u00e9rifier si des mesures sont n\u00e9cessaires pour que ces enfants retrouvent un cadre d\u2019\u00e9ducation normal. Leur place est \u00e0 l\u2019\u00e9cole ou dans des structures d\u2019accompagnement. Pas dans la rue, \u00e0 faire les guetteurs pour des criminels sans scrupule qui exploitent leur vuln\u00e9rabilit\u00e9. L\u2019emploi d\u2019enfants sur les points de deal rend ce trafic encore plus abject\u00a0\u00bb.<\/p>\n<p>\u00ab\u00a0Certaines m\u00e9thodes de Rennes commencent \u00e0 s\u2019exporter ailleurs\u00a0\u00bb, s\u2019alarme Alliance<\/p>\n<p>Julien Le Cam, r\u00e9f\u00e9rent Bretagne du syndicat Alliance\u00a0: \u00ab\u00a0Les dealers pr\u00e9f\u00e8rent mettre des tr\u00e8s jeunes car c\u2019est une main-d\u2019\u0153uvre qui co\u00fbte moins cher. Et la justice ne peut pas les poursuivre. Pour le moment, ces pratiques extr\u00eames de recrutement d\u2019enfants sont r\u00e9serv\u00e9es \u00e0 Rennes, qui reste la ville la plus d\u00e9licate en Bretagne en mati\u00e8re de stup\u00e9fiants. L\u2019inqui\u00e9tude, c\u2019est que cela se g\u00e9n\u00e9ralise car il y a toujours un d\u00e9calage. On voit que certaines m\u00e9thodes, qu\u2019on pensait cantonn\u00e9es \u00e0 Rennes, commencent d\u00e9j\u00e0 \u00e0 s\u2019exporter ailleurs dans la r\u00e9gion. On a vu, par exemple, des tirs \u00e0 Quimper et Morlaix, o\u00f9 c\u2019\u00e9tait impossible d\u2019imaginer cela il y a encore quelques mois. L\u2019utilisation des armes se r\u00e9pand. Et le probl\u00e8me, c\u2019est que l\u2019\u00c9tat n\u2019anticipe pas. Le trafic de stup\u00e9fiants est en train de changer la face de toute la d\u00e9linquance. Les commissariats bretons sont calibr\u00e9s sur celle des ann\u00e9es 90\u00a0\u00bb.<\/p>\n<p>\u00ab\u00a0Certaines m\u00e8res seules n\u2019ont pas le temps de s\u2019occuper de leur enfant\u00a0\u00bb, pointe SGP-Police<\/p>\n<p>David Leveau, secr\u00e9taire r\u00e9gional de SGP-Police\u00a0: \u00ab\u00a0L\u2019emploi de guetteurs d\u00e8s 13-14 ans est monnaie courante m\u00eame si le recrutement des tr\u00e8s jeunes semble, pour le moment, circonscrit \u00e0 Rennes. Mais je crains aussi que cela arrive ailleurs en Bretagne. Il y a clairement un probl\u00e8me dans l\u2019\u00e9ducation des enfants. On a des familles d\u00e9bord\u00e9es, qui ne savent plus quoi faire de leur gamin. Certaines m\u00e8res les \u00e9l\u00e8vent seules, ont un ou deux emplois pour pouvoir vivre et n\u2019ont pas le temps de s\u2019en occuper. C\u2019est une probl\u00e9matique que l\u2019on observe sur l\u2019ensemble du territoire. Et si on ne travaille pas l\u00e0-dessus, on n\u2019y arrivera pas. D\u2019autant qu\u2019on voit ces vid\u00e9os de dealers qui se multiplient sur les r\u00e9seaux sociaux qui ont pour but d\u2019attirer, de montrer qu\u2019il n\u2019y a rien \u00e0 craindre de la justice, en empruntant les codes des clips de rap. Ils occultent tout le c\u00f4t\u00e9 n\u00e9gatif et le risque de le payer de sa vie. La police arrive en bout de la cha\u00eene, quand c\u2019est trop tard\u00a0\u00bb.<\/p>\n","protected":false},"excerpt":{"rendered":"\u00ab\u00a0Des criminels sans scrupule qui exploitent la vuln\u00e9rabilit\u00e9\u00a0\u00bb, estime la pr\u00e9fecture Gabriel Morin, directeur de cabinet du pr\u00e9fet&hellip;\n","protected":false},"author":2,"featured_media":117530,"comment_status":"","ping_status":"","sticky":false,"template":"","format":"standard","meta":{"footnotes":""},"categories":[2821],"tags":[1111,11,829,1777,674,1011,27,303,12,1072,584,25,7164],"class_list":{"0":"post-117529","1":"post","2":"type-post","3":"status-publish","4":"format-standard","5":"has-post-thumbnail","7":"category-rennes","8":"tag-actu","9":"tag-actualites","10":"tag-bretagne","11":"tag-eu","12":"tag-europe","13":"tag-fr","14":"tag-france","15":"tag-justice","16":"tag-news","17":"tag-police","18":"tag-rennes","19":"tag-republique-francaise","20":"tag-trafic-de-stupefiants"},"share_on_mastodon":{"url":"https:\/\/pubeurope.com\/@fr\/114547308873706123","error":""},"_links":{"self":[{"href":"https:\/\/www.europesays.com\/fr\/wp-json\/wp\/v2\/posts\/117529","targetHints":{"allow":["GET"]}}],"collection":[{"href":"https:\/\/www.europesays.com\/fr\/wp-json\/wp\/v2\/posts"}],"about":[{"href":"https:\/\/www.europesays.com\/fr\/wp-json\/wp\/v2\/types\/post"}],"author":[{"embeddable":true,"href":"https:\/\/www.europesays.com\/fr\/wp-json\/wp\/v2\/users\/2"}],"replies":[{"embeddable":true,"href":"https:\/\/www.europesays.com\/fr\/wp-json\/wp\/v2\/comments?post=117529"}],"version-history":[{"count":0,"href":"https:\/\/www.europesays.com\/fr\/wp-json\/wp\/v2\/posts\/117529\/revisions"}],"wp:featuredmedia":[{"embeddable":true,"href":"https:\/\/www.europesays.com\/fr\/wp-json\/wp\/v2\/media\/117530"}],"wp:attachment":[{"href":"https:\/\/www.europesays.com\/fr\/wp-json\/wp\/v2\/media?parent=117529"}],"wp:term":[{"taxonomy":"category","embeddable":true,"href":"https:\/\/www.europesays.com\/fr\/wp-json\/wp\/v2\/categories?post=117529"},{"taxonomy":"post_tag","embeddable":true,"href":"https:\/\/www.europesays.com\/fr\/wp-json\/wp\/v2\/tags?post=117529"}],"curies":[{"name":"wp","href":"https:\/\/api.w.org\/{rel}","templated":true}]}}