{"id":117531,"date":"2025-05-21T18:46:10","date_gmt":"2025-05-21T18:46:10","guid":{"rendered":"https:\/\/www.europesays.com\/fr\/117531\/"},"modified":"2025-05-21T18:46:10","modified_gmt":"2025-05-21T18:46:10","slug":"strasbourg-controles-aux-frontieres-en-allemagne-les-maires-montent-au-creneau","status":"publish","type":"post","link":"https:\/\/www.europesays.com\/fr\/117531\/","title":{"rendered":"Strasbourg. Contr\u00f4les aux fronti\u00e8res en Allemagne\u00a0: les maires montent au cr\u00e9neau"},"content":{"rendered":"<p>Le maire de Kehl, Wolfram Britz, et son homologue strasbourgeoise, Jeanne Barseghian, se sont plaints aupr\u00e8s du chancelier Friedrich Merz (CDU) du <a href=\"https:\/\/www.dna.fr\/faits-divers-justice\/2025\/05\/08\/controles-renforces-a-la-frontiere-voitures-et-tramways-bloques-entre-strasbourg-et-kehl\" target=\"_blank\" rel=\"nofollow noopener\">renforcement des contr\u00f4les \u00e0 la fronti\u00e8re allemande<\/a>. Ces contr\u00f4les affectent consid\u00e9rablement la vie dans l\u2019agglom\u00e9ration franco-allemande, \u00e9crivent les deux \u00e9diles dans une lettre communiqu\u00e9e par la Ville de Kehl.<\/p>\n<p>Au niveau du pont de l\u2019Europe, consid\u00e9r\u00e9 comme un goulet d\u2019\u00e9tranglement pour le trafic entre l\u2019est de la France et l\u2019Allemagne, les voitures sont souvent bloqu\u00e9es en raison des contr\u00f4les renforc\u00e9s. De nombreux Alsaciens se rendent dans le Bade-Wurtemberg voisin pour travailler et y faire leurs courses.<\/p>\n<p>  \u00ab\u00a0D\u00e9savantage concurrentiel\u00a0\u00bb<\/p>\n<p>Ces contr\u00f4les ont un impact au plan \u00e9conomique, soulignent les \u00e9diles. Le commerce de d\u00e9tail de Kehl p\u00e2tit de la diminution du nombre de clients en provenance de la r\u00e9gion voisine de Strasbourg. Les entreprises de la r\u00e9gion frontali\u00e8re du Bade-Wurtemberg d\u00e9pendent du personnel qualifi\u00e9 de l\u2019Alsace voisine. Les \u00e9lus estiment que ces mesures de renforcement constituent un \u00ab\u00a0d\u00e9savantage concurrentiel\u00a0\u00bb. Ils invitent le chancelier Merz \u00e0 se rendre sur place.<\/p>\n<p>Depuis l\u2019\u00e9lection de Friedrich Merz au poste de chancelier, son ministre de l\u2019Int\u00e9rieur Alexander Dobrindt (CSU) a d\u00e9cr\u00e9t\u00e9 une intensification des contr\u00f4les aux fronti\u00e8res. Parall\u00e8lement, il a aussi ordonn\u00e9 que les demandeurs d\u2019asile puissent \u00eatre refoul\u00e9s \u00e0 la fronti\u00e8re.<\/p>\n","protected":false},"excerpt":{"rendered":"Le maire de Kehl, Wolfram Britz, et son homologue strasbourgeoise, Jeanne Barseghian, se sont plaints aupr\u00e8s du chancelier&hellip;\n","protected":false},"author":2,"featured_media":117532,"comment_status":"","ping_status":"","sticky":false,"template":"","format":"standard","meta":{"footnotes":""},"categories":[2820],"tags":[1111,11,2389,2649,2880,1777,674,274,107,1011,27,775,12,25,640,2879],"class_list":{"0":"post-117531","1":"post","2":"type-post","3":"status-publish","4":"format-standard","5":"has-post-thumbnail","7":"category-strasbourg","8":"tag-actu","9":"tag-actualites","10":"tag-alsace","11":"tag-bas-rhin","12":"tag-edition-strasbourg","13":"tag-eu","14":"tag-europe","15":"tag-faits-divers-justice","16":"tag-fil-info","17":"tag-fr","18":"tag-france","19":"tag-grand-est","20":"tag-news","21":"tag-republique-francaise","22":"tag-strasbourg","23":"tag-strasbourg-ville"},"share_on_mastodon":{"url":"https:\/\/pubeurope.com\/@fr\/114547312826316019","error":""},"_links":{"self":[{"href":"https:\/\/www.europesays.com\/fr\/wp-json\/wp\/v2\/posts\/117531","targetHints":{"allow":["GET"]}}],"collection":[{"href":"https:\/\/www.europesays.com\/fr\/wp-json\/wp\/v2\/posts"}],"about":[{"href":"https:\/\/www.europesays.com\/fr\/wp-json\/wp\/v2\/types\/post"}],"author":[{"embeddable":true,"href":"https:\/\/www.europesays.com\/fr\/wp-json\/wp\/v2\/users\/2"}],"replies":[{"embeddable":true,"href":"https:\/\/www.europesays.com\/fr\/wp-json\/wp\/v2\/comments?post=117531"}],"version-history":[{"count":0,"href":"https:\/\/www.europesays.com\/fr\/wp-json\/wp\/v2\/posts\/117531\/revisions"}],"wp:featuredmedia":[{"embeddable":true,"href":"https:\/\/www.europesays.com\/fr\/wp-json\/wp\/v2\/media\/117532"}],"wp:attachment":[{"href":"https:\/\/www.europesays.com\/fr\/wp-json\/wp\/v2\/media?parent=117531"}],"wp:term":[{"taxonomy":"category","embeddable":true,"href":"https:\/\/www.europesays.com\/fr\/wp-json\/wp\/v2\/categories?post=117531"},{"taxonomy":"post_tag","embeddable":true,"href":"https:\/\/www.europesays.com\/fr\/wp-json\/wp\/v2\/tags?post=117531"}],"curies":[{"name":"wp","href":"https:\/\/api.w.org\/{rel}","templated":true}]}}