{"id":117534,"date":"2025-05-21T18:48:10","date_gmt":"2025-05-21T18:48:10","guid":{"rendered":"https:\/\/www.europesays.com\/fr\/117534\/"},"modified":"2025-05-21T18:48:10","modified_gmt":"2025-05-21T18:48:10","slug":"aeroport-de-nice-cette-compagnie-abandonne-avant-meme-le-premier-vol-les-clients-leses","status":"publish","type":"post","link":"https:\/\/www.europesays.com\/fr\/117534\/","title":{"rendered":"A\u00e9roport de Nice. Cette compagnie abandonne avant m\u00eame le premier vol : \u00ab\u00a0Les clients l\u00e9s\u00e9s\u00a0\u00bb"},"content":{"rendered":"<p>            Par<br \/>\n        <strong><br \/>\n            <a href=\"https:\/\/actu.fr\/auteur\/ugo-maillard\" title=\"Consulter tous les articles de Ugo Maillard\" rel=\"nofollow noopener\" target=\"_blank\">Ugo Maillard<\/a><br \/>\n        <\/strong><\/p>\n<p>        Publi\u00e9 le<\/p>\n<p>            21 mai 2025 \u00e0 17h25        <\/p>\n<p>Le premier avion n\u2019aura jamais d\u00e9coll\u00e9. En juin\u00a02025, une nouvelle liaison a\u00e9rienne devait permettre aux azur\u00e9ens de se rendre \u00e0 N\u00eemes depuis l\u2019a\u00e9roport de Nice C\u00f4te d\u2019Azur, comme <a href=\"https:\/\/actu.fr\/provence-alpes-cote-d-azur\/nice_06088\/aeroport-de-nice-un-nouveau-vol-vers-cette-destination-meconnue-en-france_62327856.html\" rel=\"nofollow noopener\" target=\"_blank\">nous l\u2019annoncions sur actu Nice<\/a>.<\/p>\n<p class=\" wall-content\">Un vol de moins d\u2019une heure qui devait \u00eatre op\u00e9r\u00e9 par la <strong>compagnie a\u00e9rienne Odyssey<\/strong> et, ce, deux fois par semaine. Ce nouveau venu sur les pistes avait d\u00e9barqu\u00e9 avec une promesse ambitieuse de sept liaisons dont six \u00e0 travers l\u2019Europe et une vers la Corse.<\/p>\n<p class=\" wall-content\">Retour sur un fiasco dans le monde de l\u2019aviation.<\/p>\n<p>Un projet r\u00e9duit en mars\u00a02025<\/p>\n<p class=\" wall-content\">Initialement, Odyssey avait investi les a\u00e9roports de Tours et N\u00eemes avec la promesse de proposer \u00e0 ses clients de d\u00e9couvrir <a href=\"https:\/\/actu.fr\/nice\/\" rel=\"nofollow noopener\" target=\"_blank\">Nice<\/a>, la Corse et l\u2019Europe par le biais de vol direct.<\/p>\n<p class=\" wall-content\">Annonc\u00e9e en grande pompe en octobre\u00a02024, la mise en place des liaisons a\u00e9riennes \u00e9tait attendue.<\/p>\n<p class=\" wall-content\">Pourtant, d\u00e9j\u00e0, en mars\u00a02025, la compagnie a\u00e9rienne \u00e9voquait de <strong>lourdes difficult\u00e9s financi\u00e8res<\/strong>, <a href=\"https:\/\/actu.fr\/provence-alpes-cote-d-azur\/nice_06088\/aeroport-de-nice-annoncee-en-grande-pompe-cette-ligne-ne-verra-jamais-le-jour_62355648.html\" rel=\"nofollow noopener\" target=\"_blank\">r\u00e9duisant le nombre de vols op\u00e9r\u00e9s \u00e0 un seul<\/a>, au lieu de sept au d\u00e9part de N\u00eemes.<\/p>\n<p class=\" wall-content\">\u00ab\u2009Au regard du contexte de la TSBA (taxe de solidarit\u00e9 sur les billets d\u2019aviation, NDLR), qui s\u2019applique depuis le 1\u1d49\u02b3 mars\u00a02025. La compagnie ne voulant pas prendre de risques \u00e9conomiques face \u00e0 un impact de la taxe qu\u2019elle ne ma\u00eetrise pas compl\u00e8tement\u2009\u00bb, expliquait la direction d\u2019Odyssey \u00e0 nos confr\u00e8res de <a href=\"https:\/\/www.midilibre.fr\/2025\/03\/09\/coup-de-theatre-a-laeroport-de-nimes-la-compagnie-odyssey-renonce-a-la-quasi-totalite-de-ses-lignes-commerciales-12559080.php\" rel=\"nofollow noopener\" target=\"_blank\">Midi Libre<\/a>.<\/p>\n<p>La mort du projet en mai\u00a02025<\/p>\n<p class=\" wall-content\">Dans un communiqu\u00e9 publi\u00e9 en ce mois de mai\u00a02025, la d\u00e9cision tombe\u2009: \u00ab\u2009Nous avons le regret de vous informer que l\u2019ensemble des vols pr\u00e9vus pour l\u2019\u00e9t\u00e9 2025 sont annul\u00e9s\u2009\u00bb.<\/p>\n<p class=\" wall-content\">Une surprise qui n\u2019en est plus une au regard de la marche arri\u00e8re enclench\u00e9e par la compagnie depuis plusieurs mois.\u00a0L<strong>\u2019int\u00e9gralit\u00e9 des vols<\/strong>, au d\u00e9part de Tours et de N\u00eemes, est donc <strong>abandonn\u00e9e<\/strong>.<\/p>\n<p class=\" wall-content\">Joint par nos confr\u00e8res d\u2019<a href=\"https:\/\/www.francebleu.fr\/infos\/transports\/vols-annules-au-depart-de-tours-le-fondateur-de-la-compagnie-l-odyssey-demande-pardon-aux-clients-leses-9567160\" rel=\"nofollow noopener\" target=\"_blank\">ICI Touraine<\/a>, Cl\u00e9ment Pellistrandi, le fondateur de la compagnie, \u00ab\u2009demande pardon \u00e0 ces clients qui nous ont fait confiance\u2009\u00bb.<\/p>\n<p class=\" wall-content\">Il poursuit en \u00e9voquant \u00ab\u2009un diff\u00e9rend avec la compagnie a\u00e9rienne \u00e0 qui l\u2019on confie nos vols. Un diff\u00e9rend qui a entra\u00een\u00e9 des surco\u00fbts insurmontables li\u00e9s \u00e0 des d\u00e9p\u00f4ts de garantie que demandaient certains a\u00e9roports \u00e0 l\u2019\u00e9tranger, qui \u00e9taient anormalement \u00e9lev\u00e9s\u2009\u00bb.<\/p>\n<p>Un remboursement pr\u00e9vu\u2009?<\/p>\n<p class=\" wall-content\">\u00ab\u2009Nous travaillons \u00e0 prendre contact avec tous les clients l\u00e9s\u00e9s.\u2009\u00bb Sur le site Internet de l\u2019Odyssey, une <strong>adresse mail est mise en place<\/strong> pour rembourser tous les clients de la compagnie ayant r\u00e9serv\u00e9 leurs billets d\u2019avion.<\/p>\n<p class=\" wall-content\">Face \u00e0 \u00ab\u2009un nombre consid\u00e9rable de demandes\u2009\u00bb, la compagnie a\u00e9rienne explique mettre tout en \u0153uvre afin de traiter les demandes \u00ab\u2009dans les plus brefs d\u00e9lais\u2009\u00bb.<\/p>\n<p class=\" wall-content\">Pour l\u2019heure, aucun remboursement automatique n\u2019est pr\u00e9vu pour le<strong> millier de personnes concern\u00e9es<\/strong>.<\/p>\n<p>Voici l\u2019adresse mail pour demander un remboursement\u2009: <a href=\"https:\/\/actu.fr\/cdn-cgi\/l\/email-protection\" class=\"__cf_email__\" data-cfemail=\"77161919021b16031e1819371b18130e0404120e59141f\" rel=\"nofollow noopener\" target=\"_blank\">[email\u00a0protected]<\/a><\/p>\n<p class=\" wall-content\">Suivez toute l\u2019actualit\u00e9 de vos villes et m\u00e9dias favoris en vous inscrivant \u00e0 <a href=\"https:\/\/moncompte.actu.fr\" title=\"D\u00e9couvez Mon Actu\" rel=\"nofollow noopener\" data-trk=\"{&quot;cta&quot;:{&quot;action&quot;:&quot;https:\\\/\\\/moncompte.actu.fr&quot;,&quot;category&quot;:&quot;mon compte&quot;,&quot;from&quot;:&quot;article footer&quot;,&quot;name&quot;:&quot;Mon actu&quot;,&quot;type&quot;:&quot;cta&quot;}}\" target=\"_blank\">Mon Actu<\/a>.<\/p>\n","protected":false},"excerpt":{"rendered":"Par Ugo Maillard Publi\u00e9 le 21 mai 2025 \u00e0 17h25 Le premier avion n\u2019aura jamais d\u00e9coll\u00e9. En juin\u00a02025,&hellip;\n","protected":false},"author":2,"featured_media":117535,"comment_status":"","ping_status":"","sticky":false,"template":"","format":"standard","meta":{"footnotes":""},"categories":[2819],"tags":[1111,11,1777,674,1011,27,1305,12,2401,882,25],"class_list":{"0":"post-117534","1":"post","2":"type-post","3":"status-publish","4":"format-standard","5":"has-post-thumbnail","7":"category-nice","8":"tag-actu","9":"tag-actualites","10":"tag-eu","11":"tag-europe","12":"tag-fr","13":"tag-france","14":"tag-lifestyle","15":"tag-news","16":"tag-nice","17":"tag-provence-alpes-cote-dazur","18":"tag-republique-francaise"},"share_on_mastodon":{"url":"https:\/\/pubeurope.com\/@fr\/114547320749559038","error":""},"_links":{"self":[{"href":"https:\/\/www.europesays.com\/fr\/wp-json\/wp\/v2\/posts\/117534","targetHints":{"allow":["GET"]}}],"collection":[{"href":"https:\/\/www.europesays.com\/fr\/wp-json\/wp\/v2\/posts"}],"about":[{"href":"https:\/\/www.europesays.com\/fr\/wp-json\/wp\/v2\/types\/post"}],"author":[{"embeddable":true,"href":"https:\/\/www.europesays.com\/fr\/wp-json\/wp\/v2\/users\/2"}],"replies":[{"embeddable":true,"href":"https:\/\/www.europesays.com\/fr\/wp-json\/wp\/v2\/comments?post=117534"}],"version-history":[{"count":0,"href":"https:\/\/www.europesays.com\/fr\/wp-json\/wp\/v2\/posts\/117534\/revisions"}],"wp:featuredmedia":[{"embeddable":true,"href":"https:\/\/www.europesays.com\/fr\/wp-json\/wp\/v2\/media\/117535"}],"wp:attachment":[{"href":"https:\/\/www.europesays.com\/fr\/wp-json\/wp\/v2\/media?parent=117534"}],"wp:term":[{"taxonomy":"category","embeddable":true,"href":"https:\/\/www.europesays.com\/fr\/wp-json\/wp\/v2\/categories?post=117534"},{"taxonomy":"post_tag","embeddable":true,"href":"https:\/\/www.europesays.com\/fr\/wp-json\/wp\/v2\/tags?post=117534"}],"curies":[{"name":"wp","href":"https:\/\/api.w.org\/{rel}","templated":true}]}}