{"id":117536,"date":"2025-05-21T18:49:34","date_gmt":"2025-05-21T18:49:34","guid":{"rendered":"https:\/\/www.europesays.com\/fr\/117536\/"},"modified":"2025-05-21T18:49:34","modified_gmt":"2025-05-21T18:49:34","slug":"michou-et-lola-dumenil-apercus-ensemble-a-nice-de-nouvelles-photos-relancent-les-rumeurs","status":"publish","type":"post","link":"https:\/\/www.europesays.com\/fr\/117536\/","title":{"rendered":"Michou et Lola Dumenil aper\u00e7us ensemble \u00e0 Nice : de nouvelles photos relancent les rumeurs"},"content":{"rendered":"<p>Quelques semaines apr\u00e8s sa rupture tr\u00e8s m\u00e9diatis\u00e9e avec Elsa Bois, Michou s\u2019affiche d\u00e9sormais aux c\u00f4t\u00e9s de Lola Dumenil. Ce 21 mai, de nouvelles photos prises lors d\u2019une soir\u00e9e \u00e0 Nice enflamment les r\u00e9seaux et relancent toutes les sp\u00e9culations sur leur relation.<\/p>\n<p>Ils formaient l\u2019un des couples pr\u00e9f\u00e9r\u00e9s du public jusqu\u2019\u00e0 la rupture. <strong>Michou et <\/strong><a href=\"https:\/\/www.voici.fr\/bios-people\/elsa-bois\" data-link-people=\"df3feb95-c496-4f30-a128-976ff25bfae5\" target=\"_blank\" rel=\"noopener\"><strong>Elsa Bois<\/strong><\/a><strong>, c\u2019\u00e9tait l\u2019histoire d\u2019un coup de foudre sur un parquet de <\/strong><strong>Danse avec les stars<\/strong>. En 2021, leur duo charme la France enti\u00e8re, et leur complicit\u00e9 d\u00e9passe vite le cadre de l\u2019\u00e9mission. S\u2019en suit une love story m\u00e9diatis\u00e9e, ponctu\u00e9e de vid\u00e9os complices et de projets partag\u00e9s. <strong>Mais en f\u00e9vrier dernier, le conte de f\u00e9es prend fin<\/strong>, <a href=\"https:\/\/www.voici.fr\/news-people\/c-est-difficile-pour-nous-michou-et-elsa-bois-annoncent-leur-separation-799172\" target=\"_blank\" rel=\"noopener\">les deux stars annoncent leur s\u00e9paration sur les r\u00e9seaux<\/a>, chacun prenant la parole dans une story Instagram. Une rupture inattendue, qui laisse les fans sous le choc.<\/p>\n<p>Quelques semaines seulement apr\u00e8s l\u2019annonce, <a href=\"https:\/\/www.voici.fr\/tele\/la-fin-dune-si-belle-aventure-elsa-bois-revient-pour-la-premiere-fois-sur-son-parcours-dans-dals-aux-cotes-de-florent-manaudou-803561\" target=\"_blank\" rel=\"noopener\">Elsa Bois \u00e9tait de retour dans la nouvelle saison de Danse avec les stars<\/a>, plus rayonnante que jamais. Face \u00e0 elle, un casting solide, et <strong>Florent Manaudou comme partenaire<\/strong>. Le champion de natation et la danseuse ont rapidement fait fondre le c\u0153ur du public avec leur complicit\u00e9. Les internautes s\u2019emballent, les rumeurs s\u2019emballent,<strong> un nouveau couple serait-il en train de na\u00eetre sous les projecteurs ?<\/strong><\/p>\n<p>                                                                        Des rumeurs qui prennent de l\u2019ampleur<\/p>\n<p>Et les indices s\u2019accumulent. <a href=\"https:\/\/www.voici.fr\/bios-people\/florent-manaudou\" data-link-people=\"84726afc-bec7-4cf5-85f6-016ba21ffd10\" target=\"_blank\" rel=\"noopener\">Florent Manaudou<\/a> a r\u00e9cemment \u00e9t\u00e9 aper\u00e7u au gala de danse de la s\u0153ur d\u2019Elsa Bois. <strong>Une pr\u00e9sence qui n\u2019a pas \u00e9chapp\u00e9 aux internautes<\/strong>, qui voient l\u00e0 un soutien discret mais significatif. Ni l\u2019un ni l\u2019autre n\u2019a confirm\u00e9 la rumeur d&rsquo;une potentielle idylle, mais le silence alimente les sp\u00e9culations. Depuis quelques semaines, les fans scrutent chaque apparition, chaque like et chaque story.<\/p>\n<p><a href=\"https:\/\/www.voici.fr\/bios-people\/lola-dumenil\" data-link-people=\"bd6a99d4-e229-4b36-814c-1441e062e603\" target=\"_blank\" rel=\"noopener\">Lola Dumenil<\/a>, jusque-l\u00e0 tr\u00e8s discr\u00e8te, a fait une apparition remarqu\u00e9e. <strong>Absente des plateaux de <\/strong><strong>Danse avec les stars<\/strong><strong> pour soutenir son suppos\u00e9 compagnon<\/strong>, <a href=\"https:\/\/www.voici.fr\/news-people\/michou-separe-d-elsa-bois-le-youtubeur-apercu-en-soiree-avec-lola-dumenil-l-ex-de-florent-manaudou-la-toile-s-affole-804396\" target=\"_blank\" rel=\"noopener\">elle ressurgit \u00e0 Nice, en pleine soir\u00e9e, aux c\u00f4t\u00e9s de Michou<\/a>. La sc\u00e8ne a \u00e9t\u00e9 capt\u00e9e le 13 mai et d\u00e9voil\u00e9e par le blogueur Aqababe, et ce 21 mai, de nouvelles photos de la f\u00eate viennent de tomber. <strong>Michou et Lola Dumenil apparaissent c\u00f4te \u00e0 c\u00f4te, proches, souriants, presque complices<\/strong>. Un simple moment entre amis ? Peut-\u00eatre. Mais pour les abonn\u00e9s, le message est clair, quelque chose se passe entre l&rsquo;ex d&rsquo;Elsa Bois et l&rsquo;ex de Florent Manaudou.<\/p>\n<p>                                    Et Adil Rami dans tout \u00e7a ?<\/p>\n<p>Lui aussi a brouill\u00e9 les pistes durant son aventure Danse avec les stars. Durant plusieurs mois, <a href=\"https:\/\/www.voici.fr\/bios-people\/adil-rami\" data-link-people=\"d72031ee-361a-417f-a59d-f6912981ce50\" target=\"_blank\" rel=\"noopener\">Adil Rami<\/a> laissait planer le doute sur sa situation amoureuse, malgr\u00e9 les rumeurs persistantes qu&rsquo;il \u00e9tait en couple avec Louana, une candidate de t\u00e9l\u00e9-r\u00e9alit\u00e9. <strong>Et il semblerait que ce ne soit plus une simple rumeur aujourd&rsquo;hui<\/strong>. <a href=\"https:\/\/www.voici.fr\/news-people\/adil-rami-en-couple-le-footballeur-officialise-avec-sa-nouvelle-compagne-lors-dun-evenement-photo-804667\" target=\"_blank\" rel=\"noopener\">Le footballeur et la jeune femme ont fini par officialiser leur relation<\/a>, confirmant ce que beaucoup pressentaient depuis des semaines. Les tourtereaux ont \u00e9t\u00e9 aper\u00e7us plus proches que jamais \u00e0 Monaco, lors d&rsquo;un \u00e9v\u00e8nement.<\/p>\n","protected":false},"excerpt":{"rendered":"Quelques semaines apr\u00e8s sa rupture tr\u00e8s m\u00e9diatis\u00e9e avec Elsa Bois, Michou s\u2019affiche d\u00e9sormais aux c\u00f4t\u00e9s de Lola Dumenil.&hellip;\n","protected":false},"author":2,"featured_media":117537,"comment_status":"","ping_status":"","sticky":false,"template":"","format":"standard","meta":{"footnotes":""},"categories":[2819],"tags":[1111,11,1376,1193,194,7744,1777,674,925,1011,27,23822,23823,23821,12,2401,882,25,13559],"class_list":{"0":"post-117536","1":"post","2":"type-post","3":"status-publish","4":"format-standard","5":"has-post-thumbnail","7":"category-nice","8":"tag-actu","9":"tag-actualites","10":"tag-amour","11":"tag-couple","12":"tag-danse-avec-les-stars","13":"tag-elsa-bois","14":"tag-eu","15":"tag-europe","16":"tag-florent-manaudou","17":"tag-fr","18":"tag-france","19":"tag-lola-dumenil","20":"tag-love-story","21":"tag-michou-youtubeur","22":"tag-news","23":"tag-nice","24":"tag-provence-alpes-cote-dazur","25":"tag-republique-francaise","26":"tag-rupture"},"share_on_mastodon":{"url":"https:\/\/pubeurope.com\/@fr\/114547324588611765","error":""},"_links":{"self":[{"href":"https:\/\/www.europesays.com\/fr\/wp-json\/wp\/v2\/posts\/117536","targetHints":{"allow":["GET"]}}],"collection":[{"href":"https:\/\/www.europesays.com\/fr\/wp-json\/wp\/v2\/posts"}],"about":[{"href":"https:\/\/www.europesays.com\/fr\/wp-json\/wp\/v2\/types\/post"}],"author":[{"embeddable":true,"href":"https:\/\/www.europesays.com\/fr\/wp-json\/wp\/v2\/users\/2"}],"replies":[{"embeddable":true,"href":"https:\/\/www.europesays.com\/fr\/wp-json\/wp\/v2\/comments?post=117536"}],"version-history":[{"count":0,"href":"https:\/\/www.europesays.com\/fr\/wp-json\/wp\/v2\/posts\/117536\/revisions"}],"wp:featuredmedia":[{"embeddable":true,"href":"https:\/\/www.europesays.com\/fr\/wp-json\/wp\/v2\/media\/117537"}],"wp:attachment":[{"href":"https:\/\/www.europesays.com\/fr\/wp-json\/wp\/v2\/media?parent=117536"}],"wp:term":[{"taxonomy":"category","embeddable":true,"href":"https:\/\/www.europesays.com\/fr\/wp-json\/wp\/v2\/categories?post=117536"},{"taxonomy":"post_tag","embeddable":true,"href":"https:\/\/www.europesays.com\/fr\/wp-json\/wp\/v2\/tags?post=117536"}],"curies":[{"name":"wp","href":"https:\/\/api.w.org\/{rel}","templated":true}]}}