{"id":117538,"date":"2025-05-21T18:50:52","date_gmt":"2025-05-21T18:50:52","guid":{"rendered":"https:\/\/www.europesays.com\/fr\/117538\/"},"modified":"2025-05-21T18:50:52","modified_gmt":"2025-05-21T18:50:52","slug":"cest-officiel-antoine-kombouare-nest-plus-lentraineur-des-canaris","status":"publish","type":"post","link":"https:\/\/www.europesays.com\/fr\/117538\/","title":{"rendered":"c&rsquo;est officiel, Antoine Kombouar\u00e9 n&rsquo;est plus l&rsquo;entra\u00eeneur des Canaris"},"content":{"rendered":"<p>            Par<br \/>\n        <strong><br \/>\n            <a href=\"https:\/\/actu.fr\/auteur\/thomas-bernard\" title=\"Consulter tous les articles de Thomas Bernard\" rel=\"nofollow noopener\" target=\"_blank\">Thomas Bernard<\/a><br \/>\n        <\/strong><\/p>\n<p>        Publi\u00e9 le<\/p>\n<p>            20 mai 2025 \u00e0 13h48<br \/>\n        ; mis \u00e0 jour le 20 mai 2025 \u00e0 13h51    <\/p>\n<p>Son deuxi\u00e8me mandat \u00e0 la t\u00eate du FC Nantes s\u2019est conclu par une victoire face \u00e0 Montpellier (3-0) lors de la 34e et derni\u00e8re journ\u00e9e de Ligue 1. <strong>Antoine Kombouar\u00e9 n\u2019est plus l\u2019entra\u00eeneur des Jaune et Vert<\/strong>.<\/p>\n<p class=\" wall-content\">Comme r\u00e9v\u00e9l\u00e9 par le journal <a href=\"https:\/\/www.lequipe.fr\/Football\/Actualites\/Apres-une-saison-galere-nantes-se-separe-de-son-entraineur-antoine-kombouare\/1563234?fbclid=IwY2xjawKZCixleHRuA2FlbQIxMABicmlkETFHb012c0NSbTFvVDdMdlZMAR6bmicCnIGr_XWP2pQXtdAQe-jEUWq39AAZXvJKpmexKXU29SqQoiD3_DjHQw_aem_gspNfUkUCuYbqk4cefafog\" rel=\"nofollow noopener\" target=\"_blank\">L\u2019\u00c9quipe<\/a>, la direction du club a mis fin \u00e0 sa collaboration avec le technicien de 61\u00a0ans, \u00e0 qui il restait un an de contrat (jusqu\u2019en 2026).<\/p>\n<p>    <a href=\"https:\/\/www.facebook.com\/plugins\/post.php?href=https%3A%2F%2Fwww.facebook.com%2Ffcnantes%2Fposts%2Fpfbid02on8EGpRt1rcjEuzpJjxq7A1eNwL5CfFsx35FHX8ZPiS4CSTfw2zKsx7An4jbd9BMl&amp;show_text=true&amp;width=350\" title=\"Ouvrie le lien\" rel=\"nofollow noopener\" target=\"_blank\">Cliquez ici pour visualiser le contenu<\/a><\/p>\n<p>Une saison d\u00e9cevante\u00a0<\/p>\n<p class=\" wall-content\">Cette saison, l\u2019\u00e9quipe dirig\u00e9e par Antoine Kombouar\u00e9 a termin\u00e9 \u00e0 la 13e place du classement de Ligue\u00a01 pour un bilan de <strong>14 d\u00e9faites, 12 matchs nuls et 8 victoires en 34 matchs<\/strong>.<\/p>\n<p class=\" wall-content\">Apr\u00e8s avoir \u00e9t\u00e9 remerci\u00e9 lors de son premier passage (f\u00e9vrier 2021-mai 2023), l\u2019ancien joueur du Paris Saint-Germain<a href=\"https:\/\/actu.fr\/pays-de-la-loire\/nantes_44109\/fc-nantes-jocelyn-gourvennec-limoge-antoine-kombouare-rappele-sur-le-banc_60830776.html\" rel=\"nofollow noopener\" target=\"_blank\"> \u00e9tait revenu au club en mars 2024 apr\u00e8s le passage de Jocelyn Gourvennec<\/a>.<\/p>\n<p>Vid\u00e9os : en ce moment sur Actu<\/p>\n<p class=\" wall-content\">D\u00e9j\u00e0 menac\u00e9 cet hiver, <a href=\"https:\/\/actu.fr\/pays-de-la-loire\/nantes_44109\/coupe-de-france-22-ans-apres-le-fc-nantes-decroche-enfin-un-trophee_50700823.html\" rel=\"nofollow noopener\" target=\"_blank\">l\u2019entra\u00eeneur vainqueur de la Coupe de France en 2022<\/a> \u00e9tait rest\u00e9 en poste. Le technicien paye le maintien acquis dans la douleur et des prestations d\u00e9cevantes sur le plan du jeu.<\/p>\n<p class=\" wall-content\">La direction du club s\u2019active pour nommer un nouvel entra\u00eeneur dans les prochaines semaines. Le futur coach sera le<strong> 22e technicien du FC Nantes sous la pr\u00e9sidence Waldemar Kita, commenc\u00e9e en 2007<\/strong>.<\/p>\n<p class=\" wall-content\">Suivez toute l\u2019actualit\u00e9 de vos villes et m\u00e9dias favoris en vous inscrivant \u00e0 <a href=\"https:\/\/moncompte.actu.fr\" title=\"D\u00e9couvez Mon Actu\" rel=\"nofollow noopener\" data-trk=\"{&quot;cta&quot;:{&quot;action&quot;:&quot;https:\\\/\\\/moncompte.actu.fr&quot;,&quot;category&quot;:&quot;mon compte&quot;,&quot;from&quot;:&quot;article footer&quot;,&quot;name&quot;:&quot;Mon actu&quot;,&quot;type&quot;:&quot;cta&quot;}}\" target=\"_blank\">Mon Actu<\/a>.<\/p>\n","protected":false},"excerpt":{"rendered":"Par Thomas Bernard Publi\u00e9 le 20 mai 2025 \u00e0 13h48 ; mis \u00e0 jour le 20 mai 2025&hellip;\n","protected":false},"author":2,"featured_media":117539,"comment_status":"","ping_status":"","sticky":false,"template":"","format":"standard","meta":{"footnotes":""},"categories":[2818],"tags":[1111,11,1777,674,462,63,1011,27,766,12,2636,25,60],"class_list":{"0":"post-117538","1":"post","2":"type-post","3":"status-publish","4":"format-standard","5":"has-post-thumbnail","7":"category-nantes","8":"tag-actu","9":"tag-actualites","10":"tag-eu","11":"tag-europe","12":"tag-fc-nantes","13":"tag-football","14":"tag-fr","15":"tag-france","16":"tag-nantes","17":"tag-news","18":"tag-pays-de-la-loire","19":"tag-republique-francaise","20":"tag-sports"},"share_on_mastodon":{"url":"https:\/\/pubeurope.com\/@fr\/114547332464646785","error":""},"_links":{"self":[{"href":"https:\/\/www.europesays.com\/fr\/wp-json\/wp\/v2\/posts\/117538","targetHints":{"allow":["GET"]}}],"collection":[{"href":"https:\/\/www.europesays.com\/fr\/wp-json\/wp\/v2\/posts"}],"about":[{"href":"https:\/\/www.europesays.com\/fr\/wp-json\/wp\/v2\/types\/post"}],"author":[{"embeddable":true,"href":"https:\/\/www.europesays.com\/fr\/wp-json\/wp\/v2\/users\/2"}],"replies":[{"embeddable":true,"href":"https:\/\/www.europesays.com\/fr\/wp-json\/wp\/v2\/comments?post=117538"}],"version-history":[{"count":0,"href":"https:\/\/www.europesays.com\/fr\/wp-json\/wp\/v2\/posts\/117538\/revisions"}],"wp:featuredmedia":[{"embeddable":true,"href":"https:\/\/www.europesays.com\/fr\/wp-json\/wp\/v2\/media\/117539"}],"wp:attachment":[{"href":"https:\/\/www.europesays.com\/fr\/wp-json\/wp\/v2\/media?parent=117538"}],"wp:term":[{"taxonomy":"category","embeddable":true,"href":"https:\/\/www.europesays.com\/fr\/wp-json\/wp\/v2\/categories?post=117538"},{"taxonomy":"post_tag","embeddable":true,"href":"https:\/\/www.europesays.com\/fr\/wp-json\/wp\/v2\/tags?post=117538"}],"curies":[{"name":"wp","href":"https:\/\/api.w.org\/{rel}","templated":true}]}}