{"id":117546,"date":"2025-05-21T18:54:11","date_gmt":"2025-05-21T18:54:11","guid":{"rendered":"https:\/\/www.europesays.com\/fr\/117546\/"},"modified":"2025-05-21T18:54:11","modified_gmt":"2025-05-21T18:54:11","slug":"voici-12-idees-pour-ce-week-end","status":"publish","type":"post","link":"https:\/\/www.europesays.com\/fr\/117546\/","title":{"rendered":"voici 12 id\u00e9es pour ce week-end"},"content":{"rendered":"<p>            Par<br \/>\n        <strong><br \/>\n            <a href=\"https:\/\/actu.fr\/auteur\/gabriel-kenedi\" title=\"Consulter tous les articles de Gabriel Kenedi\" target=\"_blank\" rel=\"noopener\">Gabriel Kenedi<\/a><br \/>\n        <\/strong><\/p>\n<p>        Publi\u00e9 le<\/p>\n<p>            21 mai 2025 \u00e0 19h06        <\/p>\n<p>C\u2019est un week-end riche en \u00e9v\u00e9nements qui s\u2019annonce \u00e0 <a href=\"https:\/\/actu.fr\/toulouse\/loisirs-culture\" target=\"_blank\" rel=\"noopener\">Toulouse<\/a>. Jugez plut\u00f4t\u2009! Ce week-end, on pourra d\u00e9couvrir des p\u00e9pites musicales au Bikini, s\u2019\u00e9merveiller gr\u00e2ce \u00e0 Luluberlu \u00e0 Blagnac, ou faire le plein de sensations fortes \u00e0 l\u2019occasion d\u2019une course \u00e0 savon d\u00e9j\u00e0 l\u00e9gendaire\u2026 entre autres\u2009! Vous l\u2019avez compris, il y a de quoi faire\u2009! La r\u00e9daction d\u2019Actu Toulouse a s\u00e9lectionn\u00e9 <strong>douze id\u00e9es de sorties<\/strong> pour pimenter votre week-end, \u00e0 faire du vendredi\u00a023 au dimanche 25\u00a0mai 2025. Suivez le guide\u2009!<\/p>\n<p>#1. Le Weekend des Curiosit\u00e9s au Bikini<br \/>\n    <img   decoding=\"async\" loading=\"lazy\" src=\"https:\/\/www.europesays.com\/fr\/wp-content\/uploads\/2025\/05\/bikini-ambiance-credit-louis-derigon-toulouse-concert-960x640.jpg\" alt=\"Le Bikini repart pour une nouvelle saison de concerts ! \" width=\"960\" height=\"640\"\/><br \/>\n    Miki, Perceval, Whisper, Yannis, Tuerie et bien d\u2019autres artistes sont \u00e0 d\u00e9couvrir au Bikini (\u00a9Louis Derigon \/ Bikini)<\/p>\n<p class=\" wall-content\">Le Weekend des Curiosit\u00e9s revient au Bikini pour une nouvelle \u00e9dition. Au programme\u2009? Trois jours de festival (dont un jour gratuit le dimanche, d\u00e9di\u00e9 \u00e0 la sc\u00e8ne toulousaine), trois sc\u00e8nes (\u00e0 l\u2019int\u00e9rieur et \u00e0 l\u2019ext\u00e9rieur du Bikini) et des prix toujours doux (comptez 35\u00a0euros pour un pass 2\u00a0jours, 25\u00a0euros pour un pass 1 jour). Parmi les artistes programm\u00e9s\u2009: Miki, Perceval, Whisper, Yannis, Tuerie et bien d\u2019autres\u2026 \u00c0 ne pas manquer\u2009!<\/p>\n<p>#2. L\u00e2cher de caisses \u00e0 savon, avenue de la Colonne<br \/>\n    <img   decoding=\"async\" loading=\"lazy\" src=\"https:\/\/www.europesays.com\/fr\/wp-content\/uploads\/2025\/05\/e1a614da6e086f5a614da6e08e9a61v-960x640.jpg\" alt=\"Course de caisses \u00e0 savon.\u00a0\" width=\"960\" height=\"640\"\/><br \/>\n    Une course de caisse \u00e0 savon aura lieu dimanche, avenue de la Colonne. (\u00a9Fanch LE PIVERT \/ Illustration)<\/p>\n<p class=\" wall-content\">Avenue de la Colonne\u00a0Attention, show devant\u2009! Dimanche 25\u00a0mai, assistez \u00e0 un l\u00e2cher de caisses \u00e0 savon, en mode Carnaval bien s\u00fbr\u2009! L\u2019id\u00e9e est \u00e9videmment, de rigoler, de rassembler, de secouer, et de m\u00e9langer tout le monde. Rendez-vous avenue de la Colonne pour la course la plus fun de l\u2019ann\u00e9e, un village carnaval et des animations musicales. Cette ann\u00e9e la course se met aux couleurs du Tour de France\u2009! Vous pouvez r\u00e9compenser le plus beau d\u00e9guisement Tour de France\u2009: maillot jaune, caravane publicitaire vivante, cycliste r\u00e9tro\u2026<\/p>\n<p>De 14h \u00e0 18h, dimanche\u00a025 mail. Gratuit. Infos sur\u2009: carnavaldetoulouse.fr<\/p>\n<p>#3. Week-end d\u2019ouverture pour le Nouveau Printemps<br \/>\n    <img   decoding=\"async\" loading=\"lazy\" src=\"https:\/\/www.europesays.com\/fr\/wp-content\/uploads\/2025\/05\/kiddy-smile-960x640.jpg\" alt=\"Kiddy Smile a imagin\u00e9 la programmation du Nouveau Printemps.\u00a0\" width=\"960\" height=\"640\"\/><br \/>\n    Kiddy Smile a imagin\u00e9 la programmation du Nouveau Printemps. (\u00a9Andr\u00e9 Atangana)<\/p>\n<p class=\" wall-content\">Festival d\u00e9di\u00e9 \u00e0 la cr\u00e9ation contemporaine, le Nouveau Printemps est de retour pendant un mois. Et cette ann\u00e9e, c\u2019est \u00e0 Saint-Sernin que \u00e7a se passe, avec Kiddy Smile aux manettes\u2009! Pour le d\u00e9marrage du festival, les programmateurs ont concoct\u00e9 trois jours de f\u00eate, du vendredi au dimanche. Et le menu s\u2019annonce foisonnant, avec des expos, des projections, des balades, des performances, des DJ sets ou encore des d\u00e9ambulations festives. Et c\u2019est gratuit (parfois sur inscription), alors profitez-en\u2009!<\/p>\n<p>Pour plus d\u2019infos, rendez-vous sur le site du Nouveau Printemps.<\/p>\n<p>#4. Luluberlu, 50 spectacles \u00e0 Blagnac<br \/>\n    <img   decoding=\"async\" loading=\"lazy\" src=\"https:\/\/www.europesays.com\/fr\/wp-content\/uploads\/2025\/05\/z-1024-luluberlu-2024-2-c-ville-de-blagnac-fabien-ferrer-960x640.jpg\" alt=\"Luluberlu 2024\" width=\"960\" height=\"640\"\/><br \/>\n    Le festival Lulubelu va proposer une cinquantaine de spectacles \u00e0 destination des petits et grands (\u00a9Ville-de-Blagnac-Fabien-Ferrer)<\/p>\n<p class=\" wall-content\">Cette 17e \u00e9dition du festival Luluberlu est plac\u00e9e sous le signe du r\u00eave\u2009; une th\u00e9matique qui convient parfaitement aux enfants et qui va les inviter \u00e0 \u00ab\u2009explorer les recoins de leur imagination, se perdre dans des mondes merveilleux et d\u00e9couvrir les secrets cach\u00e9s de leurs songes\u2009\u00bb, nous promet-on. Voil\u00e0 un programme bien all\u00e9chant\u2009! Avec plus de 50 propositions artistiques, il y aura de quoi faire. De nombreuses activit\u00e9s sont au programme, comme des initiations aux arts du cirque, des visites dans\u00e9es, des instruments g\u00e9ants, des lectures, des siestes musicales, des cr\u00e9ations d\u2019attrape-r\u00eaves, des fanfares\u2026<\/p>\n<p>Festival Luluberlu, du 23 au 25\u00a0mai, \u00e0 Blagnac. Infos\u2009: https:\/\/festival-luluberlu.fr.<\/p>\n<p>#5. Le Festival du Bien Manger au Grand-Rond<br \/>\n    <img   decoding=\"async\" loading=\"lazy\" src=\"https:\/\/www.europesays.com\/fr\/wp-content\/uploads\/2025\/05\/festival-bien-manger-2024-c-pnin-2-960x640.jpg\" alt=\"Le Festival du Bien Manger prend ses quartiers au Grand-Rond, \u00e0 Toulouse. \" width=\"960\" height=\"640\"\/><br \/>\n    Le Festival du Bien Manger prend ses quartiers au Grand-Rond, \u00e0 Toulouse. (\u00a9P. Nin \/ Mairie de Toulouse)<\/p>\n<p class=\" wall-content\">Avis aux gourmands\u2009! Le Jardin du Grand Rond accueille du 24 au 25\u00a0mai le Festival du Bien Manger. Au programme de cet \u00e9v\u00e9nement organis\u00e9 par la mairie de Toulouse\u2009? March\u00e9 de producteurs, rencontres avec des agriculteurs et des \u00e9leveurs, ateliers, d\u00e9monstrations, restauration, bandas, animaux de la ferme\u2026 une nocturne aura m\u00eame lieu le 24 au soir.<\/p>\n<p>Les 24 et 25\u00a0mai, au Jardin du Grand Rond. Entr\u00e9e gratuite. Plus d\u2019infos <a href=\"https:\/\/festivaldubienmanger.toulouse.fr\/\" target=\"_blank\" rel=\"noopener\">sur le site du festival<\/a>.#6. Le \u00ab\u2009Faire Festival\u2009\u00bb \u00e0 La Cit\u00e9<\/p>\n<p class=\" wall-content\">Samedi 24\u00a0mai, le Faire Festival invite le grand public \u00e0 d\u00e9couvrir, exp\u00e9rimenter, approfondir et valoriser les machines, outils et savoir-faire \u2013 qu\u2019ils ou elles soient low-tech, manuels ou num\u00e9riques \u2013 qui fa\u00e7onnent notre quotidien et notre avenir\u2009! Rencontres, conf\u00e9rences, animations, stands, d\u00e9monstrations sont au programme\u2009!<\/p>\n<p>Le 24\u00a0mai, de 9h \u00e0 18h, \u00e0 La Cit\u00e9 (55, avenue Louis Br\u00e9guet, \u00e0 Toulouse). Gratuit. Infos\u2009: <a href=\"https:\/\/www.fairefestival.fr\/\" target=\"_blank\" rel=\"noopener\">www.fairefestival.fr<\/a>#7. La F\u00eate des Couleurs, place Saint-Aubin<\/p>\n<p class=\" wall-content\">La F\u00eate des Couleurs du Secours populaire revient pour une nouvelle \u00e9dition remplie de d\u00e9couvertes culturelles et de solidarit\u00e9\u2009! Lors de cette journ\u00e9e festive et engag\u00e9e, riche en animations et en rencontres, venez profiter de concerts tout au long de la journ\u00e9e, le tout dans une ambiance conviviale.<\/p>\n<p>Le 24\u00a0mai, de 12h \u00e0 minuit. Gratuit. Infos sur le site du<a href=\"https:\/\/www.secourspopulaire.fr\/31\/\" target=\"_blank\" rel=\"noopener\"> Secours Popuplaire<\/a>.#8. TGS Springbreak \u00e0 Lab\u00e8ge<br \/>\n    <img   decoding=\"async\" loading=\"lazy\" src=\"https:\/\/www.europesays.com\/fr\/wp-content\/uploads\/2025\/05\/b888382067566ac883820675670983v-960x640.jpg\" alt=\"Des cosplayeurs seront encore pr\u00e9sents en nombre.\u00a0\" width=\"960\" height=\"640\"\/><br \/>\n    Le TGS fait son Springbreak \u00e0 Lab\u00e8ge (\u00a9MLC \/ Actu Toulouse)<\/p>\n<p class=\" wall-content\">Les amateurs de pop-culture et d\u2019univers geek iront sans doute faire un tour \u00e0 Lab\u00e8ge, ce week-end, \u00e0 l\u2019occasion du TGS Springbreak 2025, qui revient les 24 et 25\u00a0mai \u00e0 l\u2019Espace Diagora. Un vaste espace de 8000 m2 permettra d\u2019accueillr 126 stands et 4 sc\u00e8nes. Au programme\u2009? Des jeux vid\u00e9o en touts genre, un espace d\u00e9di\u00e9 au manga, une zone comics, de la litt\u00e9rature Fantasy, des jeux de plateau, un concours de Cosplay.. Plusieurs invit\u00e9s seront aussi pr\u00e9sents \u00e0 ce salon (Bastien Bourl\u00e9, Benzaie, Mayamystic, ou encore Patrick Pr\u00e9jean)<\/p>\n<p>Infos et tarifs\u2009: <a href=\"https:\/\/www.tgs-springbreak.fr\/\" target=\"_blank\" rel=\"noopener\">www.tgs-springbreak.fr\/<\/a>#9. Verino en spectacle au Casino<\/p>\n<p class=\" wall-content\">Ayant affich\u00e9 complet dans les plus belles salles de France avec \u00ab\u2009Focus\u2009\u00bb, l\u2019humoriste aux 150\u00a0millions de vues sur Youtube vous pr\u00e9sente son nouveau spectacle, \u00ab\u2009Rod\u00e9o\u2009\u00bb. Verino y explore une nouvelle fois la complexit\u00e9 des tensions qui nous habitent.<\/p>\n<p>Les 23 et 24\u00a0mai, au Casino Barri\u00e8re. Tarifs\u2009: \u00e0 partir de 39,2\u20ac. Infos\u2009: casinosbarriere.com<\/p>\n<p>#10. Houbl\u2019Aussonne<\/p>\n<p class=\" wall-content\">Voil\u00e0 un festival qui ne manque pas de mousse\u2009! A Aussonne, 8 brasseurs artisanaux locaux viennent vous pr\u00e9senter leurs produits et vous parler de leur passion. Mais ce festival, ce sont aussi des concerts pop\/rock. Des animations pour enfants, la retransmission en direct de la finale de la coupe d\u2019Europe de rugby et de nombreux Food trucks pour vous restaurer.<\/p>\n<p>De 14h \u00e0 0h, le samedi 24\u00a0mai. Infos\u2009: https:\/\/sites.google.com\/view\/houblaussonne<\/p>\n<p>#11. Alain Perez \u00e0 Interference<\/p>\n<p class=\" wall-content\">Interference Artiste \u00e9minent de la musique cubaine actuelle, il est reconnu pour son talent en tant que bassiste, chanteur, compositeur et arrangeur. Alain P\u00e9rez s\u2019est rapidement fait un nom sur la sc\u00e8ne musicale en tant que bassiste virtuose. Sa ma\u00eetrise instrumentale, coupl\u00e9e \u00e0 sa voix captivante, sont \u00e0 d\u00e9couvrir \u00e0 Interference, \u00e0 Balma\u2009!<\/p>\n<p>Le 24\u00a0mai, \u00e0 20h, \u00e0 Interference, \u00e0 Balma. Tarif\u2009: 39,5 euros.<\/p>\n<p>#12. L\u2019expo Layup<\/p>\n<p class=\" wall-content\">Avis aux amateurs de street-art\u2009! Depuis le 13\u00a0mai et jusqu\u2019au 13\u00a0juillet 2025, l\u2019exposition Layup revient sur 3\u2009500 m\u00b2 en plein c\u0153ur de quartier Saint-Michel \u00e0 Toulouse. Elle met \u00e0 l\u2019honneur des artistes venus de tous horizons aux styles bien diff\u00e9rents. Durant deux mois, 33 artistes vont exposer leurs \u0153uvres \u2014 dont certaines sont \u00e0 acheter \u2014 dans les anciens locaux d\u2019Orange, quartier Saint-Michel.<\/p>\n<p class=\" wall-content\">Suivez toute l\u2019actualit\u00e9 de vos villes et m\u00e9dias favoris en vous inscrivant \u00e0 <a href=\"https:\/\/moncompte.actu.fr\" title=\"D\u00e9couvez Mon Actu\" rel=\"nofollow noopener\" data-trk=\"{&quot;cta&quot;:{&quot;action&quot;:&quot;https:\\\/\\\/moncompte.actu.fr&quot;,&quot;category&quot;:&quot;mon compte&quot;,&quot;from&quot;:&quot;article footer&quot;,&quot;name&quot;:&quot;Mon actu&quot;,&quot;type&quot;:&quot;cta&quot;}}\" target=\"_blank\">Mon Actu<\/a>.<\/p>\n<ul class=\"ac-article-tag wall-content\">\n<li><a href=\"https:\/\/actu.fr\/tag\/le-bikini\" data-trk=\"{&quot;cta&quot;:{&quot;action&quot;:&quot;Le Bikini&quot;,&quot;category&quot;:&quot;tag&quot;,&quot;from&quot;:&quot;article footer&quot;,&quot;name&quot;:&quot;Le Bikini&quot;,&quot;type&quot;:&quot;cta&quot;}}\" target=\"_blank\" rel=\"noopener\">#Le Bikini<\/a><\/li>\n<li><a href=\"https:\/\/actu.fr\/tag\/sortir-a-toulouse\" data-trk=\"{&quot;cta&quot;:{&quot;action&quot;:&quot;Sortir \\u00e0 Toulouse&quot;,&quot;category&quot;:&quot;tag&quot;,&quot;from&quot;:&quot;article footer&quot;,&quot;name&quot;:&quot;Sortir \\u00e0 Toulouse&quot;,&quot;type&quot;:&quot;cta&quot;}}\" target=\"_blank\" rel=\"noopener\">#Sortir \u00e0 Toulouse<\/a><\/li>\n<\/ul>\n","protected":false},"excerpt":{"rendered":"Par Gabriel Kenedi Publi\u00e9 le 21 mai 2025 \u00e0 19h06 C\u2019est un week-end riche en \u00e9v\u00e9nements qui s\u2019annonce&hellip;\n","protected":false},"author":2,"featured_media":117547,"comment_status":"","ping_status":"","sticky":false,"template":"","format":"standard","meta":{"footnotes":""},"categories":[2816],"tags":[1111,11,1777,674,1011,27,3478,1652,12,2680,25,1341,2312],"class_list":{"0":"post-117546","1":"post","2":"type-post","3":"status-publish","4":"format-standard","5":"has-post-thumbnail","7":"category-toulouse","8":"tag-actu","9":"tag-actualites","10":"tag-eu","11":"tag-europe","12":"tag-fr","13":"tag-france","14":"tag-le-bikini","15":"tag-loisirs-culture","16":"tag-news","17":"tag-occitanie","18":"tag-republique-francaise","19":"tag-sortir-a-toulouse","20":"tag-toulouse"},"share_on_mastodon":{"url":"https:\/\/pubeurope.com\/@fr\/114547344381517297","error":""},"_links":{"self":[{"href":"https:\/\/www.europesays.com\/fr\/wp-json\/wp\/v2\/posts\/117546","targetHints":{"allow":["GET"]}}],"collection":[{"href":"https:\/\/www.europesays.com\/fr\/wp-json\/wp\/v2\/posts"}],"about":[{"href":"https:\/\/www.europesays.com\/fr\/wp-json\/wp\/v2\/types\/post"}],"author":[{"embeddable":true,"href":"https:\/\/www.europesays.com\/fr\/wp-json\/wp\/v2\/users\/2"}],"replies":[{"embeddable":true,"href":"https:\/\/www.europesays.com\/fr\/wp-json\/wp\/v2\/comments?post=117546"}],"version-history":[{"count":0,"href":"https:\/\/www.europesays.com\/fr\/wp-json\/wp\/v2\/posts\/117546\/revisions"}],"wp:featuredmedia":[{"embeddable":true,"href":"https:\/\/www.europesays.com\/fr\/wp-json\/wp\/v2\/media\/117547"}],"wp:attachment":[{"href":"https:\/\/www.europesays.com\/fr\/wp-json\/wp\/v2\/media?parent=117546"}],"wp:term":[{"taxonomy":"category","embeddable":true,"href":"https:\/\/www.europesays.com\/fr\/wp-json\/wp\/v2\/categories?post=117546"},{"taxonomy":"post_tag","embeddable":true,"href":"https:\/\/www.europesays.com\/fr\/wp-json\/wp\/v2\/tags?post=117546"}],"curies":[{"name":"wp","href":"https:\/\/api.w.org\/{rel}","templated":true}]}}