{"id":117548,"date":"2025-05-21T18:55:09","date_gmt":"2025-05-21T18:55:09","guid":{"rendered":"https:\/\/www.europesays.com\/fr\/117548\/"},"modified":"2025-05-21T18:55:09","modified_gmt":"2025-05-21T18:55:09","slug":"a-cause-dune-fuite-de-gaz-les-pompiers-coupent-cette-rue-de-toulouse-dans-les-deux-sens","status":"publish","type":"post","link":"https:\/\/www.europesays.com\/fr\/117548\/","title":{"rendered":"A cause d&rsquo;une fuite de gaz, les pompiers coupent cette rue de Toulouse dans les deux sens"},"content":{"rendered":"<p>            Par<br \/>\n        <strong><br \/>\n            <a href=\"https:\/\/actu.fr\/auteur\/mareva-laville-actu-fr\" title=\"Consulter tous les articles de Mar\u00e9va Laville\" rel=\"nofollow noopener\" target=\"_blank\">Mar\u00e9va Laville<\/a><br \/>\n        <\/strong><\/p>\n<p>        Publi\u00e9 le<\/p>\n<p>            21 mai 2025 \u00e0 20h14        <\/p>\n<p>Il \u00e9tait environ 15\u00a0heures, ce mercredi 21\u00a0mai 2025, lorsque les sapeurs-pompiers de Haute-Garonne sont intervenus dans le quartier de Rangueil \u00e0 <a href=\"http:\/\/www.actu.fr\/toulouse\" rel=\"nofollow noopener\" target=\"_blank\"><strong>Toulouse<\/strong><\/a>. Rue Caubere, une<strong> fuite de gaz inflammable<\/strong> a \u00e9t\u00e9 observ\u00e9e sur la voie publique. Les pompiers ont alors d\u00e9ploy\u00e9 la proc\u00e9dure gaz renforc\u00e9e.<\/p>\n<p>    <a href=\"https:\/\/www.google.com\/maps\/embed?pb=!1m18!1m12!1m3!1d26208.203281977967!2d1.4361819188962106!3d43.56741453918047!2m3!1f0!2f0!3f0!3m2!1i1024!2i768!4f13.1!3m3!1m2!1s0x12aebc1303e8f94b%3A0xd8305ca03cb8b1a!2s37%20Rue%20Caubere%2C%2031400%20Toulouse!5e1!3m2!1sfr!2sfr!4v1747850813871!5m2!1sfr!2sfr\" title=\"Ouvrie le lien\" rel=\"nofollow noopener\" target=\"_blank\">Cliquez ici pour visualiser le contenu<\/a><\/p>\n<p>La rue coup\u00e9e dans les deux sens<\/p>\n<p class=\" wall-content\">Un <strong>p\u00e9rim\u00e8tre de s\u00e9curit\u00e9<\/strong> a \u00e9t\u00e9 mis en place durant l\u2019intervention de GRDF. La rue a par ailleurs \u00e9t\u00e9 coup\u00e9e dans les deux sens de circulation.<\/p>\n<p class=\" wall-content\">Au total, treize sapeurs-pompiers des casernes de Ramonville-Buchens, Toulouse Carsalade et Muret-Massat \u00e9taient engag\u00e9s.<\/p>\n<p class=\" wall-content\">Suivez toute l\u2019actualit\u00e9 de vos villes et m\u00e9dias favoris en vous inscrivant \u00e0 <a href=\"https:\/\/moncompte.actu.fr\" title=\"D\u00e9couvez Mon Actu\" rel=\"nofollow noopener\" data-trk=\"{&quot;cta&quot;:{&quot;action&quot;:&quot;https:\\\/\\\/moncompte.actu.fr&quot;,&quot;category&quot;:&quot;mon compte&quot;,&quot;from&quot;:&quot;article footer&quot;,&quot;name&quot;:&quot;Mon actu&quot;,&quot;type&quot;:&quot;cta&quot;}}\" target=\"_blank\">Mon Actu<\/a>.<\/p>\n","protected":false},"excerpt":{"rendered":"Par Mar\u00e9va Laville Publi\u00e9 le 21 mai 2025 \u00e0 20h14 Il \u00e9tait environ 15\u00a0heures, ce mercredi 21\u00a0mai 2025,&hellip;\n","protected":false},"author":2,"featured_media":117549,"comment_status":"","ping_status":"","sticky":false,"template":"","format":"standard","meta":{"footnotes":""},"categories":[2816],"tags":[1111,11,1777,674,118,1011,27,843,12,2680,1311,25,2312],"class_list":{"0":"post-117548","1":"post","2":"type-post","3":"status-publish","4":"format-standard","5":"has-post-thumbnail","7":"category-toulouse","8":"tag-actu","9":"tag-actualites","10":"tag-eu","11":"tag-europe","12":"tag-faits-divers","13":"tag-fr","14":"tag-france","15":"tag-gaz","16":"tag-news","17":"tag-occitanie","18":"tag-pompiers","19":"tag-republique-francaise","20":"tag-toulouse"},"share_on_mastodon":{"url":"https:\/\/pubeurope.com\/@fr\/114547348170037233","error":""},"_links":{"self":[{"href":"https:\/\/www.europesays.com\/fr\/wp-json\/wp\/v2\/posts\/117548","targetHints":{"allow":["GET"]}}],"collection":[{"href":"https:\/\/www.europesays.com\/fr\/wp-json\/wp\/v2\/posts"}],"about":[{"href":"https:\/\/www.europesays.com\/fr\/wp-json\/wp\/v2\/types\/post"}],"author":[{"embeddable":true,"href":"https:\/\/www.europesays.com\/fr\/wp-json\/wp\/v2\/users\/2"}],"replies":[{"embeddable":true,"href":"https:\/\/www.europesays.com\/fr\/wp-json\/wp\/v2\/comments?post=117548"}],"version-history":[{"count":0,"href":"https:\/\/www.europesays.com\/fr\/wp-json\/wp\/v2\/posts\/117548\/revisions"}],"wp:featuredmedia":[{"embeddable":true,"href":"https:\/\/www.europesays.com\/fr\/wp-json\/wp\/v2\/media\/117549"}],"wp:attachment":[{"href":"https:\/\/www.europesays.com\/fr\/wp-json\/wp\/v2\/media?parent=117548"}],"wp:term":[{"taxonomy":"category","embeddable":true,"href":"https:\/\/www.europesays.com\/fr\/wp-json\/wp\/v2\/categories?post=117548"},{"taxonomy":"post_tag","embeddable":true,"href":"https:\/\/www.europesays.com\/fr\/wp-json\/wp\/v2\/tags?post=117548"}],"curies":[{"name":"wp","href":"https:\/\/api.w.org\/{rel}","templated":true}]}}