{"id":117550,"date":"2025-05-21T18:56:11","date_gmt":"2025-05-21T18:56:11","guid":{"rendered":"https:\/\/www.europesays.com\/fr\/117550\/"},"modified":"2025-05-21T18:56:11","modified_gmt":"2025-05-21T18:56:11","slug":"sncf-reseau-condamne-par-le-tribunal-de-lille","status":"publish","type":"post","link":"https:\/\/www.europesays.com\/fr\/117550\/","title":{"rendered":"SNCF R\u00e9seau condamn\u00e9 par le tribunal de Lille"},"content":{"rendered":"<p>            Par<br \/>\n        <strong><br \/>\n            <a href=\"https:\/\/actu.fr\/auteur\/redaction-lille\" title=\"Consulter tous les articles de R\u00e9daction Lille\" target=\"_blank\" rel=\"noopener\">R\u00e9daction Lille<\/a><br \/>\n        <\/strong><\/p>\n<p>        Publi\u00e9 le<\/p>\n<p>            21 mai 2025 \u00e0 18h06        <\/p>\n<p>Le d\u00e9lib\u00e9r\u00e9 d\u2019une <a href=\"https:\/\/actu.fr\/hauts-de-france\/wavrin_59653\/un-adolescent-tue-a-un-passage-a-niveau-dans-le-nord-la-sncf-jugee-a-lille_62426649.html\" target=\"_blank\" rel=\"noopener\">affaire difficile<\/a> est tomb\u00e9, ce mercredi 21\u00a0mai 2025. Le<b> tribunal correctionnel de Lille <\/b>(Nord) a<b> condamn\u00e9 SNCF R\u00e9seau \u00e0 une amende de 100\u2009000\u00a0euros<\/b> et au<b> versement d\u2019indemnit\u00e9s<\/b> \u00e0 la famille d\u2019un<b> adolescent mort<\/b> apr\u00e8s avoir \u00e9t\u00e9 <b>percut\u00e9 par un train<\/b> alors qu\u2019il traversait un passage \u00e0 niveau \u00e0 <b>Wavrin<\/b> (Nord) en 2016.<\/p>\n<p>La SNCF au tribunal pour \u00ab\u2009n\u00e9gligence\u2009\u00bb<\/p>\n<p class=\" wall-content\">Dans cette affaire, SNCF R\u00e9seau et SNCF Mobilit\u00e9s \u00e9taient poursuivies pour \u00ab\u2009homicide involontaire par personne morale\u2009\u00bb, accus\u00e9es notamment de <b>\u00ab\u2009n\u00e9gligence\u2009\u00bb<\/b> et de <b>\u00ab\u2009manquement \u00e0 une obligation de s\u00e9curit\u00e9\u2009\u00bb.<\/b><\/p>\n<p class=\" wall-content\">Le tribunal a relax\u00e9 SNCF Mobilit\u00e9s, mais a condamn\u00e9 \u00e0 100\u2009000\u00a0euros d\u2019amende SNCF R\u00e9seau qui devra \u00e9galement verser 140\u2009000\u00a0euros \u00e0 la famille de l\u2019adolescent, partie civile au proc\u00e8s. SNCF r\u00e9seau devra aussi<b> afficher la d\u00e9cision judiciaire en gare de Wavrin.<\/b><\/p>\n<p class=\" wall-content\">Bref rappel des faits\u2009: le 17\u00a0octobre 2016 au matin, Nicolas Cottin, 15\u00a0ans, a \u00e9t\u00e9 mortellement <b>percut\u00e9 par un TER qui roulait \u00e0 85\u00a0km\/h<\/b> alors qu\u2019il traversait le passage \u00e0 niveau de Wavrin pour prendre le train qui devait l\u2019emmener au lyc\u00e9e.<\/p>\n<p class=\" wall-content\">Les <b>demi-barri\u00e8res <\/b>pour les voitures \u00e9taient abaiss\u00e9es, mais \u00ab\u2009aucun obstacle\u2009\u00bb n\u2019emp\u00eachait le passage des pi\u00e9tons qui pouvaient passer sur le c\u00f4t\u00e9, a soulign\u00e9 la pr\u00e9sidente du tribunal lors du rappel des faits.<\/p>\n<p>Un soulagement pour la famille<\/p>\n<p class=\" wall-content\">\u00ab\u2009C\u2019est un soulagement\u2009\u00bb, Nicolas \u00ab\u2009est reconnu comme <b>une v\u00e9ritable victime d\u2019un d\u00e9faut de s\u00e9curisation<\/b>\u2009\u00bb, a r\u00e9agi Muriel Danel, la m\u00e8re de la victime qui pense \u00ab\u2009\u00e0 toutes les familles qui ont perdu un proche\u2009\u00bb sur des passages \u00e0 niveau, \u00ab\u2009quelque part, c\u2019est une condamnation pour eux\u2009\u00bb.<\/p>\n<p>Vid\u00e9os : en ce moment sur Actu<\/p>\n<p class=\" wall-content\">Nicolas aurait eu 24\u00a0ans mercredi. \u00ab\u2009On va souffler ses bougies, avec un peu plus de s\u00e9r\u00e9nit\u00e9\u2009\u00bb, a-t-elle ajout\u00e9. \u00ab\u2009C\u2019est gr\u00e2ce \u00e0 lui qu\u2019on a r\u00e9ussi \u00e0 tenir pendant plus de huit ans et demi [\u2026], on ne veut pas d\u2019autres drames \u00e0 ce passage \u00e0 niveau\u2009\u00bb.<\/p>\n<p class=\" wall-content\">Le <b>parquet avait requis une amende totale de 225\u2009000\u00a0euros<\/b> le 26\u00a0mars, la procureure estimant que les \u00ab\u2009fautes\u2009\u00bb de la SNCF \u00ab\u2009ont jou\u00e9 un r\u00f4le\u2009\u00bb dans le d\u00e9c\u00e8s de l\u2019adolescent. Elle avait requis 150\u2009000\u00a0euros d\u2019amende pour SNCF R\u00e9seau et 75\u2009000\u00a0euros pour SNCF Mobilit\u00e9s.<\/p>\n<p>Un passage \u00e0 niveau \u00ab\u2009mortif\u00e8re\u2009\u00bb<\/p>\n<p class=\" wall-content\">\u00ab\u2009Les usagers sont pris en otage, car pour prendre le train en face, ils sont oblig\u00e9s de traverser\u2009\u00bb ce <b>passage \u00e0 niveau \u00ab\u2009mortif\u00e8re\u2009\u00bb<\/b>, avait estim\u00e9 l\u2019avocat de la famille, Me Quentin Lebas.<\/p>\n<p class=\" wall-content\">Une version des faits contest\u00e9e par la SNCF, qui avait argu\u00e9 que ce passage \u00e0 niveau n\u2019\u00e9tait pas inclus dans le p\u00e9rim\u00e8tre de la gare de Wavrin, zone o\u00f9 elle est la seule responsable de la s\u00e9curit\u00e9 ferroviaire.<\/p>\n<p class=\" wall-content\">Les avocats de la SNCF n\u2019ont pas souhait\u00e9 s\u2019exprimer.<\/p>\n<p class=\" wall-content\"><b>Source\u2009: AFP<\/b><\/p>\n<p class=\" wall-content\">Suivez toute l\u2019actualit\u00e9 de vos villes et m\u00e9dias favoris en vous inscrivant \u00e0 <a href=\"https:\/\/moncompte.actu.fr\" title=\"D\u00e9couvez Mon Actu\" rel=\"nofollow noopener\" data-trk=\"{&quot;cta&quot;:{&quot;action&quot;:&quot;https:\\\/\\\/moncompte.actu.fr&quot;,&quot;category&quot;:&quot;mon compte&quot;,&quot;from&quot;:&quot;article footer&quot;,&quot;name&quot;:&quot;Mon actu&quot;,&quot;type&quot;:&quot;cta&quot;}}\" target=\"_blank\">Mon Actu<\/a>.<\/p>\n","protected":false},"excerpt":{"rendered":"Par R\u00e9daction Lille Publi\u00e9 le 21 mai 2025 \u00e0 18h06 Le d\u00e9lib\u00e9r\u00e9 d\u2019une affaire difficile est tomb\u00e9, ce&hellip;\n","protected":false},"author":2,"featured_media":117551,"comment_status":"","ping_status":"","sticky":false,"template":"","format":"standard","meta":{"footnotes":""},"categories":[2815],"tags":[119,7757,1111,11,1777,674,118,1011,27,811,1307,12,25,2215],"class_list":{"0":"post-117550","1":"post","2":"type-post","3":"status-publish","4":"format-standard","5":"has-post-thumbnail","7":"category-lille","8":"tag-accident","9":"tag-accident-grave-de-voyageur","10":"tag-actu","11":"tag-actualites","12":"tag-eu","13":"tag-europe","14":"tag-faits-divers","15":"tag-fr","16":"tag-france","17":"tag-hauts-de-france","18":"tag-lille","19":"tag-news","20":"tag-republique-francaise","21":"tag-sncf"},"share_on_mastodon":{"url":"https:\/\/pubeurope.com\/@fr\/114547352113618907","error":""},"_links":{"self":[{"href":"https:\/\/www.europesays.com\/fr\/wp-json\/wp\/v2\/posts\/117550","targetHints":{"allow":["GET"]}}],"collection":[{"href":"https:\/\/www.europesays.com\/fr\/wp-json\/wp\/v2\/posts"}],"about":[{"href":"https:\/\/www.europesays.com\/fr\/wp-json\/wp\/v2\/types\/post"}],"author":[{"embeddable":true,"href":"https:\/\/www.europesays.com\/fr\/wp-json\/wp\/v2\/users\/2"}],"replies":[{"embeddable":true,"href":"https:\/\/www.europesays.com\/fr\/wp-json\/wp\/v2\/comments?post=117550"}],"version-history":[{"count":0,"href":"https:\/\/www.europesays.com\/fr\/wp-json\/wp\/v2\/posts\/117550\/revisions"}],"wp:featuredmedia":[{"embeddable":true,"href":"https:\/\/www.europesays.com\/fr\/wp-json\/wp\/v2\/media\/117551"}],"wp:attachment":[{"href":"https:\/\/www.europesays.com\/fr\/wp-json\/wp\/v2\/media?parent=117550"}],"wp:term":[{"taxonomy":"category","embeddable":true,"href":"https:\/\/www.europesays.com\/fr\/wp-json\/wp\/v2\/categories?post=117550"},{"taxonomy":"post_tag","embeddable":true,"href":"https:\/\/www.europesays.com\/fr\/wp-json\/wp\/v2\/tags?post=117550"}],"curies":[{"name":"wp","href":"https:\/\/api.w.org\/{rel}","templated":true}]}}