{"id":117554,"date":"2025-05-21T18:58:09","date_gmt":"2025-05-21T18:58:09","guid":{"rendered":"https:\/\/www.europesays.com\/fr\/117554\/"},"modified":"2025-05-21T18:58:09","modified_gmt":"2025-05-21T18:58:09","slug":"a-marseille-veronique-livre-son-histoire","status":"publish","type":"post","link":"https:\/\/www.europesays.com\/fr\/117554\/","title":{"rendered":"\u00e0 Marseille, V\u00e9ronique livre son histoire"},"content":{"rendered":"<p>\u00ab\u00a0Ma m\u00e8re vit en enfer.\u00a0\u00bb La voix de V\u00e9ronique Lopez est pos\u00e9e, \u00e0 peine un chevrotement. <a href=\"https:\/\/www.laprovence.com\/article\/france-monde\/51454137865788\/fin-de-vie-les-deputes-approuvent-un-article-cle-creant-un-droit-a-laide-a-mourir\" target=\"_blank\" rel=\"noopener\">Les d\u00e9bats sur la fin de vie<\/a>, arr\u00eat\u00e9s<a href=\"https:\/\/www.laprovence.com\/article\/france-monde\/1984473502445715\/apres-une-parenthese-de-dix-mois-la-fin-de-vie-fait-son-retour-a-lassemblee\" target=\"_blank\" rel=\"noopener\"> par la dissolution<\/a>, ont <a href=\"https:\/\/www.laprovence.com\/article\/politique\/1830298515152615\/soins-palliatifs-volonte-collegialite-les-enjeux-du-debat-sur-la-fin-de-vie-de-retour-a-lassemblee\" target=\"_blank\" rel=\"noopener\">repris il y a dix jours \u00e0 l\u2019Assembl\u00e9e<\/a>. \u00ab\u00a0\u00c7a me remue\u00a0\u00bb, confie-t-elle, assise sur son canap\u00e9, au deuxi\u00e8me \u00e9tage d\u2019une tour du Roy d\u2019Espagne, vue sur Marseille. \u00ab\u00a0Sa souffrance a trop dur\u00e9.\u00a0\u00bb Quinze ann\u00e9es de psychiatrie, \u00e7a laisse des traces.<\/p>\n<p>V\u00e9ronique sort une photo, prise dans un Ehpad du Sud-Ouest, pr\u00e8s de chez sa s\u0153ur, Sophie. On y voit Arlette, 79\u00a0ans, fr\u00eale, cheveux blancs, mains recroquevill\u00e9es sur un drap. \u00ab\u00a0Elle est comme un cadavre qui demande \u00e0 partir, incapable de sortir de son lit depuis un an.\u00a0\u00bb<\/p>\n<p>Dans un \u00ab\u00a0trou noir de la m\u00e9decine<\/p>\n<p>Arlette est dans un \u00ab\u00a0trou noir\u00a0\u00bb de la m\u00e9decine. Ses filles aimeraient que la soci\u00e9t\u00e9 reconnaisse qu\u2019elle ne peut rien et propose une solution\u00a0: <a href=\"https:\/\/www.laprovence.com\/article\/societe\/1151520626141314\/euthanasie-et-fin-de-vie-les-francais-toujours-plus-nombreux-a-se-tourner-vers-la-belgique\" target=\"_blank\" rel=\"noopener\">l\u2019euthanasie ou le suicide assist\u00e9<\/a>. Le sujet est tr\u00e8s sensible et divise. Quand la ministre de la Sant\u00e9 d\u00e9fend \u00ab\u00a0une alternative \u00e0 des souffrances intol\u00e9rables qui ne trouvent aucune r\u00e9ponse\u00a0\u00bb, <a href=\"https:\/\/www.laprovence.com\/article\/sante\/109705262933515\/jean-leonetti-sur-la-loi-sur-la-fin-de-vie-une-societe-moderne-ne-donne-pas-la-mort\" target=\"_blank\" rel=\"noopener\">les opposants craignent de voir des malades abr\u00e9ger leur existence face au manque de moyens<\/a> et \u00e0 une prise en charge inadapt\u00e9e. Si une loi de\u00a01999 est cens\u00e9e garantir <a href=\"https:\/\/www.laprovence.com\/article\/sante\/1145745050929515\/on-accompagne-des-vivants-a-la-maison-de-gardanne-la-vie-jusqu-au-bout\" target=\"_blank\" rel=\"noopener\">l\u2019acc\u00e8s aux soins palliatifs<\/a> \u00e0 tous, <a href=\"https:\/\/www.laprovence.com\/article\/sante\/113234842811715\/soins-palliatifs-quand-la-fin-necessite-des-moyens\" target=\"_blank\" rel=\"noopener\">vingt d\u00e9partements en sont, en effet, toujours d\u00e9pourvus 26\u00a0ans plus tard<\/a> (comme celui d\u2019Arlette).<\/p>\n","protected":false},"excerpt":{"rendered":"\u00ab\u00a0Ma m\u00e8re vit en enfer.\u00a0\u00bb La voix de V\u00e9ronique Lopez est pos\u00e9e, \u00e0 peine un chevrotement. Les d\u00e9bats&hellip;\n","protected":false},"author":2,"featured_media":117555,"comment_status":"","ping_status":"","sticky":false,"template":"","format":"standard","meta":{"footnotes":""},"categories":[2814],"tags":[17,1111,11,7650,1777,674,1011,27,23826,22636,884,5875,12,3946,5537,882,25,104],"class_list":{"0":"post-117554","1":"post","2":"type-post","3":"status-publish","4":"format-standard","5":"has-post-thumbnail","7":"category-marseille","8":"tag-17","9":"tag-actu","10":"tag-actualites","11":"tag-demande","12":"tag-eu","13":"tag-europe","14":"tag-fr","15":"tag-france","16":"tag-laider","17":"tag-ma","18":"tag-marseille","19":"tag-mere","20":"tag-news","21":"tag-nous","22":"tag-partir","23":"tag-provence-alpes-cote-dazur","24":"tag-republique-francaise","25":"tag-societe"},"share_on_mastodon":{"url":"https:\/\/pubeurope.com\/@fr\/114547360059200237","error":""},"_links":{"self":[{"href":"https:\/\/www.europesays.com\/fr\/wp-json\/wp\/v2\/posts\/117554","targetHints":{"allow":["GET"]}}],"collection":[{"href":"https:\/\/www.europesays.com\/fr\/wp-json\/wp\/v2\/posts"}],"about":[{"href":"https:\/\/www.europesays.com\/fr\/wp-json\/wp\/v2\/types\/post"}],"author":[{"embeddable":true,"href":"https:\/\/www.europesays.com\/fr\/wp-json\/wp\/v2\/users\/2"}],"replies":[{"embeddable":true,"href":"https:\/\/www.europesays.com\/fr\/wp-json\/wp\/v2\/comments?post=117554"}],"version-history":[{"count":0,"href":"https:\/\/www.europesays.com\/fr\/wp-json\/wp\/v2\/posts\/117554\/revisions"}],"wp:featuredmedia":[{"embeddable":true,"href":"https:\/\/www.europesays.com\/fr\/wp-json\/wp\/v2\/media\/117555"}],"wp:attachment":[{"href":"https:\/\/www.europesays.com\/fr\/wp-json\/wp\/v2\/media?parent=117554"}],"wp:term":[{"taxonomy":"category","embeddable":true,"href":"https:\/\/www.europesays.com\/fr\/wp-json\/wp\/v2\/categories?post=117554"},{"taxonomy":"post_tag","embeddable":true,"href":"https:\/\/www.europesays.com\/fr\/wp-json\/wp\/v2\/tags?post=117554"}],"curies":[{"name":"wp","href":"https:\/\/api.w.org\/{rel}","templated":true}]}}