{"id":117558,"date":"2025-05-21T19:00:14","date_gmt":"2025-05-21T19:00:14","guid":{"rendered":"https:\/\/www.europesays.com\/fr\/117558\/"},"modified":"2025-05-21T19:00:14","modified_gmt":"2025-05-21T19:00:14","slug":"pres-de-lyon-les-gendarmes-cernent-cette-commune-et-font-carton-plein-affligeant","status":"publish","type":"post","link":"https:\/\/www.europesays.com\/fr\/117558\/","title":{"rendered":"Pr\u00e8s de Lyon. Les gendarmes cernent cette commune et font carton plein : \u00ab\u00a0Affligeant\u00a0\u00bb"},"content":{"rendered":"<p>            Par<br \/>\n        <strong><br \/>\n            <a href=\"https:\/\/actu.fr\/auteur\/anthony-soudani\" title=\"Consulter tous les articles de Anthony Soudani\" rel=\"nofollow noopener\" target=\"_blank\">Anthony Soudani<\/a><br \/>\n        <\/strong><\/p>\n<p>        Publi\u00e9 le<\/p>\n<p>            21 mai 2025 \u00e0 19h56        <\/p>\n<p>C\u2019\u00e9tait un contr\u00f4le \u00ab\u00a0prolifique\u00a0\u00bb. Les <a href=\"https:\/\/actu.fr\/auvergne-rhone-alpes\/brussieu_69031\/pres-de-lyon-les-gendarmes-sortent-les-jumelles-sur-cette-route-le-bilan-est-alarmant_62661808.html\" rel=\"nofollow noopener\" target=\"_blank\">gendarmes<\/a> de l\u2019escadron d\u00e9partemental de s\u00e9curit\u00e9 routi\u00e8re du Rh\u00f4ne ont men\u00e9 une importante op\u00e9ration de contr\u00f4le <strong>en cernant la commune de Tassin-la-Demi-Lune<\/strong>, dans la m\u00e9tropole de <a href=\"https:\/\/actu.fr\/lyon\/\" rel=\"nofollow noopener\" target=\"_blank\">Lyon<\/a>, mercredi 21 mai.\u00a0<\/p>\n<p class=\" wall-content\">Une trentaine de militaires ont \u00e9t\u00e9 r\u00e9partis sur trois secteurs tr\u00e8s passants de la ville de l\u2019ouest lyonnais. Un nombre \u00ab\u00a0affligeant\u00a0\u00bb d\u2019infractions ont \u00e9t\u00e9 constat\u00e9s en seulement trois heures, de 14h \u00e0 17h. Un conducteur a notamment fini en garde \u00e0 vue.<\/p>\n<p>Un livreur de stup\u00e9fiants bien charg\u00e9 termine en garde \u00e0 vue<\/p>\n<p class=\" wall-content\">Les gendarmes n\u2019ont pas cess\u00e9 d\u2019arr\u00eater des automobilistes. Au total, ils ont constat\u00e9 <strong>58 infractions<\/strong>, dont quinze d\u00e9lits et deux interpellations d\u2019\u00e9trangers en situation irr\u00e9guli\u00e8re. Mais surtout un trafiquant de drogues, de type <strong>Uber shit<\/strong> (livreur de stup\u00e9fiants) a \u00e9t\u00e9 plac\u00e9 en garde \u00e0 vue.\u00a0<\/p>\n<p class=\" wall-content\">Il faut dire que son v\u00e9hicule contenait une quantit\u00e9 importante d\u2019herbe et de r\u00e9sine de cannabis, ainsi que de la coca\u00efne, de l\u2019h\u00e9ro\u00efne ou encore plus de 1 000 euros en petites coupures.\u00a0<\/p>\n<p>    <img   decoding=\"async\" loading=\"lazy\" src=\"https:\/\/www.europesays.com\/fr\/wp-content\/uploads\/2025\/05\/porsche-lyon-gendarmes-960x509.jpg\" alt=\"La Porsche d'un conducteur sous stup\u00e9fiants a \u00e9t\u00e9 immobilis\u00e9e par les gendarmes du Rh\u00f4ne \u00e0 Tassin-la-Demi-Lune.\" width=\"960\" height=\"509\"\/><br \/>\n    La Porsche d\u2019un conducteur sous stup\u00e9fiants a \u00e9t\u00e9 immobilis\u00e9e par les gendarmes du Rh\u00f4ne \u00e0 Tassin-la-Demi-Lune. (\u00a9Document remis \u00e0 actu Lyon)\u00ab\u00a0Comme souvent, les r\u00e9sultats sont affligeants\u00a0\u00bb<\/p>\n<p class=\" wall-content\">\u00ab\u00a0<a href=\"https:\/\/actu.fr\/auvergne-rhone-alpes\/corbas_69273\/pres-de-lyon-les-gendarmes-depites-par-la-conduite-de-ces-chauffards-sans-scrupules_62644488.html\" rel=\"nofollow noopener\" target=\"_blank\">Comme souvent<\/a>, les r\u00e9sultats sont affligeants\u00a0\u00bb, nous glisse un gendarme. Parmi toutes ces infractions, ils ont \u00e9galement relev\u00e9<strong> six conduites sous stup\u00e9fiants<\/strong>, dont une sous coca\u00efne et cinq sous cannabis.\u00a0<\/p>\n<p class=\" wall-content\">L\u2019un des conducteurs sous l\u2019influence de cannabis a vu sa Porsche \u00eatre immobilis\u00e9e par les gendarmes.<\/p>\n<p class=\" wall-content\">\u00c0 cela s\u2019ajoutent deux d\u00e9fauts de permis, trois d\u00e9fauts d\u2019assurance, 19 usages du t\u00e9l\u00e9phone au volant, un non-respect de feux rouge et cinq non-ports de la ceinture.<\/p>\n<p class=\" wall-content\">Suivez toute l\u2019actualit\u00e9 de vos villes et m\u00e9dias favoris en vous inscrivant \u00e0 <a href=\"https:\/\/moncompte.actu.fr\" title=\"D\u00e9couvez Mon Actu\" rel=\"nofollow noopener\" data-trk=\"{&quot;cta&quot;:{&quot;action&quot;:&quot;https:\\\/\\\/moncompte.actu.fr&quot;,&quot;category&quot;:&quot;mon compte&quot;,&quot;from&quot;:&quot;article footer&quot;,&quot;name&quot;:&quot;Mon actu&quot;,&quot;type&quot;:&quot;cta&quot;}}\" target=\"_blank\">Mon Actu<\/a>.<\/p>\n","protected":false},"excerpt":{"rendered":"Par Anthony Soudani Publi\u00e9 le 21 mai 2025 \u00e0 19h56 C\u2019\u00e9tait un contr\u00f4le \u00ab\u00a0prolifique\u00a0\u00bb. Les gendarmes de l\u2019escadron&hellip;\n","protected":false},"author":2,"featured_media":117559,"comment_status":"","ping_status":"","sticky":false,"template":"","format":"standard","meta":{"footnotes":""},"categories":[1889],"tags":[1111,11,2430,1052,1777,674,118,1011,27,3381,2428,12,25,5009],"class_list":{"0":"post-117558","1":"post","2":"type-post","3":"status-publish","4":"format-standard","5":"has-post-thumbnail","7":"category-lyon","8":"tag-actu","9":"tag-actualites","10":"tag-auvergne-rhone-alpes","11":"tag-drogue","12":"tag-eu","13":"tag-europe","14":"tag-faits-divers","15":"tag-fr","16":"tag-france","17":"tag-gendarmerie","18":"tag-lyon","19":"tag-news","20":"tag-republique-francaise","21":"tag-securite-routiere"},"share_on_mastodon":{"url":"https:\/\/pubeurope.com\/@fr\/114547367996710108","error":""},"_links":{"self":[{"href":"https:\/\/www.europesays.com\/fr\/wp-json\/wp\/v2\/posts\/117558","targetHints":{"allow":["GET"]}}],"collection":[{"href":"https:\/\/www.europesays.com\/fr\/wp-json\/wp\/v2\/posts"}],"about":[{"href":"https:\/\/www.europesays.com\/fr\/wp-json\/wp\/v2\/types\/post"}],"author":[{"embeddable":true,"href":"https:\/\/www.europesays.com\/fr\/wp-json\/wp\/v2\/users\/2"}],"replies":[{"embeddable":true,"href":"https:\/\/www.europesays.com\/fr\/wp-json\/wp\/v2\/comments?post=117558"}],"version-history":[{"count":0,"href":"https:\/\/www.europesays.com\/fr\/wp-json\/wp\/v2\/posts\/117558\/revisions"}],"wp:featuredmedia":[{"embeddable":true,"href":"https:\/\/www.europesays.com\/fr\/wp-json\/wp\/v2\/media\/117559"}],"wp:attachment":[{"href":"https:\/\/www.europesays.com\/fr\/wp-json\/wp\/v2\/media?parent=117558"}],"wp:term":[{"taxonomy":"category","embeddable":true,"href":"https:\/\/www.europesays.com\/fr\/wp-json\/wp\/v2\/categories?post=117558"},{"taxonomy":"post_tag","embeddable":true,"href":"https:\/\/www.europesays.com\/fr\/wp-json\/wp\/v2\/tags?post=117558"}],"curies":[{"name":"wp","href":"https:\/\/api.w.org\/{rel}","templated":true}]}}