{"id":117560,"date":"2025-05-21T19:01:18","date_gmt":"2025-05-21T19:01:18","guid":{"rendered":"https:\/\/www.europesays.com\/fr\/117560\/"},"modified":"2025-05-21T19:01:18","modified_gmt":"2025-05-21T19:01:18","slug":"lyon-la-police-maintient-la-pression-a-la-guillotiere-placee-sous-haute-surveillance","status":"publish","type":"post","link":"https:\/\/www.europesays.com\/fr\/117560\/","title":{"rendered":"Lyon. La police maintient la pression \u00e0 la Guilloti\u00e8re, plac\u00e9e sous haute surveillance"},"content":{"rendered":"<p>            Par<br \/>\n        <strong><br \/>\n            <a href=\"https:\/\/actu.fr\/auteur\/theo-zuili\" title=\"Consulter tous les articles de Th\u00e9o Zuili\" rel=\"nofollow noopener\" target=\"_blank\">Th\u00e9o Zuili<\/a><br \/>\n        <\/strong><\/p>\n<p>        Publi\u00e9 le<\/p>\n<p>            21 mai 2025 \u00e0 18h12        <\/p>\n<p>La police du Rh\u00f4ne continue de maintenir la pression sur le trafic de drogue \u00e0 <a href=\"https:\/\/actu.fr\/auvergne-rhone-alpes\/lyon_69123\/lyon-operation-de-police-xxl-a-la-guillotiere-plusieurs-delinquants-tombent_62610797.html\" rel=\"nofollow noopener\" target=\"_blank\">Guilloti\u00e8re<\/a>, dans le 3\u1d49 arrondissement de <a href=\"https:\/\/actu.fr\/auvergne-rhone-alpes\/lyon_69123\" rel=\"nofollow noopener\" target=\"_blank\">Lyon<\/a>. Selon nos informations, <strong>une cinquantaine d\u2019agents<\/strong> ont \u00e9t\u00e9 mobilis\u00e9s pour mener une op\u00e9ration de contr\u00f4les d\u2019identit\u00e9 et ont multipli\u00e9 les fouilles de 17h \u00e0 19h30, mardi 20 mai.<\/p>\n<p>La police se montre \u00e0 Guilloti\u00e8re<\/p>\n<p class=\" wall-content\">Police aux fronti\u00e8res, CRS et policiers municipaux \u00e9taient \u00e0 nouveau pr\u00e9sents en nombre \u00e0 Guilloti\u00e8re mardi 20 mai, quelques jours apr\u00e8s <a href=\"https:\/\/actu.fr\/auvergne-rhone-alpes\/lyon_69123\/lyon-la-police-decouvre-un-celebre-produit-interdit-en-france-dans-un-commerce_62658582.html\" rel=\"nofollow noopener\" target=\"_blank\">une autre grosse op\u00e9ration de police<\/a> dans le secteur. Pour rappel, pr\u00e8s de 2 000 personnes avaient \u00e9t\u00e9 contr\u00f4l\u00e9es les 4 et 5 mai <a href=\"https:\/\/actu.fr\/auvergne-rhone-alpes\/lyon_69123\/lyon-operation-de-police-xxl-a-la-guillotiere-plusieurs-delinquants-tombent_62610797.html\" rel=\"nofollow noopener\" target=\"_blank\">dans le cadre d\u2019une op\u00e9ration XXL<\/a>.<\/p>\n<p class=\" wall-content\">Cette fois, <strong>74 individus ont \u00e9t\u00e9 contr\u00f4l\u00e9s<\/strong> pour six infractions constat\u00e9es par les forces de l\u2019ordre autour de la place Gabriel-P\u00e9ri, de la place <a href=\"https:\/\/actu.fr\/auvergne-rhone-alpes\/lyon_69123\/les-habitants-de-cette-place-vivent-toujours-un-cauchemar-a-lyon-on-ne-sort-plus_59660092.html\" rel=\"nofollow noopener\" target=\"_blank\">Mazagran<\/a> et des rues Villeroy et Vend\u00f4me, identifi\u00e9es par la police comme des points sensibles du trafic de stup\u00e9fiants.<\/p>\n<p class=\" wall-content\">Cinq \u00e9trangers en situation irr\u00e9guli\u00e8re sur le territoire ont \u00e9t\u00e9 interpell\u00e9s et remis \u00e0 la police aux fronti\u00e8res mardi soir.<\/p>\n<p>Vid\u00e9os : en ce moment sur ActuTrafics de t\u00e9l\u00e9phones vol\u00e9s et de m\u00e9dicaments<\/p>\n<p class=\" wall-content\">Les policiers ont plac\u00e9 en garde \u00e0 vue un homme sans-abri soup\u00e7onn\u00e9 d\u2019\u00eatre vendeur de stup\u00e9fiants, de nationalit\u00e9 alg\u00e9rienne et pr\u00e9sent de mani\u00e8re irr\u00e9guli\u00e8re en France.<\/p>\n<p class=\" wall-content\">Un autre individu s\u2019est vu remettre une amende forfaitaire d\u00e9lictuelle pour consommation de cannabis.<\/p>\n<p class=\" wall-content\">Les agents font \u00e9tat d\u2019un <strong>refus d\u2019obtemp\u00e9rer<\/strong> avec violences volontaires avec arme blanche par destination sur personne d\u00e9positaire de l\u2019autorit\u00e9 publique. L\u2019individu a \u00e9t\u00e9 plac\u00e9 en garde \u00e0 vue.<\/p>\n<p class=\" wall-content\">Deux autres \u00e9trangers en situation irr\u00e9guli\u00e8re et sans-abris ont \u00e9t\u00e9 plac\u00e9s en garde \u00e0 vue, l\u2019un pour recel de t\u00e9l\u00e9phone vol\u00e9, l\u2019autre pour cession de m\u00e9dicaments psychotropes.<\/p>\n<p class=\" wall-content\">Suivez toute l\u2019actualit\u00e9 de vos villes et m\u00e9dias favoris en vous inscrivant \u00e0 <a href=\"https:\/\/moncompte.actu.fr\" title=\"D\u00e9couvez Mon Actu\" rel=\"nofollow noopener\" data-trk=\"{&quot;cta&quot;:{&quot;action&quot;:&quot;https:\\\/\\\/moncompte.actu.fr&quot;,&quot;category&quot;:&quot;mon compte&quot;,&quot;from&quot;:&quot;article footer&quot;,&quot;name&quot;:&quot;Mon actu&quot;,&quot;type&quot;:&quot;cta&quot;}}\" target=\"_blank\">Mon Actu<\/a>.<\/p>\n","protected":false},"excerpt":{"rendered":"Par Th\u00e9o Zuili Publi\u00e9 le 21 mai 2025 \u00e0 18h12 La police du Rh\u00f4ne continue de maintenir la&hellip;\n","protected":false},"author":2,"featured_media":117561,"comment_status":"","ping_status":"","sticky":false,"template":"","format":"standard","meta":{"footnotes":""},"categories":[1889],"tags":[1111,11,2430,1777,674,118,1011,27,23173,2428,12,1072,25],"class_list":{"0":"post-117560","1":"post","2":"type-post","3":"status-publish","4":"format-standard","5":"has-post-thumbnail","7":"category-lyon","8":"tag-actu","9":"tag-actualites","10":"tag-auvergne-rhone-alpes","11":"tag-eu","12":"tag-europe","13":"tag-faits-divers","14":"tag-fr","15":"tag-france","16":"tag-guillotiere","17":"tag-lyon","18":"tag-news","19":"tag-police","20":"tag-republique-francaise"},"share_on_mastodon":{"url":"https:\/\/pubeurope.com\/@fr\/114547371852079144","error":""},"_links":{"self":[{"href":"https:\/\/www.europesays.com\/fr\/wp-json\/wp\/v2\/posts\/117560","targetHints":{"allow":["GET"]}}],"collection":[{"href":"https:\/\/www.europesays.com\/fr\/wp-json\/wp\/v2\/posts"}],"about":[{"href":"https:\/\/www.europesays.com\/fr\/wp-json\/wp\/v2\/types\/post"}],"author":[{"embeddable":true,"href":"https:\/\/www.europesays.com\/fr\/wp-json\/wp\/v2\/users\/2"}],"replies":[{"embeddable":true,"href":"https:\/\/www.europesays.com\/fr\/wp-json\/wp\/v2\/comments?post=117560"}],"version-history":[{"count":0,"href":"https:\/\/www.europesays.com\/fr\/wp-json\/wp\/v2\/posts\/117560\/revisions"}],"wp:featuredmedia":[{"embeddable":true,"href":"https:\/\/www.europesays.com\/fr\/wp-json\/wp\/v2\/media\/117561"}],"wp:attachment":[{"href":"https:\/\/www.europesays.com\/fr\/wp-json\/wp\/v2\/media?parent=117560"}],"wp:term":[{"taxonomy":"category","embeddable":true,"href":"https:\/\/www.europesays.com\/fr\/wp-json\/wp\/v2\/categories?post=117560"},{"taxonomy":"post_tag","embeddable":true,"href":"https:\/\/www.europesays.com\/fr\/wp-json\/wp\/v2\/tags?post=117560"}],"curies":[{"name":"wp","href":"https:\/\/api.w.org\/{rel}","templated":true}]}}