{"id":117566,"date":"2025-05-21T19:04:09","date_gmt":"2025-05-21T19:04:09","guid":{"rendered":"https:\/\/www.europesays.com\/fr\/117566\/"},"modified":"2025-05-21T19:04:09","modified_gmt":"2025-05-21T19:04:09","slug":"souris-cafards-salete-la-prefecture-de-seine-saint-denis-ordonne-la-fermeture-en-urgence-dune-pizzeria","status":"publish","type":"post","link":"https:\/\/www.europesays.com\/fr\/117566\/","title":{"rendered":"Souris, cafards, salet\u00e9&#8230; La pr\u00e9fecture de Seine-Saint-Denis ordonne la fermeture en urgence d&rsquo;une pizzeria"},"content":{"rendered":"<p>            Par<br \/>\n        <strong><br \/>\n            <a href=\"https:\/\/actu.fr\/auteur\/redaction-paris\" title=\"Consulter tous les articles de R\u00e9daction Paris\" target=\"_blank\" rel=\"noopener\">R\u00e9daction Paris<\/a><br \/>\n        <\/strong><\/p>\n<p>        Publi\u00e9 le<\/p>\n<p>            21 mai 2025 \u00e0 15h57        <\/p>\n<p>Le rapport \u00e9tabli par les agents de la direction d\u00e9partementale de la protection des populations ne lui a pas laiss\u00e9 le choix. Le <a href=\"https:\/\/actu.fr\/tag\/prefecture-de-seine-saint-denis\" target=\"_blank\" rel=\"noopener\">pr\u00e9fet de Seine-Saint-Denis<\/a> a pris un arr\u00eat\u00e9 ordonnant la <strong>fermeture en urgence<\/strong> d\u2019un nouveau <a href=\"https:\/\/actu.fr\/tag\/restaurant\" target=\"_blank\" rel=\"noopener\">restaurant<\/a>.\u00a0Plusieurs manquements aux r\u00e8gles d\u2019hygi\u00e8ne ont \u00e9t\u00e9 relev\u00e9s.<\/p>\n<p>\u00ab\u2009Risque majeur d\u2019intoxication alimentaire\u2009\u00bb<\/p>\n<p class=\" wall-content\">La visite a eu lieu le 15\u00a0mai 2025 au sein de la pizzeria O\u2019Delices \u00e0 <a href=\"https:\/\/actu.fr\/ile-de-france\/bagnolet_93006\" target=\"_blank\" rel=\"noopener\">Bagnolet<\/a>. En arrivant sur place, premi\u00e8re surprise pour les inspecteurs\u2009: des <strong>souris<\/strong> et des <strong>cafards<\/strong> se trouvent dans l\u2019\u00e9tablissement. \u00ab\u2009Les d\u00e9jections de rongeurs engendrent un risque de transmission de zoonoses pernicieuses pour la sant\u00e9 des consommateurs\u2009\u00bb, rappellent les experts dans l\u2019arr\u00eat\u00e9. La mauvaise gestion des d\u00e9chets favoriserait leur prolif\u00e9ration.<\/p>\n<p class=\" wall-content\">Autre probl\u00e8me\u2009: l\u2019absence d\u2019utilisation de <strong>savon bact\u00e9ricide<\/strong> et d\u2019hygi\u00e8ne manuelle, \u00ab\u2009y compris \u00e0 la sortie des toilettes\u2009\u00bb, ce qui pourrait engendrer \u00ab\u2009un risque majeur d\u2019intoxication alimentaire, notamment par des bact\u00e9ries f\u00e9cales.\u2009\u00bb<\/p>\n<p class=\" wall-content\">En inspectant le reste du b\u00e2timent, les agents ont constat\u00e9 que la <strong>maintenance<\/strong> et le <strong>nettoyage<\/strong> des locaux et des \u00e9quipements \u00e9taient \u00ab\u2009tr\u00e8s insuffisants\u2009\u00bb. Les employ\u00e9s ne sont pas form\u00e9s aux \u00ab\u2009bonnes pratiques et hygi\u00e8ne alimentaire\u2009\u00bb.<\/p>\n<p class=\" wall-content\">D\u2019ailleurs, la conservation des aliments laisse aussi \u00e0 d\u00e9sirer\u2009: \u00ab\u2009le <strong>non-respect de la cha\u00eene du froid<\/strong> g\u00e9n\u00e8re un risque majeur de prolif\u00e9ration bact\u00e9rienne pr\u00e9judiciable \u00e0 la sant\u00e9 des consommateurs\u2009\u00bb.<\/p>\n<p class=\" wall-content\">Dans leurs rapports, les experts ont estim\u00e9 que continuer d\u2019exploiter cet \u00e9tablissement \u00ab\u2009ferait courir <strong>un risque grave de sant\u00e9<\/strong> publique\u2009\u00bb. La pr\u00e9fecture a donc ordonn\u00e9 sa fermeture imm\u00e9diate. Il pourra rouvrir une fois que les modifications demand\u00e9es auront \u00e9t\u00e9 effectu\u00e9es.<\/p>\n<p class=\" wall-content\">Suivez toute l\u2019actualit\u00e9 de vos villes et m\u00e9dias favoris en vous inscrivant \u00e0 <a href=\"https:\/\/moncompte.actu.fr\" title=\"D\u00e9couvez Mon Actu\" rel=\"nofollow noopener\" data-trk=\"{&quot;cta&quot;:{&quot;action&quot;:&quot;https:\\\/\\\/moncompte.actu.fr&quot;,&quot;category&quot;:&quot;mon compte&quot;,&quot;from&quot;:&quot;article footer&quot;,&quot;name&quot;:&quot;Mon actu&quot;,&quot;type&quot;:&quot;cta&quot;}}\" target=\"_blank\">Mon Actu<\/a>.<\/p>\n<ul class=\"ac-article-tag wall-content\">\n<li><a href=\"https:\/\/actu.fr\/tag\/prefecture-de-seine-saint-denis\" data-trk=\"{&quot;cta&quot;:{&quot;action&quot;:&quot;Pr\\u00e9fecture de Seine-Saint-Denis&quot;,&quot;category&quot;:&quot;tag&quot;,&quot;from&quot;:&quot;article footer&quot;,&quot;name&quot;:&quot;Pr\\u00e9fecture de Seine-Saint-Denis&quot;,&quot;type&quot;:&quot;cta&quot;}}\" target=\"_blank\" rel=\"noopener\">#Pr\u00e9fecture de Seine-Saint-Denis<\/a><\/li>\n<\/ul>\n","protected":false},"excerpt":{"rendered":"Par R\u00e9daction Paris Publi\u00e9 le 21 mai 2025 \u00e0 15h57 Le rapport \u00e9tabli par les agents de la&hellip;\n","protected":false},"author":2,"featured_media":117567,"comment_status":"","ping_status":"","sticky":false,"template":"","format":"standard","meta":{"footnotes":""},"categories":[1888],"tags":[1111,1928,11,1927,1777,674,1011,27,12,1926,626,1925,7134,25,104],"class_list":{"0":"post-117566","1":"post","2":"type-post","3":"status-publish","4":"format-standard","5":"has-post-thumbnail","7":"category-paris","8":"tag-actu","9":"tag-actu-paris","10":"tag-actualites","11":"tag-actualites-paris","12":"tag-eu","13":"tag-europe","14":"tag-fr","15":"tag-france","16":"tag-news","17":"tag-news-paris","18":"tag-paris","19":"tag-paris-news","20":"tag-prefecture-de-seine-saint-denis","21":"tag-republique-francaise","22":"tag-societe"},"share_on_mastodon":{"url":"https:\/\/pubeurope.com\/@fr\/114547383715666268","error":""},"_links":{"self":[{"href":"https:\/\/www.europesays.com\/fr\/wp-json\/wp\/v2\/posts\/117566","targetHints":{"allow":["GET"]}}],"collection":[{"href":"https:\/\/www.europesays.com\/fr\/wp-json\/wp\/v2\/posts"}],"about":[{"href":"https:\/\/www.europesays.com\/fr\/wp-json\/wp\/v2\/types\/post"}],"author":[{"embeddable":true,"href":"https:\/\/www.europesays.com\/fr\/wp-json\/wp\/v2\/users\/2"}],"replies":[{"embeddable":true,"href":"https:\/\/www.europesays.com\/fr\/wp-json\/wp\/v2\/comments?post=117566"}],"version-history":[{"count":0,"href":"https:\/\/www.europesays.com\/fr\/wp-json\/wp\/v2\/posts\/117566\/revisions"}],"wp:featuredmedia":[{"embeddable":true,"href":"https:\/\/www.europesays.com\/fr\/wp-json\/wp\/v2\/media\/117567"}],"wp:attachment":[{"href":"https:\/\/www.europesays.com\/fr\/wp-json\/wp\/v2\/media?parent=117566"}],"wp:term":[{"taxonomy":"category","embeddable":true,"href":"https:\/\/www.europesays.com\/fr\/wp-json\/wp\/v2\/categories?post=117566"},{"taxonomy":"post_tag","embeddable":true,"href":"https:\/\/www.europesays.com\/fr\/wp-json\/wp\/v2\/tags?post=117566"}],"curies":[{"name":"wp","href":"https:\/\/api.w.org\/{rel}","templated":true}]}}