{"id":117570,"date":"2025-05-21T19:06:14","date_gmt":"2025-05-21T19:06:14","guid":{"rendered":"https:\/\/www.europesays.com\/fr\/117570\/"},"modified":"2025-05-21T19:06:14","modified_gmt":"2025-05-21T19:06:14","slug":"a-paris-leau-dun-college-contaminee-a-la-legionelle","status":"publish","type":"post","link":"https:\/\/www.europesays.com\/fr\/117570\/","title":{"rendered":"\u00c0 Paris, l\u2019eau d\u2019un coll\u00e8ge contamin\u00e9e \u00e0 la l\u00e9gionelle"},"content":{"rendered":"<p class=\"paragraph text_align_left\">Les \u00e9l\u00e8ves du coll\u00e8ge Beaumarchais, situ\u00e9 dans le <a href=\"https:\/\/www.leparisien.fr\/paris-75\/paris-75011\/\" target=\"_blank\" rel=\"noreferrer nofollow noopener\">XIe arrondissement de Paris<\/a>, ont \u00e9t\u00e9 inform\u00e9s par un courrier de leur principale, le lundi 19 mai, que l\u2019eau chaude de l\u2019\u00e9tablissement ne respectait pas les normes sanitaires en vigueur. En cause, la pr\u00e9sence de bact\u00e9ries l\u00e9gionelles.<\/p>\n<p class=\"paragraph text_align_left\">\u00ab Lors d\u2019un contr\u00f4le de routine dans les cuisines de la restauration scolaire, une concentration excessive de l\u00e9gionelles a \u00e9t\u00e9 d\u00e9tect\u00e9e dans le r\u00e9seau d\u2019eau chaude \u00bb, explique la Ville de Paris. Bien que le niveau de bact\u00e9ries d\u00e9passe le seuil de non-conformit\u00e9, \u00ab il reste en dessous du <a href=\"https:\/\/www.leparisien.fr\/seine-saint-denis-93\/un-taux-jusqua-120-fois-superieur-au-seuil-admis-fin-de-lalerte-aux-legionelles-a-aubervilliers-15-01-2025-SP7YAOWTMVARFI5AQAQXFSFEUI.php#:~:text=Selon%20le%20bailleur%2C%20les%20taux,pas%20eu%20connaissance%20les%20r%C3%A9sidents.\" target=\"_blank\" rel=\"noreferrer nofollow noopener\">seuil d\u2019alerte<\/a> \u00bb, rassure-t-elle.<\/p>\n<p class=\"paragraph text_align_left\">Par mesure de pr\u00e9caution, l\u2019utilisation de l\u2019eau du robinet en cuisine a malgr\u00e9 tout \u00e9t\u00e9 suspendue jusqu\u2019\u00e0 nouvel ordre fait savoir le rectorat. La caisse des \u00e9coles a ainsi opt\u00e9 pour l\u2019utilisation de jerricans d\u2019eau potable. Le service de restauration scolaire est maintenu mais r\u00e9adapt\u00e9, avec \u00ab des menus modifi\u00e9s ne n\u00e9cessitant pas l\u2019usage d\u2019eau et utilisation de vaisselle jetable exclusivement \u00bb, poursuit l\u2019institution.<\/p>\n<p class=\"paragraph text_align_left\">Le temps qu\u2019un retour \u00e0 la normale se fasse, la direction de l\u2019\u00e9tablissement a \u00ab interdit l\u2019acc\u00e8s \u00e0 tous les robinets du coll\u00e8ge pour les \u00e9l\u00e8ves et les personnels \u00bb. La distribution d\u2019eau potable n\u2019est assur\u00e9e que sur le temps du d\u00e9jeuner.<\/p>\n<p>Un choc thermique pour tuer les bact\u00e9ries<\/p>\n<p class=\"paragraph text_align_left\">Le risque li\u00e9 \u00e0 une exposition excessive \u00e0 la l\u00e9gionelle est de contracter la l\u00e9gionellose, <a href=\"https:\/\/www.leparisien.fr\/val-de-marne-94\/choisy-quatre-cas-de-legionellose-a-la-cite-gabriel-deux-semaines-sans-douche-chaude-pour-les-habitants-29-12-2023-RKMI2IWSDRCLZLGNRPMHPO74OU.php\" target=\"_blank\" rel=\"noreferrer nofollow noopener\">une infection pulmonaire grave<\/a> qui peut \u00eatre mortelle. Cette bact\u00e9rie se d\u00e9veloppe dans les eaux ti\u00e8des, dont la temp\u00e9rature varie entre 25 et 45 \u00b0C, et est transmise par l\u2019inhalation de microgouttelettes et d\u2019a\u00e9rosols d\u2019eau contamin\u00e9e.<\/p>\n<p class=\"paragraph text_align_left\">La chaudi\u00e8re du coll\u00e8ge \u00e9tant en cause dans ce cas pr\u00e9cis, c\u2019est l\u2019\u00e9tablissement lui-m\u00eame qui est charg\u00e9 de proc\u00e9der \u00e0 un choc thermique afin de d\u00e9truire les bact\u00e9ries. \u00ab Une intervention sur le r\u00e9seau d\u2019eau a \u00e9t\u00e9 sollicit\u00e9e. Celle-ci a eu lieu l\u2019apr\u00e8s-midi du lundi 19 mai \u00bb, indique le rectorat qui ne pr\u00e9cise pas pour le moment quand les mesures pr\u00e9ventives seront lev\u00e9es.<\/p>\n<p class=\"paragraph text_align_left\">\u00ab Au d\u00e9but on a eu peur que le probl\u00e8me touche tout l\u2019arrondissement, mais on nous a vite expliqu\u00e9 que c\u2019\u00e9tait propre \u00e0 l\u2019\u00e9tablissement \u00bb, relativise Alexandra, m\u00e8re d\u2019une \u00e9l\u00e8ve de 6e. La maman se montre tout de m\u00eame vigilante : \u00ab J\u2019ai donn\u00e9 une gourde d\u2019eau \u00e0 ma fille pour le reste de la semaine\u2026 \u00bb<\/p>\n","protected":false},"excerpt":{"rendered":"Les \u00e9l\u00e8ves du coll\u00e8ge Beaumarchais, situ\u00e9 dans le XIe arrondissement de Paris, ont \u00e9t\u00e9 inform\u00e9s par un courrier&hellip;\n","protected":false},"author":2,"featured_media":117571,"comment_status":"","ping_status":"","sticky":false,"template":"","format":"standard","meta":{"footnotes":""},"categories":[1888],"tags":[11,1777,674,1011,27,1944,12,626,25],"class_list":{"0":"post-117570","1":"post","2":"type-post","3":"status-publish","4":"format-standard","5":"has-post-thumbnail","7":"category-paris","8":"tag-actualites","9":"tag-eu","10":"tag-europe","11":"tag-fr","12":"tag-france","13":"tag-ma-ville","14":"tag-news","15":"tag-paris","16":"tag-republique-francaise"},"share_on_mastodon":{"url":"https:\/\/pubeurope.com\/@fr\/114547391504007089","error":""},"_links":{"self":[{"href":"https:\/\/www.europesays.com\/fr\/wp-json\/wp\/v2\/posts\/117570","targetHints":{"allow":["GET"]}}],"collection":[{"href":"https:\/\/www.europesays.com\/fr\/wp-json\/wp\/v2\/posts"}],"about":[{"href":"https:\/\/www.europesays.com\/fr\/wp-json\/wp\/v2\/types\/post"}],"author":[{"embeddable":true,"href":"https:\/\/www.europesays.com\/fr\/wp-json\/wp\/v2\/users\/2"}],"replies":[{"embeddable":true,"href":"https:\/\/www.europesays.com\/fr\/wp-json\/wp\/v2\/comments?post=117570"}],"version-history":[{"count":0,"href":"https:\/\/www.europesays.com\/fr\/wp-json\/wp\/v2\/posts\/117570\/revisions"}],"wp:featuredmedia":[{"embeddable":true,"href":"https:\/\/www.europesays.com\/fr\/wp-json\/wp\/v2\/media\/117571"}],"wp:attachment":[{"href":"https:\/\/www.europesays.com\/fr\/wp-json\/wp\/v2\/media?parent=117570"}],"wp:term":[{"taxonomy":"category","embeddable":true,"href":"https:\/\/www.europesays.com\/fr\/wp-json\/wp\/v2\/categories?post=117570"},{"taxonomy":"post_tag","embeddable":true,"href":"https:\/\/www.europesays.com\/fr\/wp-json\/wp\/v2\/tags?post=117570"}],"curies":[{"name":"wp","href":"https:\/\/api.w.org\/{rel}","templated":true}]}}