{"id":117574,"date":"2025-05-21T19:08:09","date_gmt":"2025-05-21T19:08:09","guid":{"rendered":"https:\/\/www.europesays.com\/fr\/117574\/"},"modified":"2025-05-21T19:08:09","modified_gmt":"2025-05-21T19:08:09","slug":"face-aux-russes-il-ny-a-pas-dautre-choix-que-la-liberte-ou-la-mort","status":"publish","type":"post","link":"https:\/\/www.europesays.com\/fr\/117574\/","title":{"rendered":"\u00abFace aux Russes, il n\u2019y a pas d\u2019autre choix que la libert\u00e9 ou la mort\u00bb"},"content":{"rendered":"<p><strong>TRIBUNE <\/strong>&#8211; Pour l\u2019essayiste, il y a beaucoup \u00e0 apprendre de l\u2019\u00c9glise gr\u00e9co-catholique, pers\u00e9cut\u00e9e par les Russes depuis Staline. Celle-ci pense que la Russie ne s\u2019arr\u00eatera pas dans sa guerre contre l\u2019Ukraine et les valeurs jud\u00e9o-chr\u00e9tiennes.<\/p>\n<p class=\"fig-paragraph\">\u00ab\u00a0Vous savez, m\u00eame si tout le monde nous abandonne, les Am\u00e9ricains, les Europ\u00e9ens\u2026 nous nous battrons jusqu\u2019\u00e0 la derni\u00e8re cartouche. Nous savons trop bien ce qui nous attend, si nous laissons les Russes gagner. Pour nous, c\u2019est simple\u00a0: c\u2019est la libert\u00e9 ou la mort.\u00a0\u00bb La personne qui me tient ces propos, ici dans le silence de l\u2019abbaye de L\u00e9rins, loin du vacarme du Festival de Cannes, ne ressemble pas \u00e0\u00a0<a href=\"http:\/\/www.lefigaro.fr\/histoire\/11-fevrier-1945-le-rendez-vous-de-yalta-20250329\" data-fig-type=\"Article\" data-gtm-custom-categorie=\"navigation\" data-gtm-custom-action=\"crossclick\" data-gtm-custom-label=\"Contextuel\" data-gtm-event=\"customEventSPE\" data-fig-domain=\"LEFIGARO\" target=\"_blank\" rel=\"noopener\">Churchill<\/a>\u00a0ou \u00e0 un r\u00e9volutionnaire sud-am\u00e9ricain. Le p\u00e8re Alex (nom de code), est membre de l\u2019\u00c9glise gr\u00e9co-catholique d\u2019Ukraine, pers\u00e9cut\u00e9e par les Russes depuis\u00a0<a href=\"http:\/\/www.lefigaro.fr\/histoire\/11-fevrier-1945-le-rendez-vous-de-yalta-20250329\" data-fig-type=\"Article\" data-gtm-custom-categorie=\"navigation\" data-gtm-custom-action=\"crossclick\" data-gtm-custom-label=\"Contextuel\" data-gtm-event=\"customEventSPE\" data-fig-domain=\"LEFIGARO\" target=\"_blank\" rel=\"noopener\">Staline<\/a>. On retrouve, dans les communaut\u00e9s chr\u00e9tiennes martyris\u00e9es tout au long de l\u2019histoire (des premiers chr\u00e9tiens \u00e0 Rome jusqu\u2019aux chr\u00e9tiens d\u2019Orient aujourd\u2019hui, en passant par les chr\u00e9tiens massacr\u00e9s sous la Terreur) et oblig\u00e9es \u00e0 la clandestinit\u00e9, un feu int\u00e9rieur et une v\u00e9rit\u00e9 que le confort et le mat\u00e9rialisme de notre temps ont pu \u00e9clipser.<\/p>\n<p class=\"fig-body-link\">\n            \u00c0 lire aussi<br \/>\n        <a class=\"fig-body-link__link fig-premium-mark\" href=\"http:\/\/www.lefigaro.fr\/international\/ukraine-defense-donald-trump-met-les-europeens-au-pied-du-mur-20250520\" data-fig-type=\"Article\" data-gtm-custom-categorie=\"navigation\" data-gtm-custom-action=\"crossclick\" data-gtm-custom-label=\"Contextuel\" data-gtm-event=\"customEventSPE\" data-fig-domain=\"LEFIGARO\" target=\"_blank\" rel=\"noopener\">Ukraine, d\u00e9fense\u00a0: Donald Trump met les Europ\u00e9ens au pied du mur<br \/>\n    <\/a>\n<\/p>\n<p class=\"fig-paragraph\">D\u2019une constitution fr\u00eale, les yeux embu\u00e9s par les massacres de civils ukrainiens\u2026<\/p>\n<p class=\"fig-premium-paywall__infos\">\n        Cet article est r\u00e9serv\u00e9 aux abonn\u00e9s.        Il vous reste 85% \u00e0 d\u00e9couvrir.\n    <\/p>\n<p>                <img  data- alt=\"Le Figaro\" class=\"fig-img--complete fig-img\"\/><\/p>\n<p class=\"fig-premium-paywall__title\">Vente Flash<\/p>\n<p class=\"fig-premium-paywall__subtitle\">4,99\u20ac par mois pendant 12 mois. Sans engagement.<\/p>\n<p class=\"fig-premium-paywall__connect\">\n                D\u00e9j\u00e0 abonn\u00e9\u00a0?                <a class=\"fig-premium-paywall__connect-link\" href=\"https:\/\/connect.lefigaro.fr\/login?client=horizon_web&amp;type=main&amp;redirect_uri=https%3A%2F%2Fwww.lefigaro.fr%2Fvox%2Fmonde%2Fedouard-tetreau-face-aux-russes-il-n-y-a-pas-d-autre-choix-que-la-liberte-ou-la-mort-20250521\" data-js-gtm=\"{&quot;customCategorie&quot;: &quot;conversion&quot;, &quot;customAction&quot;: &quot;before_Landing_Connexion_paywall_auto&quot;, &quot;customLabel&quot;: &quot;bGVmaWdhcm8uZnJfXzFmMDM2MWRmLTY0NDMtNmFiOC05MDIxLWY5ZWNlNDZhNDNhMl9fQXJ0aWNsZQ==_\u00c9douard T\u00e9treau: \u00abFace aux Russes, il n\u2019y a pas d\u2019autre choix que la libert\u00e9 ou la mort\u00bb_72&quot;, &quot;customIDSPE&quot;: &quot;bGVmaWdhcm8uZnJfXzFmMDM2MWRmLTY0NDMtNmFiOC05MDIxLWY5ZWNlNDZhNDNhMl9fQXJ0aWNsZQ==&quot;, &quot;event&quot;: &quot;customEventSPE&quot;}\" target=\"_blank\" rel=\"noopener\"><br \/>\n                    Connectez-vous<br \/>\n                <\/a>\n            <\/p>\n","protected":false},"excerpt":{"rendered":"TRIBUNE &#8211; Pour l\u2019essayiste, il y a beaucoup \u00e0 apprendre de l\u2019\u00c9glise gr\u00e9co-catholique, pers\u00e9cut\u00e9e par les Russes depuis&hellip;\n","protected":false},"author":2,"featured_media":117575,"comment_status":"","ping_status":"","sticky":false,"template":"","format":"standard","meta":{"footnotes":""},"categories":[1591],"tags":[11,1428,1292,2198,2197,1887,1429,14,12,1427,1426,1885,1886,132,220],"class_list":{"0":"post-117574","1":"post","2":"type-post","3":"status-publish","4":"format-standard","5":"has-post-thumbnail","7":"category-russie","8":"tag-actualites","9":"tag-chroniqueurs","10":"tag-debat","11":"tag-debat-monde","12":"tag-debats-international","13":"tag-federation-de-russie","14":"tag-figarovox","15":"tag-international","16":"tag-news","17":"tag-opinions","18":"tag-questions","19":"tag-russia","20":"tag-russian-federation","21":"tag-russie","22":"tag-ukraine"},"share_on_mastodon":{"url":"https:\/\/pubeurope.com\/@fr\/114547399417121092","error":""},"_links":{"self":[{"href":"https:\/\/www.europesays.com\/fr\/wp-json\/wp\/v2\/posts\/117574","targetHints":{"allow":["GET"]}}],"collection":[{"href":"https:\/\/www.europesays.com\/fr\/wp-json\/wp\/v2\/posts"}],"about":[{"href":"https:\/\/www.europesays.com\/fr\/wp-json\/wp\/v2\/types\/post"}],"author":[{"embeddable":true,"href":"https:\/\/www.europesays.com\/fr\/wp-json\/wp\/v2\/users\/2"}],"replies":[{"embeddable":true,"href":"https:\/\/www.europesays.com\/fr\/wp-json\/wp\/v2\/comments?post=117574"}],"version-history":[{"count":0,"href":"https:\/\/www.europesays.com\/fr\/wp-json\/wp\/v2\/posts\/117574\/revisions"}],"wp:featuredmedia":[{"embeddable":true,"href":"https:\/\/www.europesays.com\/fr\/wp-json\/wp\/v2\/media\/117575"}],"wp:attachment":[{"href":"https:\/\/www.europesays.com\/fr\/wp-json\/wp\/v2\/media?parent=117574"}],"wp:term":[{"taxonomy":"category","embeddable":true,"href":"https:\/\/www.europesays.com\/fr\/wp-json\/wp\/v2\/categories?post=117574"},{"taxonomy":"post_tag","embeddable":true,"href":"https:\/\/www.europesays.com\/fr\/wp-json\/wp\/v2\/tags?post=117574"}],"curies":[{"name":"wp","href":"https:\/\/api.w.org\/{rel}","templated":true}]}}