{"id":117576,"date":"2025-05-21T19:09:09","date_gmt":"2025-05-21T19:09:09","guid":{"rendered":"https:\/\/www.europesays.com\/fr\/117576\/"},"modified":"2025-05-21T19:09:09","modified_gmt":"2025-05-21T19:09:09","slug":"andriy-portnov-eminence-grise-de-lere-ianoukovitch-en-ukraine-abattu-en-espagne-liberation","status":"publish","type":"post","link":"https:\/\/www.europesays.com\/fr\/117576\/","title":{"rendered":"Andriy Portnov, \u00e9minence grise de l\u2019\u00e8re Ianoukovitch en Ukraine, abattu en Espagne \u2013 Lib\u00e9ration"},"content":{"rendered":"<p class=\"sc-ksZaOG ehjQrN text-element\">Mercredi matin, des coups de feu \u00e9clatent \u00e0 Pozuelo de Alarc\u00f3n, banlieue hupp\u00e9e de Madrid. Il est 9 h 15 lorsqu\u2019un appel au 112 signale qu\u2019un homme g\u00eet au sol, devant l\u2019\u00e9cole am\u00e9ricaine. La police espagnole arrive et d\u00e9couvre le corps d\u2019un citoyen ukrainien, Andriy Portnov, qui venait de d\u00e9poser un de ses enfants \u00e0 l\u2019\u00e9cole. L\u2019Ukrainien n\u2019a pas eu le temps de repartir qu\u2019il a \u00e9t\u00e9 atteint de cinq balles, \u00e0 la t\u00eate et dans le dos. Ses assaillants \u2013 au nombre de deux ou trois selon les sources \u2013 ont r\u00e9ussi \u00e0 prendre la fuite. En fin de matin\u00e9e, l\u2019information, propag\u00e9e par les agences de presse, se r\u00e9pand comme une tra\u00een\u00e9e de poudre \u00e0 Kyiv, o\u00f9 elle r\u00e9sonne comme une d\u00e9flagration politique.<\/p>\n<p class=\"sc-ksZaOG ehjQrN text-element\">Comme l\u2019\u00e9cho malaisant d\u2019un pass\u00e9 remontant \u00e0 la surface. Sans des gens comme Portnov, l\u2019histoire r\u00e9cente de l\u2019Ukraine aurait pu prendre un cours diff\u00e9rent\u2026 Avocat de profession, n\u00e9 \u00e0 Louhansk en 1973, Andriy Portnov est un de ces petits poissons devenus gros dans les eaux troubles des premi\u00e8res ann\u00e9es de l\u2019ind\u00e9pendance, navigant habilement entre administration d\u2019Etat et entreprises privatis\u00e9es. Les divers services propos\u00e9s par son cabinet vont jusqu\u2019aux reiderstvo : des prises de contr\u00f4le hostiles, par la menace, d\u2019entreprises ou de propri\u00e9t\u00e9s priv\u00e9es. En 2005, Andriy Portnov entre en politique, devient d\u00e9put\u00e9 de Batkivshchyna (Patrie), le parti de Ioulia Timochenko.<\/p>\n<p class=\"sc-ksZaOG ehjQrN text-element\">Cinq ans apr\u00e8s, il rejoint <a href=\"https:\/\/www.liberation.fr\/planete\/2015\/01\/12\/interpol-lance-un-avis-de-recherche-contre&lt;\/p&gt;&lt;\/div&gt;&lt;\/article&gt;&lt;\/div&gt;&lt;div data-fusion-lazy-id=\" f0f8vgvlad832fw=\"\" rel=\"nofollow noopener\" target=\"_blank\"><\/p>\n","protected":false},"excerpt":{"rendered":"Mercredi matin, des coups de feu \u00e9clatent \u00e0 Pozuelo de Alarc\u00f3n, banlieue hupp\u00e9e de Madrid. Il est 9&hellip;\n","protected":false},"author":2,"featured_media":117577,"comment_status":"","ping_status":"","sticky":false,"template":"","format":"standard","meta":{"footnotes":""},"categories":[1590],"tags":[11,123,1777,674,12,132,220,297],"class_list":{"0":"post-117576","1":"post","2":"type-post","3":"status-publish","4":"format-standard","5":"has-post-thumbnail","7":"category-ukraine","8":"tag-actualites","9":"tag-espagne","10":"tag-eu","11":"tag-europe","12":"tag-news","13":"tag-russie","14":"tag-ukraine","15":"tag-ukraine-la-crise"},"share_on_mastodon":{"url":"https:\/\/pubeurope.com\/@fr\/114547403305852301","error":""},"_links":{"self":[{"href":"https:\/\/www.europesays.com\/fr\/wp-json\/wp\/v2\/posts\/117576","targetHints":{"allow":["GET"]}}],"collection":[{"href":"https:\/\/www.europesays.com\/fr\/wp-json\/wp\/v2\/posts"}],"about":[{"href":"https:\/\/www.europesays.com\/fr\/wp-json\/wp\/v2\/types\/post"}],"author":[{"embeddable":true,"href":"https:\/\/www.europesays.com\/fr\/wp-json\/wp\/v2\/users\/2"}],"replies":[{"embeddable":true,"href":"https:\/\/www.europesays.com\/fr\/wp-json\/wp\/v2\/comments?post=117576"}],"version-history":[{"count":0,"href":"https:\/\/www.europesays.com\/fr\/wp-json\/wp\/v2\/posts\/117576\/revisions"}],"wp:featuredmedia":[{"embeddable":true,"href":"https:\/\/www.europesays.com\/fr\/wp-json\/wp\/v2\/media\/117577"}],"wp:attachment":[{"href":"https:\/\/www.europesays.com\/fr\/wp-json\/wp\/v2\/media?parent=117576"}],"wp:term":[{"taxonomy":"category","embeddable":true,"href":"https:\/\/www.europesays.com\/fr\/wp-json\/wp\/v2\/categories?post=117576"},{"taxonomy":"post_tag","embeddable":true,"href":"https:\/\/www.europesays.com\/fr\/wp-json\/wp\/v2\/tags?post=117576"}],"curies":[{"name":"wp","href":"https:\/\/api.w.org\/{rel}","templated":true}]}}