{"id":117580,"date":"2025-05-21T19:11:11","date_gmt":"2025-05-21T19:11:11","guid":{"rendered":"https:\/\/www.europesays.com\/fr\/117580\/"},"modified":"2025-05-21T19:11:11","modified_gmt":"2025-05-21T19:11:11","slug":"forte-inflation-en-avril-au-royaume-uni-au-dela-des-previsions-actualites","status":"publish","type":"post","link":"https:\/\/www.europesays.com\/fr\/117580\/","title":{"rendered":"Forte inflation en avril au Royaume-Uni, au-del\u00e0 des pr\u00e9visions : Actualit\u00e9s"},"content":{"rendered":"<p class=\"lead \">Affect\u00e9s par la hausse des factures des m\u00e9nages, mais aussi des cotisations patronales, les prix ont fortement fortement augment\u00e9 en avril sur un an au Royaume-Uni, l&rsquo;inflation atteignant 3,5%, au-del\u00e0 des pr\u00e9visions.<\/p>\n<p class=\"lead \">Cette hausse, annonc\u00e9e mercredi par l&rsquo;Office national des statistiques (ONS), contraste avec le ralentissement observ\u00e9 en mars, lorsqu&rsquo;elle \u00e9tait tomb\u00e9e \u00e0 2,6%, apportant alors une bouff\u00e9e d&rsquo;oxyg\u00e8ne au gouvernement travailliste de Keir Starmer.<\/p>\n<p class=\"lead \">Bien que largement anticip\u00e9e, la hausse des prix en avril est sup\u00e9rieure aux pr\u00e9visions des \u00e9conomistes, qui tablaient sur 3,3%.<\/p>\n<p class=\"lead \">\u00ab\u00a0Les factures de gaz et d&rsquo;\u00e9lectricit\u00e9 ont augment\u00e9 ce mois-ci, alors qu&rsquo;elles avaient fortement baiss\u00e9 l&rsquo;ann\u00e9e derni\u00e8re \u00e0 la m\u00eame \u00e9poque\u00a0\u00bb, en raison d&rsquo;une hausse significative des plafonds des prix de l&rsquo;\u00e9nergie par le r\u00e9gulateur britannique du secteur, l&rsquo;Ofgem, souligne l&rsquo;\u00e9conomiste en chef de l&rsquo;ONS Grant Fitzner.<\/p>\n<p class=\"lead \">\u00ab\u00a0Les factures d&rsquo;eau et d&rsquo;assainissement ont \u00e9galement fortement progress\u00e9 cette ann\u00e9e\u00a0\u00bb, tout comme les taxes sur les v\u00e9hicules, ce qui a pouss\u00e9 l&rsquo;inflation \u00ab\u00a0\u00e0 son plus haut niveau depuis le d\u00e9but de l&rsquo;ann\u00e9e derni\u00e8re\u00a0\u00bb, a-t-il ajout\u00e9.<\/p>\n<p class=\"lead \">Selon Grant Fitzner, cette dynamique a cependant \u00e9t\u00e9 \u00ab\u00a0partiellement compens\u00e9e par la baisse des prix des carburants et de l&rsquo;habillement, due \u00e0 une forte r\u00e9duction du co\u00fbt des v\u00eatements pour enfants et des chaussures pour femmes\u00a0\u00bb.<\/p>\n<p class=\"lead \">&#8211; Aides au chauffage &#8211;<\/p>\n<p class=\"lead \">La ministre britannique des Finances Rachel Reeves, qui s&rsquo;\u00e9tait f\u00e9licit\u00e9e mi-mai d&rsquo;une croissance de 0,7% du produit int\u00e9rieur brut (PIB) au premier trimestre, s&rsquo;est dite \u00ab\u00a0d\u00e9\u00e7ue par ces chiffres\u00a0\u00bb. Mais \u00ab\u00a0nous sommes loin de l&rsquo;inflation \u00e0 deux chiffres que nous avons connue sous l&rsquo;administration pr\u00e9c\u00e9dente\u00a0\u00bb, a-t-elle ajout\u00e9.<\/p>\n<p class=\"lead \">Les prix s&rsquo;\u00e9taient envol\u00e9s lorsque les conservateurs \u00e9taient au pouvoir, avec le red\u00e9marrage de l&rsquo;activit\u00e9 \u00e9conomique apr\u00e8s l&rsquo;\u00e9pid\u00e9mie du Covid-19 et la crise \u00e9nerg\u00e9tique engendr\u00e9e par la guerre en Ukraine, l&rsquo;inflation grimpant jusqu&rsquo;\u00e0 11% l&rsquo;an fin 2022 avant de redescendre.<\/p>\n<p class=\"lead \">Keir Starmer a reconnu mercredi au Parlement que la crise du co\u00fbt de la vie pesait encore sur les m\u00e9nages, notamment les retrait\u00e9s, exprimant le souhait que davantage d&rsquo;entre eux puissent b\u00e9n\u00e9ficier de l&rsquo;aide au chauffage hivernal.<\/p>\n<p class=\"lead \">Le caract\u00e8re automatique de cette aide avait \u00e9t\u00e9 supprim\u00e9 \u00e0 l&rsquo;automne, une mesure tr\u00e8s impopulaire, y compris chez les travaillistes.<\/p>\n<p class=\"lead \">Mais, a-t-il pr\u00e9cis\u00e9, \u00ab\u00a0nous ne prendrons que les d\u00e9cisions que nous pouvons nous permettre\u00a0\u00bb. Un \u00e9ventuel changement pourrait intervenir lors de la pr\u00e9sentation le 11 juin par la ministre des Finances Rachel Reeves de ses conclusions apr\u00e8s un passage en revue des d\u00e9penses budg\u00e9taires.<\/p>\n<p class=\"lead \">&#8211; \u00ab\u00a0Extr\u00eamement pr\u00e9occupant\u00a0\u00bb &#8211;<\/p>\n<p class=\"lead \">Surnomm\u00e9 \u00ab\u00a0Awful April\u00a0\u00bb (Terrible avril) par la presse britannique, le mois d&rsquo;avril a aussi \u00ab\u00a0marqu\u00e9 le d\u00e9but de l&rsquo;augmentation des cotisations patronales\u00a0\u00bb ainsi que celle du salaire minimum, ce qui a probablement contribu\u00e9 \u00e0 l&rsquo;inflation, souligne Lindsay James, analyste chez Quilter.<\/p>\n<p class=\"lead \">\u00ab\u00a0M\u00eame en excluant la hausse attendue des prix de l&rsquo;\u00e9nergie, l&rsquo;inflation sous-jacente a \u00e9galement atteint son plus haut niveau en un an en avril, ce qui n&rsquo;est pas du tout encourageant\u00a0\u00bb, remarque pour sa part Matthew Ryan, analyste chez Ebury.<\/p>\n<p class=\"lead \">Il estime que ces donn\u00e9es mettront un terme \u00ab\u00a0\u00e0 la possibilit\u00e9 d&rsquo;une nouvelle baisse des taux d&rsquo;int\u00e9r\u00eat au Royaume-Uni pendant quelques mois\u00a0\u00bb.<\/p>\n<p class=\"lead \">La Banque d&rsquo;Angleterre a r\u00e9duit d\u00e9but mai son principal taux directeur d&rsquo;un quart de point de pourcentage, \u00e0 4,25%, estimant que les droits de douane am\u00e9ricains \u00e9taient susceptibles faire ralentir l&rsquo;inflation britannique.<\/p>\n<p class=\"lead \">Cette d\u00e9cision avait \u00e9t\u00e9 prise avant l&rsquo;annonce d&rsquo;un accord du Royaume-Uni avec les Etats-Unis, qui doit permettre \u00e0 Londres d&rsquo;\u00e9chapper \u00e0 certaines de ces taxes.<\/p>\n<p class=\"lead \">Ces droits de douane sont pour l&rsquo;instant toujours en vigueur: 25% sur l&rsquo;acier et les automobiles, 10% sur les autres produits -sauf rares exceptions.<\/p>\n<p class=\"lead \">La banque centrale avait estim\u00e9 dans son rapport que leur impact sur le Royaume-Uni \u00e9tait \u00ab\u00a0davantage susceptible d&rsquo;\u00eatre d\u00e9sinflationniste\u00a0\u00bb.<\/p>\n<p class=\"lead \">\u00ab\u00a0La question est de savoir si la hausse de l&rsquo;inflation est un ph\u00e9nom\u00e8ne temporaire ou plus permanent\u00a0\u00bb, s&rsquo;interroge d\u00e9sormais Susannah Streeter, d&rsquo;Hargreaves Lansdown.<\/p>\n<p class=\"lead \">Elle estime que la forte hausse \u00ab\u00a0du prix des services est extr\u00eamement pr\u00e9occupante, car ils ont tendance \u00e0 \u00eatre rigides\u00a0\u00bb.<\/p>\n<p class=\"small font-weight-bold text-gray3 \"> publi\u00e9 le 21 mai \u00e0 14h53, AFP<\/p>\n<p>                             Partager<\/p>\n","protected":false},"excerpt":{"rendered":"Affect\u00e9s par la hausse des factures des m\u00e9nages, mais aussi des cotisations patronales, les prix ont fortement fortement&hellip;\n","protected":false},"author":2,"featured_media":117581,"comment_status":"","ping_status":"","sticky":false,"template":"","format":"standard","meta":{"footnotes":""},"categories":[1588],"tags":[13790,11,1777,674,6228,418,20710,9345,12,2141,473,1853,1851,1850,1852],"class_list":{"0":"post-117580","1":"post","2":"type-post","3":"status-publish","4":"format-standard","5":"has-post-thumbnail","7":"category-royaume-uni","8":"tag-conomie","9":"tag-actualites","10":"tag-eu","11":"tag-europe","12":"tag-gb","13":"tag-gouvernement","14":"tag-indicateur","15":"tag-inflation","16":"tag-news","17":"tag-prix","18":"tag-royaume-uni","19":"tag-royaume-uni-de-grande-bretagne-et-dirlande-du-nord","20":"tag-uk","21":"tag-united-kingdom","22":"tag-united-kingdom-of-great-britain-and-northern-ireland"},"share_on_mastodon":{"url":"https:\/\/pubeurope.com\/@fr\/114547411537571186","error":""},"_links":{"self":[{"href":"https:\/\/www.europesays.com\/fr\/wp-json\/wp\/v2\/posts\/117580","targetHints":{"allow":["GET"]}}],"collection":[{"href":"https:\/\/www.europesays.com\/fr\/wp-json\/wp\/v2\/posts"}],"about":[{"href":"https:\/\/www.europesays.com\/fr\/wp-json\/wp\/v2\/types\/post"}],"author":[{"embeddable":true,"href":"https:\/\/www.europesays.com\/fr\/wp-json\/wp\/v2\/users\/2"}],"replies":[{"embeddable":true,"href":"https:\/\/www.europesays.com\/fr\/wp-json\/wp\/v2\/comments?post=117580"}],"version-history":[{"count":0,"href":"https:\/\/www.europesays.com\/fr\/wp-json\/wp\/v2\/posts\/117580\/revisions"}],"wp:featuredmedia":[{"embeddable":true,"href":"https:\/\/www.europesays.com\/fr\/wp-json\/wp\/v2\/media\/117581"}],"wp:attachment":[{"href":"https:\/\/www.europesays.com\/fr\/wp-json\/wp\/v2\/media?parent=117580"}],"wp:term":[{"taxonomy":"category","embeddable":true,"href":"https:\/\/www.europesays.com\/fr\/wp-json\/wp\/v2\/categories?post=117580"},{"taxonomy":"post_tag","embeddable":true,"href":"https:\/\/www.europesays.com\/fr\/wp-json\/wp\/v2\/tags?post=117580"}],"curies":[{"name":"wp","href":"https:\/\/api.w.org\/{rel}","templated":true}]}}