{"id":117592,"date":"2025-05-21T19:17:12","date_gmt":"2025-05-21T19:17:12","guid":{"rendered":"https:\/\/www.europesays.com\/fr\/117592\/"},"modified":"2025-05-21T19:17:12","modified_gmt":"2025-05-21T19:17:12","slug":"je-suis-une-enfant-des-yvelines-confie-miss-france-2025-en-deplacement-a-plaisir","status":"publish","type":"post","link":"https:\/\/www.europesays.com\/fr\/117592\/","title":{"rendered":"\u00ab Je suis une enfant des Yvelines \u00bb, confie Miss France 2025 en d\u00e9placement \u00e0 Plaisir"},"content":{"rendered":"<p>            Par<br \/>\n        <strong><br \/>\n            <a href=\"https:\/\/actu.fr\/auteur\/manon-varaldo\" title=\"Consulter tous les articles de Manon Varaldo\" rel=\"nofollow noopener\" target=\"_blank\">Manon Varaldo<\/a><br \/>\n        <\/strong><\/p>\n<p>        Publi\u00e9 le<\/p>\n<p>            21 mai 2025 \u00e0 21h00        <\/p>\n<p>Une foule inhabituelle \u00e9tait dans les all\u00e9es du <a href=\"https:\/\/plaisir.aushopping.com\/\" rel=\"nofollow noopener\" target=\"_blank\">centre commercial AuShopping Grand Plaisir<\/a> \u00e0 <a href=\"https:\/\/actu.fr\/ile-de-france\/plaisir_78490\" rel=\"nofollow noopener\" target=\"_blank\">Plaisir<\/a> (Yvelines), mercredi 21\u00a0mai 2025. Et pour cause, <a href=\"https:\/\/fr.wikipedia.org\/wiki\/Ang%C3%A9lique_Angarni-Filopon\" rel=\"nofollow noopener\" target=\"_blank\">Ang\u00e9lique Angarni-Filopon<\/a>, Miss Martinique 2024, \u00e9lue Miss France 2025 \u00e9tait pr\u00e9sente pour une <b>s\u00e9ance de photos et de d\u00e9dicaces <\/b>pendant une heure et demie.<\/p>\n<p class=\" wall-content\">Le public est venu en nombre pour voir la plus belle femme de France, n\u00e9e \u00e0 <a href=\"https:\/\/actu.fr\/ile-de-france\/sartrouville_78586\" rel=\"nofollow noopener\" target=\"_blank\">Sartrouville<\/a> (Yvelines). \u00ab\u2009Cela me fait plaisir de revenir ici car je suis une enfant des Yvelines dans un premier temps. \u00c7a me touche de revenir en \u00cele-de-France car c\u2019est le berceau de toute ma vie. Je venais moi-m\u00eame faire du shopping, je sortais avec mes copines aux alentours, et \u00e7a me fait bizarre de me dire que des gens ont pris une partie de leur temps pour venir me voir\u2009\u00bb, confie la reine de beaut\u00e9, regardant la foule.<\/p>\n<blockquote class=\"ac-article-quote wall-content\">\n<p>\u00ab\u2009C\u2019est un juste retour des choses. Ils m\u2019ont soutenu et moi je traverse les d\u00e9partements pour pouvoir les rencontrer.\u2009\u00bb<\/p>\n<p>Ang\u00e9lique Angarni-Filopon, Miss France 2025<\/p><\/blockquote>\n<p>    <img   decoding=\"async\" loading=\"lazy\" class=\"size-large\" src=\"https:\/\/www.europesays.com\/fr\/wp-content\/uploads\/2025\/05\/5c293a131e28690393a131e2864393v-960x640.jpg\" alt=\"Ang\u00e9lique\" width=\"960\" height=\"640\"\/><br \/>\n    Ang\u00e9lique Angarni-Filopon, Miss France 2025, \u00e9tait en d\u00e9dicace dans les Yvelines mercredi 21\u00a0mai 2025. \u00a9Manon VARALDO\u00ab\u2009Je souhaite v\u00e9hiculer la bienveillance\u2009\u00bbLa file d\u2019attente \u00e9tait importante. \u00ab\u2009On a fait le trajet depuis Tours (d\u00e9p. 37 \u2013 Indre-et-Loire\u2009\u00bb, raconte un couple. \u00ab\u2009Nous sommes de Nantes (d\u00e9p. 44 \u2013 Loire-Atlantique)\u2009\u00bb, ajoute Alexandre venu pour faire plaisir \u00e0 sa dulcin\u00e9e et sa fille.<\/p>\n<p class=\" wall-content\">Cette Miss se dit \u00ab\u2009accessible\u2009\u00bb. \u00ab\u2009Je veux que les petites filles aient un mod\u00e8le sur lequel se reposer. Je souhaite v\u00e9hiculer la bienveillance.\u2009\u00bb<\/p>\n<p class=\" wall-content\">Parmi les petites filles, <b>Yullina, 9\u00a0ans<\/b>, arriv\u00e9e deux heures en avance afin d\u2019obtenir la premi\u00e8re rencontre avec Miss France 2025. \u00ab\u2009Elle m\u2019a dit de laisser mes cheveux au naturel\u2009\u00bb, t\u00e9moigne-t-elle, ravie.<\/p>\n<p>Vid\u00e9os : en ce moment sur Actu<\/p>\n<blockquote class=\"ac-article-quote wall-content\">\n<p>\u00ab\u2009Je suis venue pour faire plaisir \u00e0 ma fille, c\u2019est son anniversaire. Ma fille est m\u00e9tisse, elle peut s\u2019identifier \u00e0 Miss France. Et peut-\u00eatre qu\u2019un jour, \u00e7a sera Yullina.\u2009\u00bb<\/p>\n<p>Borislava, venue de Saint-Cyr-l\u2019\u00c9cole<\/p><\/blockquote>\n<p>    <img   decoding=\"async\" loading=\"lazy\" class=\"size-large\" src=\"https:\/\/www.europesays.com\/fr\/wp-content\/uploads\/2025\/05\/d819b2721e286fc19b2721e28f029bv-960x640.jpg\" alt=\"A Plaisir (Yvelines), Joseline, Dorine et Tania sont venues rencontrer Miss France 2025, \u00e9lue Miss Martinique en 2024.\" width=\"960\" height=\"640\"\/><br \/>\n    \u00c0 Plaisir (Yvelines), Joseline, Dorine et Tania sont venues rencontrer Miss France 2025, \u00e9lue Miss Martinique en 2024. \u00a9Manon VARALDO\u00ab\u2009Les valeurs des Antilles\u2009\u00bb<\/p>\n<p class=\" wall-content\">Dans la longue file d\u2019attente, des Martiniquais sont venus admirer Ang\u00e9lique Angarni-Filopon. C\u2019est la <b>premi\u00e8re Miss Martinique <\/b>\u00e0 avoir \u00e9t\u00e9 couronn\u00e9e Miss France. \u00ab\u2009C\u2019est une fiert\u00e9 pour nous\u2009!\u2009\u00bb, clament ses supporters.<\/p>\n<p class=\" wall-content\">\u00ab\u2009Elle est de la Martinique, comme nous. Gr\u00e2ce \u00e0 elle, on va mieux pr\u00f4ner les valeurs des Antilles. On <b>valorise<\/b> le territoire\u2009\u00bb, confie Joseline. \u00ab\u2009Je la suis depuis dix ans sur les r\u00e9seaux sociaux, et je suis venue la rencontrer, en vrai. Elle est belle et rayonnante\u2009\u00bb, poursuit Tania. \u00ab\u2009J\u2019\u00e9tais aussi venue l\u2019ann\u00e9e derni\u00e8re pour l\u2019autre Miss France, <a href=\"https:\/\/actu.fr\/ile-de-france\/plaisir_78490\/elle-est-accessible-le-public-du-centre-commercial-de-plaisir-sous-le-charme-de-miss-france-2024_60789619.html\" rel=\"nofollow noopener\" target=\"_blank\">Eve Gilles<\/a>\u2009\u00bb, ajoute sa fille, Dorine.<\/p>\n<p>    <img   decoding=\"async\" loading=\"lazy\" class=\"size-large\" src=\"https:\/\/www.europesays.com\/fr\/wp-content\/uploads\/2025\/05\/7cf0b9941e2869001b9941e288401bv-960x640.jpg\" alt=\"La file d'attente \u00e9tait importante pour rencontrer Miss France 2025. Romy, 3 ans, a obtenu sa premi\u00e8re photo ce mercredi 21 mai 2025.\" width=\"960\" height=\"640\"\/><br \/>\n    La file d\u2019attente \u00e9tait importante pour rencontrer Miss France 2025. Romy, 3\u00a0ans, a obtenu sa premi\u00e8re photo ce mercredi 21\u00a0mai 2025. \u00a9Manon VARALDO\u00ab\u2009C\u2019est le destin de se pr\u00e9senter \u00e0 cet \u00e2ge-l\u00e0\u2009\u00bb<\/p>\n<p class=\" wall-content\">Ang\u00e9lique Angarni-Filopon est aussi la premi\u00e8re Miss \u00e0 \u00eatre <b>\u00e2g\u00e9e de 34\u00a0ans.<\/b> Mais ce n\u2019est pas son \u00e2ge qu\u2019ont remarqu\u00e9 certains fans. \u00ab\u2009Elle est trop belle mais il manque des paillettes\u2009\u00bb, estime. Romy, 3\u00a0ans. \u00ab\u2009C\u2019est la premi\u00e8re fois que ma fille voit une Miss, sourit Aur\u00e9lie de Montigny-le-Bretonneux. C\u2019est la plus belle femme de France, et elle est aussi intelligente.\u2009\u00bb<\/p>\n<p class=\" wall-content\">\u00ab\u2009Je ne me suis pas inscrite pour \u00eatre un \u00e9tendard et \u00eatre remarqu\u00e9e avec mon \u00e2ge, mais parce qu\u2019un jour une petite voix m\u2019a dit de le faire. C\u2019est le <b>destin<\/b> de se pr\u00e9senter \u00e0 cet \u00e2ge-l\u00e0. Je l\u2019ai fait pour que les gens puissent remarquer le c\u0153ur qu\u2019on est, et c\u2019est tout\u2009\u00bb, partage Miss France 2025.<\/p>\n<p class=\" wall-content\">Suivez toute l\u2019actualit\u00e9 de vos villes et m\u00e9dias favoris en vous inscrivant \u00e0 <a href=\"https:\/\/moncompte.actu.fr\" title=\"D\u00e9couvez Mon Actu\" rel=\"nofollow noopener\" data-trk=\"{&quot;cta&quot;:{&quot;action&quot;:&quot;https:\\\/\\\/moncompte.actu.fr&quot;,&quot;category&quot;:&quot;mon compte&quot;,&quot;from&quot;:&quot;article footer&quot;,&quot;name&quot;:&quot;Mon actu&quot;,&quot;type&quot;:&quot;cta&quot;}}\" target=\"_blank\">Mon Actu<\/a>.<\/p>\n","protected":false},"excerpt":{"rendered":"Par Manon Varaldo Publi\u00e9 le 21 mai 2025 \u00e0 21h00 Une foule inhabituelle \u00e9tait dans les all\u00e9es du&hellip;\n","protected":false},"author":2,"featured_media":117593,"comment_status":"","ping_status":"","sticky":false,"template":"","format":"standard","meta":{"footnotes":""},"categories":[4],"tags":[11,1011,27,3034,12,25,104],"class_list":{"0":"post-117592","1":"post","2":"type-post","3":"status-publish","4":"format-standard","5":"has-post-thumbnail","7":"category-france","8":"tag-actualites","9":"tag-fr","10":"tag-france","11":"tag-miss-france","12":"tag-news","13":"tag-republique-francaise","14":"tag-societe"},"share_on_mastodon":{"url":"https:\/\/pubeurope.com\/@fr\/114547434781711140","error":""},"_links":{"self":[{"href":"https:\/\/www.europesays.com\/fr\/wp-json\/wp\/v2\/posts\/117592","targetHints":{"allow":["GET"]}}],"collection":[{"href":"https:\/\/www.europesays.com\/fr\/wp-json\/wp\/v2\/posts"}],"about":[{"href":"https:\/\/www.europesays.com\/fr\/wp-json\/wp\/v2\/types\/post"}],"author":[{"embeddable":true,"href":"https:\/\/www.europesays.com\/fr\/wp-json\/wp\/v2\/users\/2"}],"replies":[{"embeddable":true,"href":"https:\/\/www.europesays.com\/fr\/wp-json\/wp\/v2\/comments?post=117592"}],"version-history":[{"count":0,"href":"https:\/\/www.europesays.com\/fr\/wp-json\/wp\/v2\/posts\/117592\/revisions"}],"wp:featuredmedia":[{"embeddable":true,"href":"https:\/\/www.europesays.com\/fr\/wp-json\/wp\/v2\/media\/117593"}],"wp:attachment":[{"href":"https:\/\/www.europesays.com\/fr\/wp-json\/wp\/v2\/media?parent=117592"}],"wp:term":[{"taxonomy":"category","embeddable":true,"href":"https:\/\/www.europesays.com\/fr\/wp-json\/wp\/v2\/categories?post=117592"},{"taxonomy":"post_tag","embeddable":true,"href":"https:\/\/www.europesays.com\/fr\/wp-json\/wp\/v2\/tags?post=117592"}],"curies":[{"name":"wp","href":"https:\/\/api.w.org\/{rel}","templated":true}]}}