{"id":117598,"date":"2025-05-21T19:21:08","date_gmt":"2025-05-21T19:21:08","guid":{"rendered":"https:\/\/www.europesays.com\/fr\/117598\/"},"modified":"2025-05-21T19:21:08","modified_gmt":"2025-05-21T19:21:08","slug":"roland-garros-rafael-nadal-sur-le-public-francais-meme-si-je-me-suis-toujours-senti-respecte-a-paris-il-est-vrai-que-lors-de-mes-deux-premieres-annees-la-bas-javais-limpression-que-le-public","status":"publish","type":"post","link":"https:\/\/www.europesays.com\/fr\/117598\/","title":{"rendered":"Roland Garros > Rafael Nadal sur le public fran\u00e7ais : \u00ab\u00a0M\u00eame si je me suis toujours senti respect\u00e9 \u00e0 Paris, il est vrai que lors de mes deux premi\u00e8res ann\u00e9es l\u00e0-bas, j&rsquo;avais l&rsquo;impression que le public voulait que Federer gagne\u00a0\u00bb"},"content":{"rendered":"<p>Dans un docu\u00admen\u00adtaire sorti par un <a href=\"https:\/\/www.eurosport.es\/tenis\/roland-garros\/2025\/rafa-nadal-se-sincera-publico-paris-los-dos-primeros-anos-senti-queria-ganara-roger-federer-y-yo-perdiera_vid60007243\/video.shtml\" data-wpel-link=\"external\" target=\"_blank\" rel=\"nofollow external noopener\">Eurosport Espagne<\/a>, quelques jours avant de rece\u00advoir un hommage \u00e0 Roland\u2010Garros (dimanche 25 mai pour le premier jour du tournoi), le lieu le plus impor\u00adtant de sa carri\u00e8re, Rafael Nadal a \u00e9voqu\u00e9 sa rela\u00adtion avec le public fran\u00e7ais.\u00a0<\/p>\n<p><strong>\u00ab\u202fJe me suis toujours senti respect\u00e9. Mais il est vrai que pendant les deux premi\u00e8res ann\u00e9es o\u00f9 j\u2019\u00e9tais l\u00e0\u2010bas, j\u2019avais l\u2019im\u00adpres\u00adsion que le public voulait que Roger gagne. C\u2019est le senti\u00adment que j\u2019avais \u00e0 l\u2019\u00e9poque. Donc, d\u2019une certaine mani\u00e8re, ils voulaient que je perde parce qu\u2019ils pensaient proba\u00adble\u00adment que si je perdais, Roger aurait plus de chances. Roger a gagn\u00e9 en 2009, et apr\u00e8s \u00e7a, je pense que le public a commenc\u00e9 \u00e0 me traiter d\u2019une mani\u00e8re compl\u00e8\u00adte\u00adment diff\u00e9\u00adrente. Ils ont vu que j\u2019\u00e9tais juste un battant, un type sympa, qui donne tout ce qu\u2019il a \u00e0 chaque fois qu\u2019il est sur le court. Et je pense qu\u2019ils ont senti \u00e0 quel point j\u2019ai\u00admais Paris et Roland\u2010Garros.\u202f\u00bb<\/strong><\/p>\n<p class=\"post-published-date\" style=\"color: silver; font-size: 75%; text-align: left;\">Publi\u00e9 le mercredi 21 mai 2025 \u00e0 18:52<\/p>\n","protected":false},"excerpt":{"rendered":"Dans un docu\u00admen\u00adtaire sorti par un Eurosport Espagne, quelques jours avant de rece\u00advoir un hommage \u00e0 Roland\u2010Garros (dimanche&hellip;\n","protected":false},"author":2,"featured_media":37610,"comment_status":"","ping_status":"","sticky":false,"template":"","format":"standard","meta":{"footnotes":""},"categories":[1415],"tags":[2199,1011,27,1960,60,1467],"class_list":{"0":"post-117598","1":"post","2":"type-post","3":"status-publish","4":"format-standard","5":"has-post-thumbnail","7":"category-tennis","8":"tag-federer","9":"tag-fr","10":"tag-france","11":"tag-nadal","12":"tag-sports","13":"tag-tennis"},"share_on_mastodon":{"url":"https:\/\/pubeurope.com\/@fr\/114547450332675161","error":""},"_links":{"self":[{"href":"https:\/\/www.europesays.com\/fr\/wp-json\/wp\/v2\/posts\/117598","targetHints":{"allow":["GET"]}}],"collection":[{"href":"https:\/\/www.europesays.com\/fr\/wp-json\/wp\/v2\/posts"}],"about":[{"href":"https:\/\/www.europesays.com\/fr\/wp-json\/wp\/v2\/types\/post"}],"author":[{"embeddable":true,"href":"https:\/\/www.europesays.com\/fr\/wp-json\/wp\/v2\/users\/2"}],"replies":[{"embeddable":true,"href":"https:\/\/www.europesays.com\/fr\/wp-json\/wp\/v2\/comments?post=117598"}],"version-history":[{"count":0,"href":"https:\/\/www.europesays.com\/fr\/wp-json\/wp\/v2\/posts\/117598\/revisions"}],"wp:featuredmedia":[{"embeddable":true,"href":"https:\/\/www.europesays.com\/fr\/wp-json\/wp\/v2\/media\/37610"}],"wp:attachment":[{"href":"https:\/\/www.europesays.com\/fr\/wp-json\/wp\/v2\/media?parent=117598"}],"wp:term":[{"taxonomy":"category","embeddable":true,"href":"https:\/\/www.europesays.com\/fr\/wp-json\/wp\/v2\/categories?post=117598"},{"taxonomy":"post_tag","embeddable":true,"href":"https:\/\/www.europesays.com\/fr\/wp-json\/wp\/v2\/tags?post=117598"}],"curies":[{"name":"wp","href":"https:\/\/api.w.org\/{rel}","templated":true}]}}