{"id":117601,"date":"2025-05-21T19:24:11","date_gmt":"2025-05-21T19:24:11","guid":{"rendered":"https:\/\/www.europesays.com\/fr\/117601\/"},"modified":"2025-05-21T19:24:11","modified_gmt":"2025-05-21T19:24:11","slug":"lambition-daudi-est-de-gagner-en-2030","status":"publish","type":"post","link":"https:\/\/www.europesays.com\/fr\/117601\/","title":{"rendered":"\u00ab\u00a0L\u2019ambition d\u2019Audi est de gagner en 2030\u00a0\u00bb"},"content":{"rendered":"<p><strong>ENTRETIEN<\/strong> &#8211; Avant le Grand Prix de Monaco, l\u2019Italien l\u00e8ve le voile sur l\u2019objectif d\u2019Audi, qui d\u00e9barquera sur la grille la saison prochaine.<\/p>\n<p class=\"fig-paragraph\"><a href=\"http:\/\/www.lefigaro.fr\/flash-sport\/f1-audi-entre-dans-le-capital-de-sauber-20230130\" target=\"_blank\" data-fig-type=\"NewsFlash\" rel=\"noopener nofollow\" data-gtm-custom-categorie=\"navigation\" data-gtm-custom-action=\"crossclick\" data-gtm-custom-label=\"Contextuel\" data-gtm-event=\"customEventSPE\" data-fig-domain=\"LEFIGARO\">Audi<\/a>, qui a annonc\u00e9 en 2022 son arriv\u00e9e en Formule\u00a01, n\u2019a plus que quelques mois avant d\u2019int\u00e9grer la grille avec l\u2019\u00e9curie Sauber, qu\u2019elle a rachet\u00e9e. La marque aux anneaux a recrut\u00e9 l\u2019\u00e9t\u00e9 dernier\u00a0<a href=\"http:\/\/www.lefigaro.fr\/sports\/formule-1\/formule-1-apres-le-depart-de-mattia-binotto-charles-leclerc-mise-sur-une-transition-en-douceur-20221209\" target=\"_blank\" data-fig-type=\"NewsFlash\" rel=\"noopener nofollow\" data-gtm-custom-categorie=\"navigation\" data-gtm-custom-action=\"crossclick\" data-gtm-custom-label=\"Contextuel\" data-gtm-event=\"customEventSPE\" data-fig-domain=\"LEFIGARO\">Mattia Binotto<\/a>\u00a0(55\u00a0ans), ex-ing\u00e9nieur devenu patron de la\u00a0<a href=\"http:\/\/www.lefigaro.fr\/sports\/formule-1\/enzo-ferrari-hamilton-et-leclerc-en-superstars-avec-le-clip-sempre-forza-ferrari-la-scuderia-lance-la-saison-2025-de-formule-1-20250308\" target=\"_blank\" data-fig-type=\"NewsFlash\" rel=\"noopener nofollow\" data-gtm-custom-categorie=\"navigation\" data-gtm-custom-action=\"crossclick\" data-gtm-custom-label=\"Contextuel\" data-gtm-event=\"customEventSPE\" data-fig-domain=\"LEFIGARO\">Scuderia Ferrari<\/a>\u00a0entre 2019 et 2022, pour conduire un projet qui a mis du temps \u00e0 d\u00e9marrer, frein\u00e9 par un certain nombre de remous. L\u2019Italien, dans un parfait fran\u00e7ais, puisqu\u2019il est n\u00e9 \u00e0 Lausanne, o\u00f9 il fut \u00e9tudiant, \u00e0 l\u2019\u00c9cole polytechnique f\u00e9d\u00e9rale, a choisi Le\u00a0Figaro pour d\u00e9voiler l\u2019\u00e9tat d\u2019avancement de ce programme tr\u00e8s ambitieux pour la marque allemande. Mais le chemin s\u2019annonce long avant de jouer les premiers r\u00f4les dans le paddock \u00e0 l\u2019horizon 2030.<\/p>\n<p class=\"fig-paragraph\"><strong>LE FIGARO. &#8211; Mattia, assisterez-vous au\u00a0<\/strong><a href=\"http:\/\/www.lefigaro.fr\/horlogerie\/tag-heuer-rebaptise-le-grand-prix-de-monaco-20250212\" target=\"_blank\" data-fig-type=\"Article\" rel=\"noopener nofollow\" data-gtm-custom-categorie=\"navigation\" data-gtm-custom-action=\"crossclick\" data-gtm-custom-label=\"Contextuel\" data-gtm-event=\"customEventSPE\" data-fig-domain=\"LEFIGARO\"><strong>Grand Prix de Monaco<\/strong><\/a> <strong>\u00a0ce week-end, et quels souvenirs avez-vous de cette \u00e9preuve\u00a0?<\/strong><\/p>\n<p class=\"fig-paragraph\"><strong>Mattia BINOTTO<\/strong>. \u2013 Oui, j\u2019y serai. J\u2019essaie de faire autant de Grands Prix que possible, surtout en Europe, car c\u2019est plus facile de se d\u00e9placer.\u00a0<a href=\"https:\/\/www.google.com\/url?sa=t&amp;rct=j&amp;q=&amp;esrc=s&amp;source=web&amp;cd=&amp;cad=rja&amp;uact=8&amp;ved=2ahUKEwi_87ii6rSNAxWOUaQEHfDWEnkQFnoECCYQAQ&amp;url=https%3A%2F%2Fwww.lefigaro.fr%2Ftag%2Fmonaco&amp;usg=AOvVaw2g5W8nZz-G5814vmoN767D&amp;opi=89978449\" target=\"_blank\" rel=\"nofollow noopener\" data-gtm-custom-categorie=\"navigation\" data-gtm-custom-action=\"crossclick\" data-gtm-custom-label=\"Contextuel\" data-gtm-event=\"customEventSPE\">Monaco<\/a>\u00a0est un grand\u2026<\/p>\n<p class=\"fig-premium-paywall__infos\">\n        Cet article est r\u00e9serv\u00e9 aux abonn\u00e9s.        Il vous reste 91% \u00e0 d\u00e9couvrir.\n    <\/p>\n<p>                <img  data- alt=\"Le Figaro\" class=\"fig-img--complete fig-img\"\/><\/p>\n<p class=\"fig-premium-paywall__title\">Vente Flash<\/p>\n<p class=\"fig-premium-paywall__subtitle\">4,99\u20ac par mois pendant 12 mois. Sans engagement.<\/p>\n<p class=\"fig-premium-paywall__connect\">\n                D\u00e9j\u00e0 abonn\u00e9\u00a0?                <a class=\"fig-premium-paywall__connect-link\" href=\"https:\/\/connect.lefigaro.fr\/login?client=horizon_web&amp;type=main&amp;redirect_uri=https%3A%2F%2Fwww.lefigaro.fr%2Fsports%2Fformule-1%2Fmattia-binotto-l-ambition-d-audi-est-de-gagner-en-2030-20250521\" data-js-gtm=\"{&quot;customCategorie&quot;: &quot;conversion&quot;, &quot;customAction&quot;: &quot;before_Landing_Connexion_paywall_auto&quot;, &quot;customLabel&quot;: &quot;bGVmaWdhcm8uZnJfXzFmMDM2MjM3LTk3NjktNjFlYy1hMWUyLWMzNDgzYjM1MzQ4N19fQXJ0aWNsZQ==_Mattia Binotto\u00a0: \u00ab\u00a0L\u2019ambition d\u2019Audi est de gagner en 2030\u00a0\u00bb_160&quot;, &quot;customIDSPE&quot;: &quot;bGVmaWdhcm8uZnJfXzFmMDM2MjM3LTk3NjktNjFlYy1hMWUyLWMzNDgzYjM1MzQ4N19fQXJ0aWNsZQ==&quot;, &quot;event&quot;: &quot;customEventSPE&quot;}\" rel=\"nofollow noopener\" target=\"_blank\"><br \/>\n                    Connectez-vous<br \/>\n                <\/a>\n            <\/p>\n","protected":false},"excerpt":{"rendered":"ENTRETIEN &#8211; Avant le Grand Prix de Monaco, l\u2019Italien l\u00e8ve le voile sur l\u2019objectif d\u2019Audi, qui d\u00e9barquera sur&hellip;\n","protected":false},"author":2,"featured_media":117602,"comment_status":"","ping_status":"","sticky":false,"template":"","format":"standard","meta":{"footnotes":""},"categories":[1412],"tags":[6712,1977,1976,525,1981,1979,1983,1451,1452,1453,1454,1455,1011,27,1982,3127,1978,1980,60],"class_list":{"0":"post-117601","1":"post","2":"type-post","3":"status-publish","4":"format-standard","5":"has-post-thumbnail","7":"category-f1","8":"tag-audi","9":"tag-auto","10":"tag-auto-moto","11":"tag-calendrier","12":"tag-classement","13":"tag-constructeurs","14":"tag-essai","15":"tag-f1","16":"tag-formula-1","17":"tag-formula1","18":"tag-formule-1","19":"tag-formule1","20":"tag-fr","21":"tag-france","22":"tag-grand-prix","23":"tag-monaco","24":"tag-pilotes","25":"tag-resultats","26":"tag-sports"},"share_on_mastodon":{"url":"https:\/\/pubeurope.com\/@fr\/114547462124509662","error":""},"_links":{"self":[{"href":"https:\/\/www.europesays.com\/fr\/wp-json\/wp\/v2\/posts\/117601","targetHints":{"allow":["GET"]}}],"collection":[{"href":"https:\/\/www.europesays.com\/fr\/wp-json\/wp\/v2\/posts"}],"about":[{"href":"https:\/\/www.europesays.com\/fr\/wp-json\/wp\/v2\/types\/post"}],"author":[{"embeddable":true,"href":"https:\/\/www.europesays.com\/fr\/wp-json\/wp\/v2\/users\/2"}],"replies":[{"embeddable":true,"href":"https:\/\/www.europesays.com\/fr\/wp-json\/wp\/v2\/comments?post=117601"}],"version-history":[{"count":0,"href":"https:\/\/www.europesays.com\/fr\/wp-json\/wp\/v2\/posts\/117601\/revisions"}],"wp:featuredmedia":[{"embeddable":true,"href":"https:\/\/www.europesays.com\/fr\/wp-json\/wp\/v2\/media\/117602"}],"wp:attachment":[{"href":"https:\/\/www.europesays.com\/fr\/wp-json\/wp\/v2\/media?parent=117601"}],"wp:term":[{"taxonomy":"category","embeddable":true,"href":"https:\/\/www.europesays.com\/fr\/wp-json\/wp\/v2\/categories?post=117601"},{"taxonomy":"post_tag","embeddable":true,"href":"https:\/\/www.europesays.com\/fr\/wp-json\/wp\/v2\/tags?post=117601"}],"curies":[{"name":"wp","href":"https:\/\/api.w.org\/{rel}","templated":true}]}}