{"id":117607,"date":"2025-05-21T19:27:08","date_gmt":"2025-05-21T19:27:08","guid":{"rendered":"https:\/\/www.europesays.com\/fr\/117607\/"},"modified":"2025-05-21T19:27:08","modified_gmt":"2025-05-21T19:27:08","slug":"hiromi-rollin-etait-la-compagne-de-mon-pere","status":"publish","type":"post","link":"https:\/\/www.europesays.com\/fr\/117607\/","title":{"rendered":"\u00ab Hiromi Rollin \u00e9tait la compagne de mon p\u00e8re \u00bb"},"content":{"rendered":"<p>\u00ab\u00a0C&rsquo;\u00e9tait la compagne de mon p\u00e8re. Point.\u00a0\u00bb C&rsquo;est par ces mots qu&rsquo;Alain-Fabien Delon vient de confirmer ce qu&rsquo;<a class=\"link \" href=\"https:\/\/www.lepoint.fr\/people\/affaire-delon-le-mariage-avait-ete-evoque-hiromi-rollin-sort-du-silence-28-09-2023-2537325_2116.php\" rel=\"nofollow noopener\" target=\"_blank\" data-ylk=\"slk:Hiromi Rollin d\u00e9clarait depuis des mois;elm:context_link;itc:0;sec:content-canvas\">Hiromi Rollin d\u00e9clarait depuis des mois<\/a>\u00a0et qui \u00e9tait contest\u00e9\u00a0\u00e0 longueur de proc\u00e9dures par les enfants d&rsquo;Alain Delon.<\/p>\n<p>Le 6\u00a0juillet 2023, Anthony, Anouchka et Alain-Fabien Delon <a class=\"link \" href=\"https:\/\/www.lepoint.fr\/societe\/plaintes-des-enfants-d-alain-delon-ouverture-d-une-enquete-preliminaire-06-07-2023-2527647_23.php\" rel=\"nofollow noopener\" target=\"_blank\" data-ylk=\"slk:avaient port\u00e9 plainte conjointement;elm:context_link;itc:0;sec:content-canvas\">avaient port\u00e9 plainte conjointement<\/a> contre Hiromi Rollin pour \u00ab\u00a0harc\u00e8lement moral\u00a0\u00bb, \u00ab\u00a0abus de faiblesse\u00a0\u00bb, \u00ab\u00a0d\u00e9tournement de correspondance\u00a0\u00bb de leur p\u00e8re et \u00ab\u00a0maltraitance\u00a0\u00bb sur Loubo, le chien de l&rsquo;acteur.<\/p>\n<p>\u00c0 LIRE AUSSI <strong class=\"strong\"><a href=\"https:\/\/www.lepoint.fr\/societe\/affaire-delon-hiromi-rollin-histoire-d-une-femme-bafouee-01-02-2024-2551252_23.php\" rel=\"nofollow noopener\" target=\"_blank\" data-ylk=\"slk:Affaire Delon\u00a0: Hiromi Rollin, histoire d&#039;une femme bafou\u00e9e;elm:context_link;itc:0;sec:content-canvas\" class=\"link \">Affaire Delon\u00a0: Hiromi Rollin, histoire d&rsquo;une femme bafou\u00e9e<\/a><\/strong><\/p>\n<p>Alain Delon s&rsquo;\u00e9tait associ\u00e9 \u00e0 cette plainte, apr\u00e8s l&rsquo;expulsion manu militari de celle qui vivait \u00e0 ses c\u00f4t\u00e9s \u00e0 Douchy depuis longtemps.<\/p>\n<p>Hiromi Rollin, une \u00ab\u00a0dame de compagnie\u00a0\u00bb<\/p>\n<p>Le 2\u00a0octobre de la m\u00eame ann\u00e9e, <a class=\"link \" href=\"https:\/\/www.voici.fr\/news-people\/anthony-delon-assure-quil-possede-un-enregistrement-audio-qui-prouve-quhiromi-rollin-nest-pas-la-compagne-de-son-pere-zaptv-767361\" rel=\"nofollow noopener\" target=\"_blank\" data-ylk=\"slk:sur BFMTV;elm:context_link;itc:0;sec:content-canvas\">sur BFMTV<\/a>, Anthony Delon d\u00e9clarait avoir remis un enregistrement au procureur dans lequel son p\u00e8re affirmait avoir \u00e9t\u00e9 contraint de la pr\u00e9senter comme sa \u00ab\u00a0compagne\u00a0\u00bb lors d&rsquo;une \u00e9mission pour TV5 Monde. \u00ab\u00a0Il y a un enregistrement qu&rsquo;on a remis au procureur o\u00f9 on demande \u00e0 mon p\u00e8re \u201cPourquoi tu as dit \u00e7a\u00a0?\u201d\u00a0Il r\u00e9pond texto, il dit\u00a0: \u201cPour qu&rsquo;elle me foute la paix\u201d. Donc je lui dis \u201cPourquoi pour qu&rsquo;elle te foute la paix\u00a0? Tu \u00e9tais oblig\u00e9 de lui dire\u00a0?\u201d\u00a0\u00bb, avait expliqu\u00e9 Anthony Delon \u00e0 Bruce Toussaint.<\/p>\n<p>\u00c0 LIRE AUSSI <strong class=\"strong\"><a href=\"https:\/\/www.lepoint.fr\/societe\/alain-delon-et-hiromi-rollin-les-confidences-du-photographe-de-la-star-01-02-2024-2551276_23.php\" rel=\"nofollow noopener\" target=\"_blank\" data-ylk=\"slk:Affaire Delon\u00a0: \u00ab\u00a0Alain et Hiromi se comportaient comme un couple\u00a0\u00bb;elm:context_link;itc:0;sec:content-canvas\" class=\"link \">Affaire Delon\u00a0: \u00ab\u00a0Alain et Hiromi se comportaient comme un couple\u00a0\u00bb<\/a><\/strong><\/p>\n<p>Quelques jours plus tard, dans Sept \u00e0 huit, <a class=\"link \" href=\"https:\/\/www.lepoint.fr\/people\/alain-delon-sa-fille-anouchka-regle-ses-comptes-avec-hiromi-rollin-09-10-2023-2538583_2116.php\" rel=\"nofollow noopener\" target=\"_blank\" data-ylk=\"slk:Anouchka Delon expliquait;elm:context_link;itc:0;sec:content-canvas\">Anouchka Delon expliquait<\/a> que Hiromi Rollin \u00e9tait \u00ab\u00a0une femme qui s&rsquo;occupait d [&#8230;] <a href=\"https:\/\/www.lepoint.fr\/people\/alain-fabien-delon-hiromi-rollin-etait-la-compagne-de-mon-pere-21-05-2025-2590197_2116.php\" rel=\"nofollow noopener\" target=\"_blank\" data-ylk=\"slk:Lire la suite;elm:context_link;itc:0;sec:content-canvas\" class=\"link \">Lire la suite<\/a><\/p>\n","protected":false},"excerpt":{"rendered":"\u00ab\u00a0C&rsquo;\u00e9tait la compagne de mon p\u00e8re. Point.\u00a0\u00bb C&rsquo;est par ces mots qu&rsquo;Alain-Fabien Delon vient de confirmer ce qu&rsquo;Hiromi&hellip;\n","protected":false},"author":2,"featured_media":117608,"comment_status":"","ping_status":"","sticky":false,"template":"","format":"standard","meta":{"footnotes":""},"categories":[1359],"tags":[5960,15944,19718,22608,58,59,1011,27,23597,973],"class_list":{"0":"post-117607","1":"post","2":"type-post","3":"status-publish","4":"format-standard","5":"has-post-thumbnail","7":"category-people","8":"tag-alain-delon","9":"tag-alain-fabien-delon","10":"tag-anouchka-delon","11":"tag-anthony-delon","12":"tag-divertissement","13":"tag-entertainment","14":"tag-fr","15":"tag-france","16":"tag-hiromi-rollin","17":"tag-people"},"share_on_mastodon":{"url":"https:\/\/pubeurope.com\/@fr\/114547474102930453","error":""},"_links":{"self":[{"href":"https:\/\/www.europesays.com\/fr\/wp-json\/wp\/v2\/posts\/117607","targetHints":{"allow":["GET"]}}],"collection":[{"href":"https:\/\/www.europesays.com\/fr\/wp-json\/wp\/v2\/posts"}],"about":[{"href":"https:\/\/www.europesays.com\/fr\/wp-json\/wp\/v2\/types\/post"}],"author":[{"embeddable":true,"href":"https:\/\/www.europesays.com\/fr\/wp-json\/wp\/v2\/users\/2"}],"replies":[{"embeddable":true,"href":"https:\/\/www.europesays.com\/fr\/wp-json\/wp\/v2\/comments?post=117607"}],"version-history":[{"count":0,"href":"https:\/\/www.europesays.com\/fr\/wp-json\/wp\/v2\/posts\/117607\/revisions"}],"wp:featuredmedia":[{"embeddable":true,"href":"https:\/\/www.europesays.com\/fr\/wp-json\/wp\/v2\/media\/117608"}],"wp:attachment":[{"href":"https:\/\/www.europesays.com\/fr\/wp-json\/wp\/v2\/media?parent=117607"}],"wp:term":[{"taxonomy":"category","embeddable":true,"href":"https:\/\/www.europesays.com\/fr\/wp-json\/wp\/v2\/categories?post=117607"},{"taxonomy":"post_tag","embeddable":true,"href":"https:\/\/www.europesays.com\/fr\/wp-json\/wp\/v2\/tags?post=117607"}],"curies":[{"name":"wp","href":"https:\/\/api.w.org\/{rel}","templated":true}]}}