{"id":117623,"date":"2025-05-21T19:35:12","date_gmt":"2025-05-21T19:35:12","guid":{"rendered":"https:\/\/www.europesays.com\/fr\/117623\/"},"modified":"2025-05-21T19:35:12","modified_gmt":"2025-05-21T19:35:12","slug":"festival-de-cannes-2025-lenie-star-academy-ose-le-look-tres-ose-pour-sa-premiere-montee-des-marches-et-en-devoile-un-peu-trop","status":"publish","type":"post","link":"https:\/\/www.europesays.com\/fr\/117623\/","title":{"rendered":"Festival de Cannes 2025 : L\u00e9nie (Star Academy) ose le look tr\u00e8s os\u00e9 pour sa premi\u00e8re mont\u00e9e des marches, et en d\u00e9voile un peu trop"},"content":{"rendered":"<p>Elle va en mettre plein les yeux, comme \u00e0 chacune de ses apparitions sur sc\u00e8nes, \u00e0 toutes les personnes pr\u00e9sents au Festival de Cannes. Ce mercredi 21 mai 2025, les fans de <a href=\"https:\/\/www.public.fr\/tag\/lenie\" target=\"_blank\" rel=\"noopener\">L\u00e9nie<\/a>, pr\u00e9sents sur la Croisette, vont se montrer ravis. En effet, <a href=\"https:\/\/www.public.fr\/lenie-vacher-elle-a-trouve-lamour\" target=\"_blank\" rel=\"noopener\">l\u2019ancienne candidate de la <strong>\u00ab\u00a0Star Academy\u00a0\u00bb<\/strong><\/a>, et <a href=\"https:\/\/vsd.fr\/tag\/lenie\/\" target=\"_blank\" rel=\"noopener\">gagnante de la derni\u00e8re saison de <strong>\u00ab\u00a0Danse avec les stars\u00a0\u00bb<\/strong><\/a>, va monter les marches du Palais des Festivals pour la premi\u00e8re fois.\u00a0<\/p>\n<p>Un accomplissement pour la jeune femme qui ne cesse de r\u00e9aliser ses r\u00eaves depuis plusieurs mois. Le 4 novembre 2023, elle en r\u00e9alise un premier lorsqu\u2019elle fait son entr\u00e9e au ch\u00e2teau de Dammarie-les-Lys en tant que candidate de la <strong>\u00ab\u00a0Star Academy\u00a0\u00bb<\/strong>.<\/p>\n<p>Malheureusement, pour L\u00e9nie, alors que tout le monde la voyait en finale, elle verra son aventure prendre fin aux portes de la demi-finale, face \u00e0 Axel Marbeuf. Une \u00e9limination qui a beaucoup affect\u00e9 la jeune femme, qui a mis du temps \u00e0 s\u2019en remettre. Mais presque un an apr\u00e8s cette d\u00e9convenue, elle a pu r\u00e9aliser un autre r\u00eave, et peut-\u00eatre le plus beau.<\/p>\n<p>Sa victoire dans \u00ab\u00a0Danse avec les stars\u00a0\u00bb<\/p>\n<p>L\u00e9nie a toujours dans\u00e9, notamment gr\u00e2ce \u00e0 sa m\u00e8re. Lors de son aventure \u00e0 la <strong>\u00ab\u00a0Star Academy\u00a0\u00bb<\/strong>, elle a su d\u00e9montrer \u00e0 Malika Benjelloun qu\u2019elle poss\u00e9dait de nombreuses bases dans le domaine et pouvait \u00eatre tr\u00e8s \u00e0 l\u2019aise en fonction des chor\u00e9graphies. Un talent et des acquis qui lui ont permis de se faire s\u00e9lectionner dans la derni\u00e8re saison de <strong>\u00ab\u00a0Danse avec les stars\u00a0\u00bb<\/strong>.<\/p>\n<p>D\u00e8s le premier prime, la jeune femme a d\u00e9montr\u00e9 qu\u2019elle ne voulait pas faire de la figuration et qu\u2019elle comptait bel et bien soulever le troph\u00e9e, remport\u00e9 l\u2019ann\u00e9e pr\u00e9c\u00e9dente par <a href=\"https:\/\/www.public.fr\/tag\/natasha-st-pier\" target=\"_blank\" rel=\"noopener\">Natasha St-Pier<\/a>. Du premier prime jusqu\u2019\u00e0 la finale, la partenaire de Jordan Mouillerac a fini \u00e0 la 1\u00e8re place. De fait, sans grande surprise, elle se faisait \u00e9lire grande gagnante du programme de TF1, le 25 avril 2025.<\/p>\n<p>Apr\u00e8s avoir enflamm\u00e9 le parquet, L\u00e9nie va enflammer le Festival de Cannes<\/p>\n<p>Depuis, L\u00e9nie continue d\u2019\u00eatre sur un nuage et vivre son conte de f\u00e9es. Dans quelques heures, elle s\u2019appr\u00eate \u00e0 vivre un nouveau r\u00eave : celui de monter les c\u00e9l\u00e8bres marches du Palais des Festivals. <\/p>\n<p>Juste avant qu\u2019elle ne foule le tapis rouge, notre consoeur Leslie Benaroch a pu la rencontrer, afin de r\u00e9aliser son traditionnel point mode.<\/p>\n<p>L\u2019occasion de voir <strong>la jeune artiste dans un total look noir et en toute transparence<\/strong>. Sa robe, qui lui va \u00e0 ravir, est sign\u00e9e du couturier Dylan Parienty. \u00ab\u00a0<strong>Un mod\u00e8le vraiment surmesure\u00a0\u00bb<\/strong>, insiste en effet L\u00e9nie avant de montrer les nombreux bijoux de la marque Place Vend\u00f4me qu\u2019elle portera au cours de la soir\u00e9e.\u00a0Il sera possible de la retrouver ce mercredi soir en showcase, durant lequel elle <strong>\u00ab\u00a0interpr\u00e9tera trois chansons\u00a0\u00bb.<\/strong><\/p>\n<p>      Mentionn\u00e9s dans cet article<\/p>\n<p>\u00c0 lire aussi<\/p>\n","protected":false},"excerpt":{"rendered":"Elle va en mettre plein les yeux, comme \u00e0 chacune de ses apparitions sur sc\u00e8nes, \u00e0 toutes les&hellip;\n","protected":false},"author":2,"featured_media":117624,"comment_status":"","ping_status":"","sticky":false,"template":"","format":"standard","meta":{"footnotes":""},"categories":[8],"tags":[194,58,59,5634,1011,27,12370,5095],"class_list":{"0":"post-117623","1":"post","2":"type-post","3":"status-publish","4":"format-standard","5":"has-post-thumbnail","7":"category-divertissement","8":"tag-danse-avec-les-stars","9":"tag-divertissement","10":"tag-entertainment","11":"tag-festival-de-cannes","12":"tag-fr","13":"tag-france","14":"tag-lenie","15":"tag-star-academy"},"share_on_mastodon":{"url":"https:\/\/pubeurope.com\/@fr\/114547505492031535","error":""},"_links":{"self":[{"href":"https:\/\/www.europesays.com\/fr\/wp-json\/wp\/v2\/posts\/117623","targetHints":{"allow":["GET"]}}],"collection":[{"href":"https:\/\/www.europesays.com\/fr\/wp-json\/wp\/v2\/posts"}],"about":[{"href":"https:\/\/www.europesays.com\/fr\/wp-json\/wp\/v2\/types\/post"}],"author":[{"embeddable":true,"href":"https:\/\/www.europesays.com\/fr\/wp-json\/wp\/v2\/users\/2"}],"replies":[{"embeddable":true,"href":"https:\/\/www.europesays.com\/fr\/wp-json\/wp\/v2\/comments?post=117623"}],"version-history":[{"count":0,"href":"https:\/\/www.europesays.com\/fr\/wp-json\/wp\/v2\/posts\/117623\/revisions"}],"wp:featuredmedia":[{"embeddable":true,"href":"https:\/\/www.europesays.com\/fr\/wp-json\/wp\/v2\/media\/117624"}],"wp:attachment":[{"href":"https:\/\/www.europesays.com\/fr\/wp-json\/wp\/v2\/media?parent=117623"}],"wp:term":[{"taxonomy":"category","embeddable":true,"href":"https:\/\/www.europesays.com\/fr\/wp-json\/wp\/v2\/categories?post=117623"},{"taxonomy":"post_tag","embeddable":true,"href":"https:\/\/www.europesays.com\/fr\/wp-json\/wp\/v2\/tags?post=117623"}],"curies":[{"name":"wp","href":"https:\/\/api.w.org\/{rel}","templated":true}]}}