{"id":117638,"date":"2025-05-21T19:43:19","date_gmt":"2025-05-21T19:43:19","guid":{"rendered":"https:\/\/www.europesays.com\/fr\/117638\/"},"modified":"2025-05-21T19:43:19","modified_gmt":"2025-05-21T19:43:19","slug":"saviez-vous-que-chaque-porte-est-reservee-a-un-usager-bien-precis","status":"publish","type":"post","link":"https:\/\/www.europesays.com\/fr\/117638\/","title":{"rendered":"saviez-vous que chaque porte est r\u00e9serv\u00e9e \u00e0 un usager bien pr\u00e9cis\u00a0?"},"content":{"rendered":"<p>            Par<br \/>\n        <strong><br \/>\n            <a href=\"https:\/\/actu.fr\/auteur\/amandine-mehl\" title=\"Consulter tous les articles de Amandine Mehl\" target=\"_blank\" rel=\"noopener\">Amandine Mehl<\/a><br \/>\n        <\/strong><\/p>\n<p>        Publi\u00e9 le<\/p>\n<p>            21 mai 2025 \u00e0 18h49        <\/p>\n<p>Le 5 avril dernier, le <a href=\"https:\/\/actu.fr\/tag\/trolleybus\" target=\"_blank\" rel=\"noopener\">trolleybus<\/a> a fait son arriv\u00e9e dans le <strong>Grand Nancy<\/strong>. Et, avec lui, de <strong>nouvelles r\u00e8gles<\/strong> avec lesquelles se familiariser.<\/p>\n<p class=\" wall-content\">Parmi elles, on retrouve le <strong>bon usage des diff\u00e9rentes portes<\/strong>. Explications.<\/p>\n<p>Le bon usage des diff\u00e9rentes portes du trolleybus<\/p>\n<p class=\" wall-content\">Comme l\u2019indique le <a href=\"https:\/\/actu.fr\/tag\/reseau-stan\" target=\"_blank\" rel=\"noopener\">r\u00e9seau Stan<\/a> sur les r\u00e9seaux sociaux, il existe bien une \u00ab\u00a0bonne\u00a0\u00bb fa\u00e7on de grimper \u00e0 bord du trolleybus.<\/p>\n<p class=\" wall-content\">Ainsi, la premi\u00e8re porte doit \u00eatre emprunt\u00e9e par les <strong>personnes \u00e0 mobilit\u00e9 r\u00e9duite<\/strong> qui pourront acc\u00e9der \u00e0 un espace d\u00e9di\u00e9. La seconde doit quant \u00e0 elle \u00eatre emprunt\u00e9e par les personnes qui ont une <strong>poussette<\/strong>. L\u00e0 encore, l\u2019id\u00e9e est qu\u2019elles puissent s\u2019installer dans un endroit pr\u00e9vu \u00e0 cet effet. La troisi\u00e8me, enfin, est l\u2019acc\u00e8s d\u00e9di\u00e9 <strong>aux trottinettes et aux v\u00e9los<\/strong>.<\/p>\n<p class=\" wall-content\">Et si vous \u00eates pi\u00e9ton\u2026 <strong>libre \u00e0 vous<\/strong> de choisir la porte que vous souhaitez !<\/p>\n<p>Vid\u00e9os : en ce moment sur Actu<\/p>\n<p class=\" wall-content\">Suivez toute l\u2019actualit\u00e9 de vos villes et m\u00e9dias favoris en vous inscrivant \u00e0 <a href=\"https:\/\/moncompte.actu.fr\" title=\"D\u00e9couvez Mon Actu\" rel=\"nofollow noopener\" data-trk=\"{&quot;cta&quot;:{&quot;action&quot;:&quot;https:\\\/\\\/moncompte.actu.fr&quot;,&quot;category&quot;:&quot;mon compte&quot;,&quot;from&quot;:&quot;article footer&quot;,&quot;name&quot;:&quot;Mon actu&quot;,&quot;type&quot;:&quot;cta&quot;}}\" target=\"_blank\">Mon Actu<\/a>.<\/p>\n","protected":false},"excerpt":{"rendered":"Par Amandine Mehl Publi\u00e9 le 21 mai 2025 \u00e0 18h49 Le 5 avril dernier, le trolleybus a fait&hellip;\n","protected":false},"author":2,"featured_media":28031,"comment_status":"","ping_status":"","sticky":false,"template":"","format":"standard","meta":{"footnotes":""},"categories":[9635],"tags":[1111,11,1777,674,1011,27,775,1702,12,25,9849,104,9850],"class_list":{"0":"post-117638","1":"post","2":"type-post","3":"status-publish","4":"format-standard","5":"has-post-thumbnail","7":"category-nancy","8":"tag-actu","9":"tag-actualites","10":"tag-eu","11":"tag-europe","12":"tag-fr","13":"tag-france","14":"tag-grand-est","15":"tag-nancy","16":"tag-news","17":"tag-republique-francaise","18":"tag-reseau-stan","19":"tag-societe","20":"tag-trolleybus"},"share_on_mastodon":{"url":"https:\/\/pubeurope.com\/@fr\/114547537116502779","error":""},"_links":{"self":[{"href":"https:\/\/www.europesays.com\/fr\/wp-json\/wp\/v2\/posts\/117638","targetHints":{"allow":["GET"]}}],"collection":[{"href":"https:\/\/www.europesays.com\/fr\/wp-json\/wp\/v2\/posts"}],"about":[{"href":"https:\/\/www.europesays.com\/fr\/wp-json\/wp\/v2\/types\/post"}],"author":[{"embeddable":true,"href":"https:\/\/www.europesays.com\/fr\/wp-json\/wp\/v2\/users\/2"}],"replies":[{"embeddable":true,"href":"https:\/\/www.europesays.com\/fr\/wp-json\/wp\/v2\/comments?post=117638"}],"version-history":[{"count":0,"href":"https:\/\/www.europesays.com\/fr\/wp-json\/wp\/v2\/posts\/117638\/revisions"}],"wp:featuredmedia":[{"embeddable":true,"href":"https:\/\/www.europesays.com\/fr\/wp-json\/wp\/v2\/media\/28031"}],"wp:attachment":[{"href":"https:\/\/www.europesays.com\/fr\/wp-json\/wp\/v2\/media?parent=117638"}],"wp:term":[{"taxonomy":"category","embeddable":true,"href":"https:\/\/www.europesays.com\/fr\/wp-json\/wp\/v2\/categories?post=117638"},{"taxonomy":"post_tag","embeddable":true,"href":"https:\/\/www.europesays.com\/fr\/wp-json\/wp\/v2\/tags?post=117638"}],"curies":[{"name":"wp","href":"https:\/\/api.w.org\/{rel}","templated":true}]}}