{"id":117639,"date":"2025-05-21T19:44:12","date_gmt":"2025-05-21T19:44:12","guid":{"rendered":"https:\/\/www.europesays.com\/fr\/117639\/"},"modified":"2025-05-21T19:44:12","modified_gmt":"2025-05-21T19:44:12","slug":"ce-que-lon-sait-ce-soir","status":"publish","type":"post","link":"https:\/\/www.europesays.com\/fr\/117639\/","title":{"rendered":"ce que l\u2019on sait ce soir"},"content":{"rendered":"<p>R\u00e9veil cauchemardesque et violent, ce mercredi, pour les r\u00e9sidents de l\u2019Ehpad Saint-Joseph, situ\u00e9 avenue de Strasbourg, \u00e0 Nancy. Si certains \u00e9taient d\u00e9j\u00e0 debout, d\u2019autres dormaient encore et ont \u00e9t\u00e9 sortis de leur sommeil par les secours \u00e0 5\u00a0h\u00a045.<\/p>\n<p>La raison\u00a0? Ce qui n\u2019est pour le moment qu\u2019un d\u00e9gagement de fum\u00e9e, va vite tourner \u00e0 la catastrophe. En effet, si le feu s\u2019est d\u00e9clar\u00e9 au niveau de palettes pr\u00e9sentes sur la terrasse du b\u00e2timent situ\u00e9 en c\u0153ur d\u2019\u00eelot, les flammes sont venues l\u00e9cher la fa\u00e7ade avant de prendre de la hauteur, sous le bardage, pour ensuite s\u2019infiltrer sous la toiture.<\/p>\n<p>  Un miracle\u00a0: aucune victime \u00e0 d\u00e9plorer<\/p>\n<p>\u00c0 leur arriv\u00e9e, <a href=\"https:\/\/www.estrepublicain.fr\/faits-divers-justice\/2025\/05\/21\/une-maison-de-retraite-de-nancy-evacuee-apres-un-incendie-ce-que-l-on-sait\" target=\"_blank\" rel=\"nofollow noopener\">les sapeurs-pompiers mettent en place leur imposant dispositif<\/a> avec notamment, un bras \u00e9l\u00e9vateur articul\u00e9. Commence alors une minutieuse reconnaissance de la toiture. Les soldats du feu doivent, dans un premier temps, faire face \u00e0 un important d\u00e9gagement de fum\u00e9e\u2026 Les premi\u00e8res flammes s\u2019\u00e9chappant des jointures confirment leur bilan. Un puissant feu couve sous le bardage.<\/p>\n<p>Le d\u00e9bardage d\u00e9bute afin de lib\u00e9rer l\u2019incendie\u2026 Les sapeurs-pompiers s\u2019attaquent alors \u00e0 un incroyable brasier qui va d\u00e9truire la totalit\u00e9 de la toiture. Les vid\u00e9os ( <a href=\"https:\/\/www.estrepublicain.fr\/videos\/nancy-et-la-toiture-de-l-ehpad-saint-joseph-s-embrasa-xfrl30z\" target=\"_blank\" rel=\"nofollow noopener\">en ligne sur notre site internet<\/a> ) font froid dans le dos. Et confirment que c\u2019est un miracle s\u2019il n\u2019y a aucune victime \u00e0 d\u00e9plorer.<\/p>\n<p>  80 sapeurs-pompiers et 35 v\u00e9hicules<\/p>\n<p>Sur place, le Service d\u00e9partemental d\u2019incendie et de secours (SDIS) a mobilis\u00e9, en masse, ses effectifs avec quatre-vingts sapeurs-pompiers et trente-cinq v\u00e9hicules.<\/p>\n<p>\u00ab\u00a0La premi\u00e8re intervention a \u00e9t\u00e9 assur\u00e9e par les casernes de la m\u00e9tropole et petit \u00e0 petit, nous avons \u00e9largi le p\u00e9rim\u00e8tre de mobilisation aux v\u00e9hicules des casernes du reste du d\u00e9partement, notamment du Lun\u00e9villois ou encore de Vandi\u00e8res, afin de ne pas d\u00e9garnir les sites nanc\u00e9iens. Ce genre de situation nous oblige \u00e0 d\u00e9poser la totalit\u00e9 de la toiture afin de localiser chaque point chaud \u00e9ventuel\u00a0\u00bb, d\u00e9taille le colonel <a href=\"https:\/\/www.estrepublicain.fr\/environnement\/2025\/03\/22\/j-aime-qu-on-m-appelle-la-nuit-qui-est-jean-philippe-gueugneau-le-nouveau-patron-des-pompiers-du-departement\" target=\"_blank\" rel=\"nofollow noopener\">Jean-Philippe Gueugneau, directeur du SDIS 54<\/a>.<\/p>\n<p>  Plusieurs unit\u00e9s sp\u00e9cialis\u00e9es<\/p>\n<p>Sur le site de l\u2019Ehpad Saint-Joseph, plusieurs unit\u00e9s sp\u00e9cialis\u00e9es ont donc \u00e9t\u00e9 d\u00e9ploy\u00e9es. Outre l\u2019\u00e9quipe drone, l\u2019unit\u00e9 de Recherche des causes et des circonstances de l\u2019incendie (RCCI) ainsi que l\u2019\u00e9quipe sauvetage et d\u00e9blaiement \u00e9taient \u00e0 pied d\u2019\u0153uvre. Enfin, le PC de commandement, qui est le plus haut niveau des \u00e9quipes mobiles pouvant \u00eatre engag\u00e9es.<\/p>\n<p>  La r\u00e9serve civile et citoyenne mobilis\u00e9e<\/p>\n<p>De leur c\u00f4t\u00e9, les autorit\u00e9s se sont assur\u00e9 de la coordination des moyens.<\/p>\n<p>\u00c0 commencer pour le relogement des 82 r\u00e9sidents impact\u00e9s \u2013 dont vingt atteints de la maladie d\u2019Alzheimer accueillis en Unit\u00e9 de vie prot\u00e9g\u00e9e (UVP), mais aussi leur transfert. \u00ab\u00a0Les r\u00e9sidents ont \u00e9t\u00e9 rassembl\u00e9s, tous ont pu prendre leur petit-d\u00e9jeuner. Ils vont rester ici jusqu\u2019en fin de matin\u00e9e. Ils vont \u00eatre pris en charge par la protection civile. La r\u00e9serve civile et citoyenne de la ville de Nancy a \u00e9t\u00e9 mobilis\u00e9e en appui. Je tiens \u00e9galement \u00e0 saluer le personnel de l\u2019Ehpad Saint-Joseph pour son discernement, son professionnalisme et son efficacit\u00e9\u00a0\u00bb, a confi\u00e9 le maire, <a href=\"https:\/\/www.vosgesmatin.fr\/p\/mathieu-klein\" target=\"_blank\" rel=\"nofollow noopener\">Mathieu Klein<\/a>, pr\u00e9sent aux c\u00f4t\u00e9s de Fr\u00e9d\u00e9ric Clowez, secr\u00e9taire g\u00e9n\u00e9ral de la pr\u00e9fecture de Meurthe-et-Moselle et sous-pr\u00e9fet de l\u2019arrondissement de Nancy<\/p>\n<p>  82 r\u00e9sidents replac\u00e9s<\/p>\n<p>Des propos appuy\u00e9s par la pr\u00e9sidente du conseil d\u00e9partemental, <a href=\"https:\/\/www.vosgesmatin.fr\/p\/chaynesse-khirouni\" target=\"_blank\" rel=\"nofollow noopener\">Chaynesse Khirouni<\/a>. \u00ab\u00a0Nous sommes parvenus \u00e0 dispatcher les 82 r\u00e9sidents, dont 20 sont en UVP. Un accompagnement a \u00e9t\u00e9 mis en place ainsi qu\u2019une information aux familles, certaines n\u2019habitant pas la r\u00e9gion. Elles sont actuellement contact\u00e9es et rassur\u00e9es par une cellule d\u00e9di\u00e9e.\u00a0\u00bb<\/p>\n<p>  Personnel exemplaire<\/p>\n<p>Cit\u00e9 de nombreuses fois, le comportement du personnel a \u00e9t\u00e9 salu\u00e9. \u00ab\u00a0Il a tr\u00e8s bien r\u00e9agi, il a mis en s\u00e9curit\u00e9 les r\u00e9sidents. Chaque ann\u00e9e, il fait l\u2019objet d\u2019un plan de formation incendie\u00a0\u00bb, souligne Joan Orcier, directeur d\u00e9partemental de l\u2019ARS.<\/p>\n<p>L\u2019incendie \u00e9tait sous contr\u00f4le dans la matin\u00e9e. N\u00e9anmoins, des sapeurs-pompiers poursuivaient le d\u00e9bardage \u00e0 l\u2019aide de tron\u00e7onneuses, \u00e9paul\u00e9s par un drone, afin de d\u00e9busquer d\u2019\u00e9ventuels points chauds pouvant faire repartir le feu.<\/p>\n<p>  L\u2019origine du feu reste inconnu<\/p>\n<p>L\u2019origine du feu reste pour le moment inconnue. Les techniciennes de la Police technique et scientifique sont arriv\u00e9es peu apr\u00e8s 11\u00a0h afin de faire la lumi\u00e8re sur ce sinistre dont le bilan humain aurait pu \u00eatre lourd. Tr\u00e8s lourd.<\/p>\n","protected":false},"excerpt":{"rendered":"R\u00e9veil cauchemardesque et violent, ce mercredi, pour les r\u00e9sidents de l\u2019Ehpad Saint-Joseph, situ\u00e9 avenue de Strasbourg, \u00e0 Nancy.&hellip;\n","protected":false},"author":2,"featured_media":117640,"comment_status":"","ping_status":"","sticky":false,"template":"","format":"standard","meta":{"footnotes":""},"categories":[9635],"tags":[1111,11,1777,674,274,1011,27,775,1310,1702,12,3456,25],"class_list":{"0":"post-117639","1":"post","2":"type-post","3":"status-publish","4":"format-standard","5":"has-post-thumbnail","7":"category-nancy","8":"tag-actu","9":"tag-actualites","10":"tag-eu","11":"tag-europe","12":"tag-faits-divers-justice","13":"tag-fr","14":"tag-france","15":"tag-grand-est","16":"tag-incendie","17":"tag-nancy","18":"tag-news","19":"tag-region-lorraine","20":"tag-republique-francaise"},"share_on_mastodon":{"url":"https:\/\/pubeurope.com\/@fr\/114547540835405252","error":""},"_links":{"self":[{"href":"https:\/\/www.europesays.com\/fr\/wp-json\/wp\/v2\/posts\/117639","targetHints":{"allow":["GET"]}}],"collection":[{"href":"https:\/\/www.europesays.com\/fr\/wp-json\/wp\/v2\/posts"}],"about":[{"href":"https:\/\/www.europesays.com\/fr\/wp-json\/wp\/v2\/types\/post"}],"author":[{"embeddable":true,"href":"https:\/\/www.europesays.com\/fr\/wp-json\/wp\/v2\/users\/2"}],"replies":[{"embeddable":true,"href":"https:\/\/www.europesays.com\/fr\/wp-json\/wp\/v2\/comments?post=117639"}],"version-history":[{"count":0,"href":"https:\/\/www.europesays.com\/fr\/wp-json\/wp\/v2\/posts\/117639\/revisions"}],"wp:featuredmedia":[{"embeddable":true,"href":"https:\/\/www.europesays.com\/fr\/wp-json\/wp\/v2\/media\/117640"}],"wp:attachment":[{"href":"https:\/\/www.europesays.com\/fr\/wp-json\/wp\/v2\/media?parent=117639"}],"wp:term":[{"taxonomy":"category","embeddable":true,"href":"https:\/\/www.europesays.com\/fr\/wp-json\/wp\/v2\/categories?post=117639"},{"taxonomy":"post_tag","embeddable":true,"href":"https:\/\/www.europesays.com\/fr\/wp-json\/wp\/v2\/tags?post=117639"}],"curies":[{"name":"wp","href":"https:\/\/api.w.org\/{rel}","templated":true}]}}