{"id":117654,"date":"2025-05-21T19:52:16","date_gmt":"2025-05-21T19:52:16","guid":{"rendered":"https:\/\/www.europesays.com\/fr\/117654\/"},"modified":"2025-05-21T19:52:16","modified_gmt":"2025-05-21T19:52:16","slug":"lassociation-ultime-liberte-mise-en-examen-on-milite-pour-que-chacun-soit-libre-de-choisir-sa-mort","status":"publish","type":"post","link":"https:\/\/www.europesays.com\/fr\/117654\/","title":{"rendered":"l\u2019association Ultime libert\u00e9 mise en examen, \u00ab on milite pour que chacun soit libre de choisir sa mort \u00bb"},"content":{"rendered":"<p>\u00ab\u00a0Un militantisme offensif.\u00a0\u00bb C\u2019est ce qui est reproch\u00e9 \u00e0 Josyane Abtroun et Patrice Bernardo. Sur les marches du palais de justice de Grenoble, ce mardi en fin de matin\u00e9e, les deux copr\u00e9sidents de l\u2019association Ultime libert\u00e9 expliquent, aux c\u00f4t\u00e9s de leur avocat Me Arnaud Levy-Soussan, que l\u2019association qu\u2019ils pr\u00e9sident vient d\u2019\u00eatre mise en examen en tant que personne morale.<\/p>\n<p>Cette association milite pour\u00a0\u00ab\u00a0la l\u00e9galisation du suicide assist\u00e9 et de l\u2019euthanasie volontaire\u00a0\u00bb<\/p>\n<p>Une mise en examen qui \u00e9tait attendue puisqu\u2019elle s\u2019inscrit dans le cadre d\u2019un <a href=\"https:\/\/www.google.com\/url?sa=t&amp;source=web&amp;rct=j&amp;opi=89978449&amp;url=https:\/\/www.ledauphine.com\/faits-divers-justice\/2024\/08\/16\/les-deux-militants-iserois-du-suicide-assiste-ont-ete-mis-en-examen&amp;ved=2ahUKEwi8wdHSrrSNAxV3TKQEHQqDADYQFnoECBYQAQ&amp;usg=AOvVaw25EXMnUo0ZqsYvxyvDwXMO\" target=\"_blank\" rel=\"noopener\">dossier<\/a> qui avait, l\u2019\u00e9t\u00e9 dernier, vu deux membres de cette association \u2013 qui milite pour \u00ab\u00a0la l\u00e9galisation du suicide assist\u00e9 et de l\u2019euthanasie volontaire\u00a0\u00bb \u2013 \u00eatre d\u00e9j\u00e0 mis en examen pour avoir accompagn\u00e9&#8230;<\/p>\n","protected":false},"excerpt":{"rendered":"\u00ab\u00a0Un militantisme offensif.\u00a0\u00bb C\u2019est ce qui est reproch\u00e9 \u00e0 Josyane Abtroun et Patrice Bernardo. Sur les marches du&hellip;\n","protected":false},"author":2,"featured_media":117655,"comment_status":"","ping_status":"","sticky":false,"template":"","format":"standard","meta":{"footnotes":""},"categories":[9566],"tags":[1111,11,2430,271,272,112,113,114,1777,674,274,107,1011,27,2731,2732,108,1985,12,316,25,71,106,104],"class_list":{"0":"post-117654","1":"post","2":"type-post","3":"status-publish","4":"format-standard","5":"has-post-thumbnail","7":"category-grenoble","8":"tag-actu","9":"tag-actualites","10":"tag-auvergne-rhone-alpes","11":"tag-crime","12":"tag-delit-et-contravention","13":"tag-edition-grenoble-agglomeration","14":"tag-edition-gresivaudan-oisans","15":"tag-edition-voiron-saint-marcellin","16":"tag-eu","17":"tag-europe","18":"tag-faits-divers-justice","19":"tag-fil-info","20":"tag-fr","21":"tag-france","22":"tag-grenoble","23":"tag-grenoble-bassin","24":"tag-isere","25":"tag-metropole-de-grenoble","26":"tag-news","27":"tag-politique","28":"tag-republique-francaise","29":"tag-sante","30":"tag-selection-de-la-redaction-38","31":"tag-societe"},"share_on_mastodon":{"url":"https:\/\/pubeurope.com\/@fr\/114547572318535570","error":""},"_links":{"self":[{"href":"https:\/\/www.europesays.com\/fr\/wp-json\/wp\/v2\/posts\/117654","targetHints":{"allow":["GET"]}}],"collection":[{"href":"https:\/\/www.europesays.com\/fr\/wp-json\/wp\/v2\/posts"}],"about":[{"href":"https:\/\/www.europesays.com\/fr\/wp-json\/wp\/v2\/types\/post"}],"author":[{"embeddable":true,"href":"https:\/\/www.europesays.com\/fr\/wp-json\/wp\/v2\/users\/2"}],"replies":[{"embeddable":true,"href":"https:\/\/www.europesays.com\/fr\/wp-json\/wp\/v2\/comments?post=117654"}],"version-history":[{"count":0,"href":"https:\/\/www.europesays.com\/fr\/wp-json\/wp\/v2\/posts\/117654\/revisions"}],"wp:featuredmedia":[{"embeddable":true,"href":"https:\/\/www.europesays.com\/fr\/wp-json\/wp\/v2\/media\/117655"}],"wp:attachment":[{"href":"https:\/\/www.europesays.com\/fr\/wp-json\/wp\/v2\/media?parent=117654"}],"wp:term":[{"taxonomy":"category","embeddable":true,"href":"https:\/\/www.europesays.com\/fr\/wp-json\/wp\/v2\/categories?post=117654"},{"taxonomy":"post_tag","embeddable":true,"href":"https:\/\/www.europesays.com\/fr\/wp-json\/wp\/v2\/tags?post=117654"}],"curies":[{"name":"wp","href":"https:\/\/api.w.org\/{rel}","templated":true}]}}