{"id":11766,"date":"2025-04-09T04:13:12","date_gmt":"2025-04-09T04:13:12","guid":{"rendered":"https:\/\/www.europesays.com\/fr\/11766\/"},"modified":"2025-04-09T04:13:12","modified_gmt":"2025-04-09T04:13:12","slug":"le-chauffard-qui-a-percute-un-ado-mis-en-examen","status":"publish","type":"post","link":"https:\/\/www.europesays.com\/fr\/11766\/","title":{"rendered":"le chauffard qui a percut\u00e9 un ado mis en examen"},"content":{"rendered":"<p>Rod\u00e9o lors d&rsquo;un cort\u00e8ge de mariage \u00e0 V\u00e9nissieux : le chauffard qui a percut\u00e9 un ado mis en examen &#8211; Photo d&rsquo;illustration<\/p>\n<p itemprop=\"description\"><strong>Apr\u00e8s avoir renvers\u00e9 un adolescent vendredi lors d&rsquo;un rod\u00e9o organis\u00e9 \u00e0 l&rsquo;occasion d&rsquo;un cort\u00e8ge de mariage \u00e0 V\u00e9nissieux, un jeune homme a \u00e9t\u00e9 mis en examen ce dimanche.<\/strong><\/p>\n<p>Il sera poursuivi pour blessures involontaires aggrav\u00e9es, des faits qui pourraient \u00eatre requalifi\u00e9s si l&rsquo;\u00e9tat d\u00e9j\u00e0 pr\u00e9occupant de la victime \u00e2g\u00e9e de 12 ans venait \u00e0 se d\u00e9grader<\/p>\n<p>Pour rappel, l&rsquo;automobiliste de 18 ans, sous l&#8217;empire des stup\u00e9fiants, avait fauch\u00e9 l&rsquo;adolescent sur l&rsquo;avenue Francis de Pressens\u00e9. Il l&rsquo;avait ensuite pris en charge et transport\u00e9 lui-m\u00eame \u00e0 l&rsquo;h\u00f4pital.<\/p>\n<p>Suite \u00e0 sa mise en examen, l&rsquo;individu a \u00e9t\u00e9 laiss\u00e9 libre, sous contr\u00f4le judiciaire. Jusqu&rsquo;aux prochains d\u00e9veloppements de l&rsquo;affaire, il a l&rsquo;interdiction de conduire un v\u00e9hicule.<\/p>\n<p>            <a href=\"#\" class=\"back-page\" rel=\"back\">X<\/a><\/p>\n","protected":false},"excerpt":{"rendered":"Rod\u00e9o lors d&rsquo;un cort\u00e8ge de mariage \u00e0 V\u00e9nissieux : le chauffard qui a percut\u00e9 un ado mis en&hellip;\n","protected":false},"author":2,"featured_media":11767,"comment_status":"","ping_status":"","sticky":false,"template":"","format":"standard","meta":{"footnotes":""},"categories":[4],"tags":[1111,11,2813,2190,1109,251,1112,2811,118,1011,27,1922,1110,1114,2428,2810,12,241,316,25,2812,517,800],"class_list":{"0":"post-11766","1":"post","2":"type-post","3":"status-publish","4":"format-standard","5":"has-post-thumbnail","7":"category-france","8":"tag-actu","9":"tag-actualites","10":"tag-article","11":"tag-asvel","12":"tag-breves","13":"tag-culture","14":"tag-depeches","15":"tag-economique","16":"tag-faits-divers","17":"tag-fr","18":"tag-france","19":"tag-info","20":"tag-informations","21":"tag-infos","22":"tag-lyon","23":"tag-lyonmag","24":"tag-news","25":"tag-ol","26":"tag-politique","27":"tag-republique-francaise","28":"tag-sociale","29":"tag-sport","30":"tag-transports"},"share_on_mastodon":{"url":"https:\/\/pubeurope.com\/@fr\/114306062982958919","error":""},"_links":{"self":[{"href":"https:\/\/www.europesays.com\/fr\/wp-json\/wp\/v2\/posts\/11766","targetHints":{"allow":["GET"]}}],"collection":[{"href":"https:\/\/www.europesays.com\/fr\/wp-json\/wp\/v2\/posts"}],"about":[{"href":"https:\/\/www.europesays.com\/fr\/wp-json\/wp\/v2\/types\/post"}],"author":[{"embeddable":true,"href":"https:\/\/www.europesays.com\/fr\/wp-json\/wp\/v2\/users\/2"}],"replies":[{"embeddable":true,"href":"https:\/\/www.europesays.com\/fr\/wp-json\/wp\/v2\/comments?post=11766"}],"version-history":[{"count":0,"href":"https:\/\/www.europesays.com\/fr\/wp-json\/wp\/v2\/posts\/11766\/revisions"}],"wp:featuredmedia":[{"embeddable":true,"href":"https:\/\/www.europesays.com\/fr\/wp-json\/wp\/v2\/media\/11767"}],"wp:attachment":[{"href":"https:\/\/www.europesays.com\/fr\/wp-json\/wp\/v2\/media?parent=11766"}],"wp:term":[{"taxonomy":"category","embeddable":true,"href":"https:\/\/www.europesays.com\/fr\/wp-json\/wp\/v2\/categories?post=11766"},{"taxonomy":"post_tag","embeddable":true,"href":"https:\/\/www.europesays.com\/fr\/wp-json\/wp\/v2\/tags?post=11766"}],"curies":[{"name":"wp","href":"https:\/\/api.w.org\/{rel}","templated":true}]}}