{"id":117660,"date":"2025-05-21T19:55:25","date_gmt":"2025-05-21T19:55:25","guid":{"rendered":"https:\/\/www.europesays.com\/fr\/117660\/"},"modified":"2025-05-21T19:55:25","modified_gmt":"2025-05-21T19:55:25","slug":"pendant-3-jours-le-festival-merci-beaucoup-revient-faire-danser-strasbourg","status":"publish","type":"post","link":"https:\/\/www.europesays.com\/fr\/117660\/","title":{"rendered":"pendant 3 jours, le festival Merci Beaucoup revient faire danser Strasbourg"},"content":{"rendered":"<p><b>Depuis bient\u00f4t dix ans, les amateurs\/trices de musiques \u00e9lectroniques lui disent \u00ab\u00a0Merci Beaucoup\u00a0\u00bb. Le collectif strasbourgeois fond\u00e9 en 2016 revient ce week-end aux Studios du Rhin avec la troisi\u00e8me \u00e9dition de son festival \u00e9ponyme. Du vendredi 23 au dimanche 25 mai, il nous en offre m\u00eame une version augment\u00e9e, avec <\/b><b>trois<\/b><b> jours de f\u00eate <\/b><b>s\u2019il vous pla\u00eet\u00a0<\/b><b>! Avec comme toujours\u00a0: un savant m\u00e9lange de t\u00eates d\u2019affiches internationales et de talents de la sc\u00e8ne r\u00e9gionale. Amaliah, Spray, THC, Aldonna\u2026 La f\u00eate n\u2019attend que toi.<\/b><\/p>\n<p>Avec pas loin de 10 ans de soir\u00e9es dans les pattes, Merci Beaucoup ne faiblit pas\u2026 Bien au contraire\u00a0: il nous revient frais comme jamais pour \u00ab\u00a0trois jours musique, d\u2019exp\u00e9riences immersives, d\u2019animations et de bonnes ondes\u00a0\u00bb<b> du 23 au 25 mai<\/b>.<\/p>\n<p>Pour la <b>troisi\u00e8me \u00e9dition de son festival<\/b>, il retrouve les Studios du Rhin pour un nouvel \u00ab\u00a0\u00e9v\u00e9nement \u00e0 la crois\u00e9e des chemins entre<b> guinguette enchant\u00e9e et club alternatif<\/b>\u00a0\u00bb m\u00ealant <b>\u00ab\u00a0musiques actuelles, arts num\u00e9riques, sc\u00e9nographie, performances interactives et animations atypiques\u00a0\u00bb<\/b>.<\/p>\n<p>    <img width=\"800\" height=\"533\" src=\"https:\/\/www.europesays.com\/fr\/wp-content\/uploads\/2025\/05\/sceno-2024-credit-jules-nehlig-800x533.jpeg\" class=\"attachment-image-size-L size-image-size-L\" alt=\"Merci Beaucoup Festival\" decoding=\"async\" loading=\"lazy\"  \/>         Merci Beaucoup Festival 2024 \u00a9 Jules Nehlig \/ Document remis <\/p>\n<p>    <img width=\"800\" height=\"533\" src=\"https:\/\/www.europesays.com\/fr\/wp-content\/uploads\/2025\/05\/mrcbcp2024-credit-jules-nehlig-800x533.jpeg\" class=\"attachment-image-size-L size-image-size-L\" alt=\"Merci Beaucoup Festival\" decoding=\"async\" loading=\"lazy\"  \/>         Merci Beaucoup Festival 2024 \u00a9 Jules Nehlig \/ Document remis <\/p>\n<p>Et si l\u2019an pass\u00e9, il nous r\u00e9servait d\u00e9j\u00e0 deux soir\u00e9es, cette fois il nous donne rendez-vous <b>d\u00e8s le vendredi soir <\/b>(pour un afterwork muscl\u00e9 jusqu\u2019\u00e0 4h du matin), et ce, jusqu\u2019au dimanche 22h. Pour ces trois jours\u00a0: l\u2019ambition de \u00ab\u00a0cr\u00e9er un \u00e9v\u00e9nement culturel local, f\u00e9d\u00e9rateur, festif, ludique, \u00e9co-responsable et inclusif\u00a0\u00bb.<\/p>\n<p>Pour y parvenir\u00a0: <b>une affiche \u00e9clectique et paritaire<\/b>, avec des artistes de la sc\u00e8ne internationale ou locale, qui nous feront vibrer et voyager entre les styles (<b>house, techno, trance, new beat, progressive, EBM, italo-disco<\/b>\u2026).<\/p>\n<p>Et <strong>deux dancefloors <\/strong>pour se d\u00e9fouler : une sc\u00e8ne open-air ouverte en journ\u00e9e et d\u00e9but de soir\u00e9e pour profiter de la douceur de l\u2019ext\u00e9rieur, et une sc\u00e8ne int\u00e9rieure \u00ab\u00a0ouverte du soir au matin\u00a0\u00bb que d\u00e9couvriront les plus valeureux des oiseaux de nuit.<\/p>\n<p>    <img width=\"800\" height=\"533\" src=\"https:\/\/www.europesays.com\/fr\/wp-content\/uploads\/2025\/05\/festival-2023-credit-rob-zetto-3-800x533.jpg\" class=\"attachment-image-size-L size-image-size-L\" alt=\"Merci Beaucoup Festival\" decoding=\"async\" loading=\"lazy\"  \/>         Sc\u00e8ne ext\u00e9rieure du Merci Beaucoup Festival 2023 \u00a9 Rob Zetto \/ Document remis <\/p>\n<p>Les t\u00eates d&rsquo;affiche : Younger Than Me,<\/p>\n<p>Et qui nous d\u00e9bo\u00eetera les reins aux Studios du Rhin\u00a0?<b> Le vendredi<\/b>, <b>Amaliah<\/b> (Borne Fruits \/ On Loop), d\u00e9j\u00e0. Bas\u00e9e \u00e0 Londres, <strong>p<\/strong><b>ass\u00e9e par le Panorama Bar ou le Glastonbury Festival et r\u00e9sidente sur Rinse FM<\/b>, la DJ et productrice nous entra\u00eenera <b>dans l\u2019\u00e9nergie des <\/b><b>raves<\/b><b> anglaises<\/b> qu\u2019elle conna\u00eet bien, entre <b>house<\/b><b> progressive et techno tribale <\/b>relev\u00e9es de soup\u00e7ons de bass music euphorique.<\/p>\n<p>    <img width=\"480\" height=\"600\" src=\"https:\/\/www.europesays.com\/fr\/wp-content\/uploads\/2025\/05\/amaliah-1-480x600.jpg\" class=\"attachment-image-size-M size-image-size-M\" alt=\"Merci Beaucoup festival\" decoding=\"async\" loading=\"lazy\"  \/>         Amaliah \u00a9 Merci Beaucoup \/ Document remis <\/p>\n<p>                <img width=\"400\" height=\"500\" src=\"https:\/\/www.europesays.com\/fr\/wp-content\/uploads\/2025\/05\/spray-1-400x500.jpg\" class=\"attachment-gallery size-gallery\" alt=\"Merci Beaucoup festival\" data-full-url=\"https:\/\/pokaa.fr\/wp-content\/uploads\/2025\/05\/20\/spray-1.jpg\" decoding=\"async\" loading=\"lazy\"  \/>            <\/p>\n<p>                <img width=\"400\" height=\"500\" src=\"https:\/\/www.europesays.com\/fr\/wp-content\/uploads\/2025\/05\/thc-1-400x500.jpg\" class=\"attachment-gallery size-gallery\" alt=\"Merci Beaucoup festival\" data-full-url=\"https:\/\/pokaa.fr\/wp-content\/uploads\/2025\/05\/20\/thc-1.jpg\" decoding=\"async\" loading=\"lazy\"  \/>            <\/p>\n<p>                    Spray et THC \u00a9 Merci Beaucoup \/ Documents remis<\/p>\n<p>On comptera aussi plusieurs Berlinois(es) dont <b>l\u2019Irlandais Spray<\/b> (Punctuality \/ Kalahari Oyster Cult) <b>qui agite la sc\u00e8ne <\/b><b>trance<\/b><b> avec des sets aux<\/b><b> \u00ab\u00a0pulsations tordues et [\u2026] rythmes \u00e9tincelants\u00a0\u00bb<\/b> et brille sur Soulseekers Allowance et H\u00f6r.<\/p>\n<p>Ou encore <b>la Colombienne THC<\/b> (La noche). R\u00e9sidente sur Rinse FM (avec son \u00e9mission Hot Box), vue au Panorama Bar ou au Dekmantel Festival \u00e0 Amsterdam, sa venue nous promet un <b>set chaleureux et groovy teint\u00e9 de house et de techno<\/b>.<\/p>\n<p>    <img width=\"480\" height=\"600\" src=\"https:\/\/www.europesays.com\/fr\/wp-content\/uploads\/2025\/05\/aldonna-1-480x600.jpg\" class=\"attachment-image-size-M size-image-size-M\" alt=\"Merci Beaucoup festival\" decoding=\"async\" loading=\"lazy\"  \/>         Aldonna \u00a9 Merci Beaucoup \/ Document remis <\/p>\n<p><b>Le samedi, Merci Beaucoup commencera d\u00e8s 15h et poussera jusqu\u2019\u00e0 5h<\/b>. Pour nous tenir, il fait venir de Bruxelles la DJ et productrice australienne <b>Aldonna<\/b>, cr\u00e9atrice du label Re-Leaf Records.<\/p>\n<p>Qu\u2019attendre de son set\u00a0? Des p\u00e9pites <b>house, progressive et trance 90s\/2000s<\/b>, qui viendront r\u00e9veiller une \u00ab\u00a0all\u00e9gresse nostalgique\u00a0\u00bb jusqu\u2019\u00e0 nous laisser \u00ab\u00a0dans un \u00e9tat de radiance extatique\u00a0\u00bb. Rien que \u00e7a.<\/p>\n<p>                <img width=\"400\" height=\"500\" src=\"https:\/\/www.europesays.com\/fr\/wp-content\/uploads\/2025\/05\/bmb-1-400x500.jpg\" class=\"attachment-gallery size-gallery\" alt=\"Merci Beaucoup festival\" data-full-url=\"https:\/\/pokaa.fr\/wp-content\/uploads\/2025\/05\/20\/bmb-1.jpg\" decoding=\"async\" loading=\"lazy\"  \/>            <\/p>\n<p>                <img width=\"400\" height=\"500\" src=\"https:\/\/www.europesays.com\/fr\/wp-content\/uploads\/2025\/05\/ytm-1-400x500.jpg\" class=\"attachment-gallery size-gallery\" alt=\"Merci Beaucoup festival\" data-full-url=\"https:\/\/pokaa.fr\/wp-content\/uploads\/2025\/05\/20\/ytm-1.jpg\" decoding=\"async\" loading=\"lazy\"  \/>            <\/p>\n<p>                    Bielefeld Murder Boys et Younger Than Me \u00a9 Merci Beaucoup \/ Documents remis<\/p>\n<p>Pour compl\u00e9ter l\u2019affiche\u00a0: <b>Bielefeld Murder Boys<\/b> (Sound Transmission), <b>\u00ab\u00a0ovni de la sc\u00e8ne \u00e9lectronique allemande\u00a0\u00bb<\/b>\u00a0; et l\u2019Italien <b>Younger Than Me<\/b> (Warning), bas\u00e9 \u00e0 Berlin, grande figure de la sc\u00e8ne \u00e9lectronique, et invit\u00e9 des plus grands clubs du Berghain \u00e0 Berlin au Tempio Del Futuro Perduto \u00e0 Milan.<\/p>\n<p>Un<b> grand amateur des 90s<\/b> et de la \u00ab\u00a0r\u00e9volution rave\u00a0\u00bb, reconnu par le milieu, qui nous r\u00e9galera d\u2019un set ponctu\u00e9 de progressive house, trance, breakbeat et jungle.<\/p>\n<p>L&rsquo;affiche locale qui r\u00e9gale<\/p>\n<p>Aux c\u00f4t\u00e9s de ces reusta\u00a0?<b> Des talents d\u2019ici<\/b>, r\u00e9partis \u00e7\u00e0 et l\u00e0, du vendredi au dimanche. Avec \u00e9videmment, <b>les<\/b> <b>artistes r\u00e9sident(e)s de Merci Beaucoup\u00a0: Aneka, Bambou, Bim, Datis, Kleo et Perruche<\/b>.<\/p>\n<p>Mais on citera aussi <b>Alphy<\/b>, \u00ab\u00a0amoureux de la galette, <strong>mix[ant] principalement sur vinyle<\/strong>\u00a0\u00bb pour des sets groovy et <b>Laureza<\/b><strong>, moiti\u00e9 du duo franco-allemand Cr\u00e8me de la Kreme<\/strong> aux \u00ab\u00a0mix vibrants qui fusionnent disco, house et hardgroove, du funky au deep\u00a0\u00bb.<\/p>\n<p>Ou m\u00eame <b>Turnani<\/b><strong>, fondateur et r\u00e9sident de Heim<\/strong>, qui \u00ab\u00a0explore une house envo\u00fbtante, infus\u00e9e de deep et de trance, fa\u00e7onnant un voyage sonore entre tension et lib\u00e9ration\u00a0\u00bb.<\/p>\n<p>    <img width=\"800\" height=\"533\" src=\"https:\/\/www.europesays.com\/fr\/wp-content\/uploads\/2025\/05\/scene-interieure-2024-credit-jules-nehlig-800x533.jpeg\" class=\"attachment-image-size-L size-image-size-L\" alt=\"Merci Beaucoup Festival\" decoding=\"async\" loading=\"lazy\"  \/>         Merci Beaucoup Festival 2024 \u00a9 Jules Nehlig \/ Document remis <\/p>\n<p>Merci Beaucoup invitera \u00e9galement l\u2019infernal duo compos\u00e9 de <b>Laisse Lucie Faire<\/b> et <b>Kate<\/b> (Contre-Temps), r\u00e9sidentes sur Z\u00b7est radio (avec l\u2019\u00e9mission House n\u00b06) habitu\u00e9es aux \u00ab\u00a0sets p\u00eachus\u00a0\u00bb teint\u00e9s de house, disco et UK garage. Et s\u2019entourera du<b> collectif strasbourgeois <\/b><b>Spectr<\/b> (UK Garage, 2Step, Drum and Bass, Jungle, etc.), pour pousser la vibe<strong> UK Bass<\/strong> \u00e0 son max.<\/p>\n<p><b>En plus des sets\u00a0: des <\/b><b>live<\/b>. Celui de l\u2019artiste franco-jordanienne <b>Sh\u00f4nagon<\/b> qui nous embarquera dans son univers aux accents <strong>house, techno, bass, new wave ou pop<\/strong>\u00a0; ou du trublion <b>Tioklu<\/b> (ex-T\/O) (October Tone) qui nous servira son Electric Soup (son dernier album) assaisonn\u00e9e de <strong>pop lo-fi, krautrock, dub<\/strong>, et musiques s\u00e9quenc\u00e9es.<\/p>\n<p>    <img width=\"400\" height=\"600\" src=\"https:\/\/www.europesays.com\/fr\/wp-content\/uploads\/2025\/05\/festival-2023-credit-rob-zetto-21-400x600.jpg\" class=\"attachment-image-size-M size-image-size-M\" alt=\"Merci Beaucoup Festival\" decoding=\"async\" loading=\"lazy\"  \/>         Merci Beaucoup Festival 2023 \u00a9 Rob Zetto \/ Document remis <\/p>\n<p>Et plus curieux encore ? La performance musicale de <b>Crash Server<\/b>, bas\u00e9e sur <b>\u00ab\u00a0une pratique du livecoding, narrative, immersive et dansante\u00a0\u00bb<\/b>, une bonne dose d\u2019impro et une musique<b> <\/b>qui flirte avec l\u2019\u00e9lectro, la noise, le post-rock et l\u2019IDM.<\/p>\n<p>Une exp\u00e9rience qui viendra nous questionner sur \u00ab\u00a0notre lien au monde num\u00e9rique, <b>notre \u00e9volution en tant qu\u2019humain<\/b>, le transhumanisme, les donn\u00e9es personnelles et l\u2019addiction aux technologies\u00a0\u00bb.<\/p>\n<p>    <img width=\"800\" height=\"533\" src=\"https:\/\/www.europesays.com\/fr\/wp-content\/uploads\/2025\/05\/festival-2023-credit-rob-zetto-800x533.jpg\" class=\"attachment-image-size-L size-image-size-L\" alt=\"Merci Beaucoup Festival\" decoding=\"async\" loading=\"lazy\"  \/>         Merci Beaucoup Festival 2023 \u00a9 Rob Zetto \/ Document remis <\/p>\n<p>Les petits bonus<\/p>\n<p>Si avec la prog\u2019, les oiseaux de nuit seront d\u00e9j\u00e0 ravis, Merci Beaucoup pense ses \u00e9v\u00e9nements pour toutes les \u00e9nergies et envies avec <b>des transats sous le soleil et des canap\u2019 \u00e0 l\u2019ombre<\/b>.<\/p>\n<p>Pour \u00ab\u00a0r\u00e9veiller son \u00e2me d\u2019enfant\u00a0\u00bb\u00a0? Des <b>jeux en bois<\/b>, des animations et autres ateliers et<b> <\/b><b>\u00ab\u00a0surprises\u00a0\u00bb<\/b> comme le <b>Bingo<\/b> de Rosi &amp; Isi, des <b>consoles pour du r\u00e9tro-gaming<\/b>, des d\u00e9mos de <b>danse <\/b><b>house<\/b>, et m\u00eame une <b>chasse au tr\u00e9sor con\u00e7ue par le collectif Spectr<\/b>.<\/p>\n<p>En sus\u00a0: un<b> open platines<\/b>, et des stands de <b>d\u00e9gustation de bi\u00e8res et de vins locaux<\/b> \u2013 pour les grands enfants, cette fois. (Sans compter la carte de bi\u00e8res, vins, les cocktails \u2013 avec et sans alcool \u2013, et la petite restauration maison avec des options v\u00e9g\u00e9).<\/p>\n<p>                <img width=\"333\" height=\"500\" src=\"https:\/\/www.europesays.com\/fr\/wp-content\/uploads\/2025\/05\/dsc09778-e1715100808739-333x500.jpg\" class=\"attachment-gallery size-gallery\" alt=\"Merci Beaucoup festival\" data-full-url=\"https:\/\/pokaa.fr\/wp-content\/uploads\/2024\/05\/07\/dsc09778-e1715100808739.jpg\" decoding=\"async\" loading=\"lazy\"  \/>            <\/p>\n<p>                <img width=\"333\" height=\"500\" src=\"https:\/\/www.europesays.com\/fr\/wp-content\/uploads\/2025\/05\/dsc00272-e1715088695892-333x500.jpg\" class=\"attachment-gallery size-gallery\" alt=\"Merci beaucoup festival\" data-full-url=\"https:\/\/pokaa.fr\/wp-content\/uploads\/2024\/05\/07\/dsc00272-e1715088695892.jpg\" decoding=\"async\" loading=\"lazy\"  \/>            <\/p>\n<p>                <img width=\"333\" height=\"500\" src=\"https:\/\/www.europesays.com\/fr\/wp-content\/uploads\/2025\/05\/dsc00032-e1715088734498-333x500.jpg\" class=\"attachment-gallery size-gallery\" alt=\"Merci beaucoup festival\" data-full-url=\"https:\/\/pokaa.fr\/wp-content\/uploads\/2024\/05\/07\/dsc00032-e1715088734498.jpg\" decoding=\"async\" loading=\"lazy\"  \/>            <\/p>\n<p>                    Merci Beaucoup festival (premi\u00e8re \u00e9dition, 2023) \u00a9 Rob Zetto \/ Documents remis<\/p>\n<p>En bref, si tu ne savais pas quoi faire <b>ce week-end<\/b>, le collectif a tout pr\u00e9vu pour toi. Y a plus qu\u2019\u00e0 lui dire Merci Beaucoup.<\/p>\n<p>Allez, sur cette derni\u00e8re boutade : c\u2019est tout pour nous, ne nous remercie pas. De rien, et <b>rendez-vous aux Studios du Rhin<\/b>.<\/p>\n<p>            Merci Beaucoup Festival \u2013 3e \u00e9dition<\/p>\n<p>            Quoi ? <\/p>\n<p>Festival de musiques actuelles (DJ sets, live), animations, ateliers, d\u00e9gustations et petite restauration<\/p>\n<p>                Quand ?<\/p>\n<p>Du vendredi 23 au dimanche 25 mai (vendredi 18h \u00e0 4h, samedi 15h \u00e0 5h, dimanche 12h \u00e0 22h)<br \/>Gratuit le dimanche de 12h \u00e0 15h<\/p>\n<p>            o\u00f9 ?<\/p>\n<p>Aux Studios du Rhin<br \/>2 rue du Rhin Napol\u00e9on \u00e0 Strasbourg<\/p>\n<p>                Plus d&rsquo;infos ?<\/p>\n<p><a href=\"https:\/\/linktr.ee\/mrcbcp\" target=\"_blank\" rel=\"noopener\">Programme complet et infos<\/a><br \/><a href=\"https:\/\/www.helloasso.com\/associations\/merci-beaucoup\/evenements\/merci-beaucoup-festival-3\" target=\"_blank\" rel=\"noopener\">Billetterie<\/a><br \/><a href=\"https:\/\/fb.me\/e\/2MoT5DUUx\" target=\"_blank\" rel=\"noopener\">L\u2019\u00e9v\u00e9nement Facebook<\/a><\/p>\n","protected":false},"excerpt":{"rendered":"Depuis bient\u00f4t dix ans, les amateurs\/trices de musiques \u00e9lectroniques lui disent \u00ab\u00a0Merci Beaucoup\u00a0\u00bb. Le collectif strasbourgeois fond\u00e9 en&hellip;\n","protected":false},"author":2,"featured_media":117661,"comment_status":"","ping_status":"","sticky":false,"template":"","format":"standard","meta":{"footnotes":""},"categories":[2820],"tags":[1111,11,1697,4157,1777,674,849,1011,27,775,23828,873,12,25,640,23829,4064],"class_list":{"0":"post-117660","1":"post","2":"type-post","3":"status-publish","4":"format-standard","5":"has-post-thumbnail","7":"category-strasbourg","8":"tag-actu","9":"tag-actualites","10":"tag-concert","11":"tag-dj-sets","12":"tag-eu","13":"tag-europe","14":"tag-festival","15":"tag-fr","16":"tag-france","17":"tag-grand-est","18":"tag-merci-beaucoup","19":"tag-musique","20":"tag-news","21":"tag-republique-francaise","22":"tag-strasbourg","23":"tag-studios-du-rhin","24":"tag-week-end"},"share_on_mastodon":{"url":"https:\/\/pubeurope.com\/@fr\/114547585622595642","error":""},"_links":{"self":[{"href":"https:\/\/www.europesays.com\/fr\/wp-json\/wp\/v2\/posts\/117660","targetHints":{"allow":["GET"]}}],"collection":[{"href":"https:\/\/www.europesays.com\/fr\/wp-json\/wp\/v2\/posts"}],"about":[{"href":"https:\/\/www.europesays.com\/fr\/wp-json\/wp\/v2\/types\/post"}],"author":[{"embeddable":true,"href":"https:\/\/www.europesays.com\/fr\/wp-json\/wp\/v2\/users\/2"}],"replies":[{"embeddable":true,"href":"https:\/\/www.europesays.com\/fr\/wp-json\/wp\/v2\/comments?post=117660"}],"version-history":[{"count":0,"href":"https:\/\/www.europesays.com\/fr\/wp-json\/wp\/v2\/posts\/117660\/revisions"}],"wp:featuredmedia":[{"embeddable":true,"href":"https:\/\/www.europesays.com\/fr\/wp-json\/wp\/v2\/media\/117661"}],"wp:attachment":[{"href":"https:\/\/www.europesays.com\/fr\/wp-json\/wp\/v2\/media?parent=117660"}],"wp:term":[{"taxonomy":"category","embeddable":true,"href":"https:\/\/www.europesays.com\/fr\/wp-json\/wp\/v2\/categories?post=117660"},{"taxonomy":"post_tag","embeddable":true,"href":"https:\/\/www.europesays.com\/fr\/wp-json\/wp\/v2\/tags?post=117660"}],"curies":[{"name":"wp","href":"https:\/\/api.w.org\/{rel}","templated":true}]}}