{"id":117666,"date":"2025-05-21T19:58:18","date_gmt":"2025-05-21T19:58:18","guid":{"rendered":"https:\/\/www.europesays.com\/fr\/117666\/"},"modified":"2025-05-21T19:58:18","modified_gmt":"2025-05-21T19:58:18","slug":"nice-ils-voulaient-prendre-le-controle-de-ce-quartier-cinq-personnes-interpellees","status":"publish","type":"post","link":"https:\/\/www.europesays.com\/fr\/117666\/","title":{"rendered":"Nice. Ils voulaient prendre le contr\u00f4le de ce quartier, cinq personnes interpell\u00e9es"},"content":{"rendered":"<p>            Par<br \/>\n        <strong><br \/>\n            <a href=\"https:\/\/actu.fr\/auteur\/ugo-maillard\" title=\"Consulter tous les articles de Ugo Maillard\" rel=\"nofollow noopener\" target=\"_blank\">Ugo Maillard<\/a><br \/>\n        <\/strong><\/p>\n<p>        Publi\u00e9 le<\/p>\n<p>            21 mai 2025 \u00e0 16h08        <\/p>\n<p>Une vaste op\u00e9ration de <a href=\"https:\/\/actu.fr\/tag\/police\" rel=\"nofollow noopener\" target=\"_blank\">police<\/a> a \u00e9t\u00e9 men\u00e9e dans plusieurs d\u00e9partements fran\u00e7ais en ce mois de mai\u00a02025.<\/p>\n<p class=\" wall-content\">Dans le cadre d\u2019une enqu\u00eate ouverte par le parquet de <a href=\"https:\/\/actu.fr\/nice\/\" rel=\"nofollow noopener\" target=\"_blank\">Nice<\/a> et confi\u00e9e au service interd\u00e9partemental de police judiciaire des<a href=\"https:\/\/actu.fr\/provence-alpes-cote-d-azur\/alpes-maritimes_06\" rel=\"nofollow noopener\" target=\"_blank\"> Alpes-Maritimes<\/a>, <strong>cinq personnes ont \u00e9t\u00e9 interpell\u00e9es<\/strong>, dont quatre dans la r\u00e9gion parisienne et un cinqui\u00e8me \u00e0 Toulon (Var).<\/p>\n<p class=\" wall-content\">La fin d\u2019une longue enqu\u00eate dans le cadre d\u2019un trafic de stup\u00e9fiant sur le sud de France, en particulier d\u2019une <strong>guerre de territoire<\/strong>.<\/p>\n<p>Un secteur de Nice vis\u00e9 par des trafiquants<\/p>\n<p class=\" wall-content\">Selon des informations obtenues par les forces de l\u2019ordre, les personnes interpell\u00e9es sont soup\u00e7onn\u00e9es de s\u2019\u00eatre rendue \u00e0 Nice \u00ab\u2009afin d\u2019y commettre des actions violentes pour asseoir leur emprise sur le point de vente de produits stup\u00e9fiants dit de \u2018Fenoglio de Briga\u2019\u2009\u00bb.<\/p>\n<p>    <a href=\"https:\/\/www.google.com\/maps\/embed?pb=!1m18!1m12!1m3!1d8639.950024451347!2d7.293805264055662!3d43.72639394116576!2m3!1f0!2f0!3f0!3m2!1i1024!2i768!4f13.1!3m3!1m2!1s0x12cdc5397dca4ef9%3A0xa8f3e22455e5b674!2sRue%20Charles-Fran%C3%A7ois%20Fenoglio%20de%20Briga%2C%2006300%20Nice!5e0!3m2!1sfr!2sfr!4v1747831480528!5m2!1sfr!2sfr\" title=\"Ouvrie le lien\" rel=\"nofollow noopener\" target=\"_blank\">Cliquez ici pour visualiser le contenu<\/a><\/p>\n<p>Vid\u00e9os : en ce moment sur Actu<\/p>\n<p class=\" wall-content\">\u00ab\u2009Les enqu\u00eateurs assistaient notamment \u00e0 des tentatives d\u2019intrusion, par ces individus, sur le point de vente de stup\u00e9fiants pr\u00e9cit\u00e9 ainsi qu\u2019\u00e0 divers allers-retours entre la r\u00e9gion parisienne et le sud de la France\u2009\u00bb, poursuit le parquet de Nice.<\/p>\n<p class=\" wall-content\">Les phases d\u2019observations et d\u2019\u00e9coutes t\u00e9l\u00e9phoniques des enqu\u00eateurs ont permis de lancer une <strong>vague d\u2019interpellation le 15\u00a0mai<\/strong> 2025.<\/p>\n<p>Des personnes connues de la justice<\/p>\n<p class=\" wall-content\">Au regard des \u00e9l\u00e9ments communiqu\u00e9s par les parquets de <a href=\"https:\/\/actu.fr\/marseille\/\" rel=\"nofollow noopener\" target=\"_blank\">Marseille<\/a> et de Nice, les individus interpell\u00e9s sont connus de la justice pour violences aggrav\u00e9es et trafic de stup\u00e9fiants.<\/p>\n<p class=\" wall-content\">Il s\u2019agit de \u00ab\u2009trois hommes dont deux \u00e2g\u00e9s de 42\u00a0ans et un de 24\u00a0ans \u00e9taient originaires de l\u2019Oise et de deux hommes \u00e2g\u00e9s de 36 et 48\u00a0ans \u00e9taient originaires de Paris\u2009\u00bb, pr\u00e9cisent les magistrats.<\/p>\n<p class=\" wall-content\">Les cinq individus ont \u00e9t\u00e9 mis en examen le 19\u00a0mai et quatre d\u2019entre eux \u00e9taient <strong>plac\u00e9s en<\/strong><br \/><strong>d\u00e9tention provisoire<\/strong>.<\/p>\n<p class=\" wall-content\">Suivez toute l\u2019actualit\u00e9 de vos villes et m\u00e9dias favoris en vous inscrivant \u00e0 <a href=\"https:\/\/moncompte.actu.fr\" title=\"D\u00e9couvez Mon Actu\" rel=\"nofollow noopener\" data-trk=\"{&quot;cta&quot;:{&quot;action&quot;:&quot;https:\\\/\\\/moncompte.actu.fr&quot;,&quot;category&quot;:&quot;mon compte&quot;,&quot;from&quot;:&quot;article footer&quot;,&quot;name&quot;:&quot;Mon actu&quot;,&quot;type&quot;:&quot;cta&quot;}}\" target=\"_blank\">Mon Actu<\/a>.<\/p>\n","protected":false},"excerpt":{"rendered":"Par Ugo Maillard Publi\u00e9 le 21 mai 2025 \u00e0 16h08 Une vaste op\u00e9ration de police a \u00e9t\u00e9 men\u00e9e&hellip;\n","protected":false},"author":2,"featured_media":31155,"comment_status":"","ping_status":"","sticky":false,"template":"","format":"standard","meta":{"footnotes":""},"categories":[2819],"tags":[1111,11,1777,674,118,1011,27,303,813,12,2401,1072,882,25],"class_list":{"0":"post-117666","1":"post","2":"type-post","3":"status-publish","4":"format-standard","5":"has-post-thumbnail","7":"category-nice","8":"tag-actu","9":"tag-actualites","10":"tag-eu","11":"tag-europe","12":"tag-faits-divers","13":"tag-fr","14":"tag-france","15":"tag-justice","16":"tag-narcotrafiquants","17":"tag-news","18":"tag-nice","19":"tag-police","20":"tag-provence-alpes-cote-dazur","21":"tag-republique-francaise"},"share_on_mastodon":{"url":"https:\/\/pubeurope.com\/@fr\/114547595967658264","error":""},"_links":{"self":[{"href":"https:\/\/www.europesays.com\/fr\/wp-json\/wp\/v2\/posts\/117666","targetHints":{"allow":["GET"]}}],"collection":[{"href":"https:\/\/www.europesays.com\/fr\/wp-json\/wp\/v2\/posts"}],"about":[{"href":"https:\/\/www.europesays.com\/fr\/wp-json\/wp\/v2\/types\/post"}],"author":[{"embeddable":true,"href":"https:\/\/www.europesays.com\/fr\/wp-json\/wp\/v2\/users\/2"}],"replies":[{"embeddable":true,"href":"https:\/\/www.europesays.com\/fr\/wp-json\/wp\/v2\/comments?post=117666"}],"version-history":[{"count":0,"href":"https:\/\/www.europesays.com\/fr\/wp-json\/wp\/v2\/posts\/117666\/revisions"}],"wp:featuredmedia":[{"embeddable":true,"href":"https:\/\/www.europesays.com\/fr\/wp-json\/wp\/v2\/media\/31155"}],"wp:attachment":[{"href":"https:\/\/www.europesays.com\/fr\/wp-json\/wp\/v2\/media?parent=117666"}],"wp:term":[{"taxonomy":"category","embeddable":true,"href":"https:\/\/www.europesays.com\/fr\/wp-json\/wp\/v2\/categories?post=117666"},{"taxonomy":"post_tag","embeddable":true,"href":"https:\/\/www.europesays.com\/fr\/wp-json\/wp\/v2\/tags?post=117666"}],"curies":[{"name":"wp","href":"https:\/\/api.w.org\/{rel}","templated":true}]}}