{"id":117667,"date":"2025-05-21T19:59:10","date_gmt":"2025-05-21T19:59:10","guid":{"rendered":"https:\/\/www.europesays.com\/fr\/117667\/"},"modified":"2025-05-21T19:59:10","modified_gmt":"2025-05-21T19:59:10","slug":"somme-de-quitter-ce-patrimoine-au-bord-de-la-sevre-nantaise-ce-collectif-dartistes-lance-une-petition","status":"publish","type":"post","link":"https:\/\/www.europesays.com\/fr\/117667\/","title":{"rendered":"Somm\u00e9 de quitter ce patrimoine au bord de la S\u00e8vre nantaise, ce collectif d&rsquo;artistes lance une p\u00e9tition"},"content":{"rendered":"<p>            Par<br \/>\n        <strong><br \/>\n            <a href=\"https:\/\/actu.fr\/auteur\/laurent-fortin\" title=\"Consulter tous les articles de Laurent Fortin\" target=\"_blank\" rel=\"noopener\">Laurent Fortin<\/a><br \/>\n        <\/strong><\/p>\n<p>        Publi\u00e9 le<\/p>\n<p>            21 mai 2025 \u00e0 21h28        <\/p>\n<p>Ils avaient pr\u00e9par\u00e9 leur dossier. Et avaient \u00e9crit leurs arguments.<a href=\"https:\/\/www.facebook.com\/profile.php?id=61565492365139\" target=\"_blank\" rel=\"noopener\"> Le collectif Papier sensible<\/a> <b>attendait patiemment l\u2019appel \u00e0 projets <\/b>que devait lancer<b><a href=\"https:\/\/www.clissonsevremaine.fr\/\" target=\"_blank\" rel=\"noopener\"> la communaut\u00e9 d\u2019agglom\u00e9ration Clisson S\u00e8vre et Maine <\/a><\/b>d\u00e9but 2025 pour se porter<b> candidat \u00e0 l\u2019occupation du <a href=\"https:\/\/actu.fr\/societe\/la-renaissance-sechoir-liveau-sur-bords-sevre_27232179.html\" target=\"_blank\" rel=\"noopener\">s\u00e9choir du Liveau<\/a> <\/b>\u00e0<b> <a href=\"https:\/\/actu.fr\/pays-de-la-loire\/gorges_44064\" target=\"_blank\" rel=\"noopener\">Gorges<\/a>.<\/b><\/p>\n<p class=\" wall-content\">Un lieu, dont les 14 artistes et artisans d\u2019art qui le composent, \u00e9taient devenus locataires suite \u00e0 <a href=\"https:\/\/www.facebook.com\/lesecolores\/posts\/pfbid02wSij77bVFRyfbG4eA2ntCqVciy6vNSRhfVoKvNdAwAZgPbKB48vYyY8JhZf2uutJl?locale=fr_FR\" target=\"_blank\" rel=\"noopener\">l\u2019arr\u00eat d\u2019activit\u00e9 des Ecolor\u00e9s<\/a> :<\/p>\n<blockquote class=\"ac-article-quote wall-content\">\n<p>En fait, on \u00e9tait trois artistes \u00e0 sous-louer des espaces non-utilis\u00e9s par l\u2019association depuis 2022. Donc, quand, \u00e0 l\u2019\u00e9t\u00e9 2024, elle a quitt\u00e9 l\u2019endroit, on a fait appel \u00e0 d\u2019autres ind\u00e9pendants qui cherchaient un atelier plus confortable que leur garage ou leur table entre leur salon et leur cuisine.<\/p>\n<p>Fanny Massebiau, experte en origami, et Margot B\u00fcrki, s\u00e9rigraphe<\/p><\/blockquote>\n<p class=\" wall-content\">Elles n\u2019avaient pas eu de mal \u00e0 trouver. Constitu\u00e9 de sc\u00e9nographe, de photographes, d\u2019illustrateurs et illustratrices, d\u2019artistes plasticiennes, de s\u00e9rigraphes ou encore d\u2019autrices\u2026 <b>le groupe cochait toutes les cases pour rester<\/b> : leur travail en lien avec le papier \u00e9tait la principale, d\u2019autant que<b> le site des bords de S\u00e8vre nantaise<\/b> qui avait d\u00e9j\u00e0 vu revivre <a href=\"https:\/\/www.lemoulinapapierduliveau.com\/\" target=\"_blank\" rel=\"noopener\">le moulin voisin pour fabriquer du papier,<\/a> imprimer des feuilles et cr\u00e9er des cartes et carnets lui apportait une compl\u00e9mentarit\u00e9 naturelle. Mais en novembre dernier, le couperet tombe :<\/p>\n<blockquote class=\"ac-article-quote wall-content\">\n<p>La collectivit\u00e9 nous a finalement annonc\u00e9, sans explication et sans d\u00e9voiler de projet, que la feuille de route avait chang\u00e9 et que nous devions partir fin ao\u00fbt.<\/p>\n<\/blockquote>\n<p class=\" wall-content\">La s\u00e9rigraphe de <a href=\"https:\/\/www.facebook.com\/KrakenSerigraphie\/?locale=fr_FR\" target=\"_blank\" rel=\"noopener\">Kr\u00e4ken <\/a>qui vit depuis, cette situation, comme <b>\u00ab une v\u00e9ritable injustice \u00bb<\/b>. Depuis, l\u2019agglom\u00e9ration a indiqu\u00e9 qu\u2019elle voulait r\u00e9cup\u00e9rer son b\u00e2timent, <b>dont la r\u00e9habilitation a avoisin\u00e9 les 600 000 euros en 2017<\/b>, pour <a href=\"https:\/\/actu.fr\/pays-de-la-loire\/gorges_44064\/cet-ancien-sechoir-des-bords-de-sevre-nantaise-a-trouve-un-avenir_62545972.html\" target=\"_blank\" rel=\"noopener\">d\u00e9velopper un tourisme d\u2019affaires<\/a>, principalement gr\u00e2ce \u00e0 des s\u00e9minaires et <b>ne plus l\u2019affecter \u00e0 un p\u00f4le artistique et de loisirs<\/b>, comme c\u2019\u00e9tait pr\u00e9vu initialement.<\/p>\n<p>\u00ab Jamais pu \u00e9changer sur notre projet \u00bb<\/p>\n<blockquote class=\"ac-article-quote wall-content\">\n<p>Le plus d\u00e9solant dans cette histoire, c\u2019est qu\u2019on n\u2019a jamais pu d\u00e9fendre notre projet. Expliquer v\u00e9ritablement, ce qu\u2019on faisait. Simplement \u00e9changer. Plusieurs ont, gr\u00e2ce \u00e0 ce lieu, pu constater que leur activit\u00e9 \u00e9tait boost\u00e9e. M\u00eame sur quelques mois. Parce que le r\u00e9seau, le d\u00e9barras de contingences logistiques et mat\u00e9rielles nous aide \u00e0 nous concentrer sur notre activit\u00e9.<\/p>\n<p>Fanny Trichet, photographe.<\/p><\/blockquote>\n<blockquote class=\"ac-article-quote wall-content\">\n<p>Loin de nous l\u2019id\u00e9e de vouloir nous accaparer ce b\u00e2timent public. D\u2019ailleurs, il est peut-\u00eatre possible de le partager. L\u2019activit\u00e9 pr\u00e9vue est peut-\u00eatre compatible avec les n\u00f4tres. A l\u2019heure o\u00f9 tout le monde vante le vivre ensemble, se r\u00e9unir aurait plus de coh\u00e9rence que de se diviser. Pour cela, il faut pouvoir \u00e9changer\u00a0<\/p>\n<p>Amandine Peyresoubes, sc\u00e9nographe, et Lucie Castel, autrice de bande-dessin\u00e9e.<\/p><\/blockquote>\n<p class=\" wall-content\">Pour le collectif, l<b>\u2018occupation de ce patrimoine du d\u00e9but du XIXe si\u00e8cle \u00ab fait sens \u00bb. <\/b><\/p>\n<blockquote class=\"ac-article-quote wall-content\">\n<p>Il y a une v\u00e9ritable coh\u00e9rence avec le moulin voisin, soutenu par l\u2019agglom\u00e9ration, avec qui nous pouvons mettre des synergies en place. Nous avons \u00e9galement commenc\u00e9 un travail avec le mus\u00e9e du Vignoble nantais, le conseil d\u00e9partemental et le Voyage \u00e0 Nantes qui pourraient devenir des partenaires plus importants. Notre r\u00f4le touristique semble ind\u00e9niable, car, tr\u00e8s r\u00e9guli\u00e8rement, des promeneurs poussent notre porte, int\u00e9ress\u00e9s par ce qu\u2019on fait sans m\u00eame qu\u2019il n\u2019y ait d\u2019exposition. De m\u00eame, lors de nos ouvertures pour le march\u00e9 de No\u00ebl, les Journ\u00e9es du patrimoine et des m\u00e9tiers d\u2019art, nous avons re\u00e7u des centaines de visiteurs. Sans oublier, notre r\u00f4le qui pourrait \u00eatre p\u00e9dagogique.<\/p>\n<p>Les membres de Papier sensible<\/p><\/blockquote>\n<p class=\" wall-content\">Ils d\u00e9ploreraient \u00ab une fermeture compl\u00e8te du site au public, avec cette orientation \u00bb.<\/p>\n<p>Un enjeu \u00e9conomique aussi<\/p>\n<p class=\" wall-content\">M\u00eame si le temps est compt\u00e9,<b> ils veulent encore croire en la possibilit\u00e9 de convaincre leur propri\u00e9taire<\/b>. D\u2019autant qu\u2019elles estiment avoir des soutiens, dont Vincent Magr\u00e9, vice-pr\u00e9sident en charge de la culture, au sein de l\u2019agglom\u00e9ration : \u00ab apr\u00e8s, il y a <b>le courage politique.<\/b>.. \u00bb indique le groupe.<\/p>\n<p class=\" wall-content\">Echaud\u00e9e par l\u2019issue des Ecolor\u00e9s qui n\u2019a jamais trouv\u00e9 ses marques, l\u2019agglom\u00e9ration a indiqu\u00e9 \u00ab <b>vouloir assurer un \u00e9quilibre financier pour ce site, <\/b>alors que les recettes\u00a0li\u00e9es aux loyers n\u2019ont jamais permis de combler leurs charges \u00bb. Un tarif que les artistes locataires assurent \u00eatre pr\u00eats \u00e0 revoir.<\/p>\n<blockquote class=\"ac-article-quote wall-content\">\n<p>Il y a \u00e9galement un vrai enjeu \u00e9conomique. Nous sommes 14 professionnels. Donc 14 emplois. Sans cet atelier partag\u00e9, qui sont tr\u00e8s difficiles \u00e0 trouver sur le territoire, nos activit\u00e9s seront, \u00e0 d\u00e9faut d\u2019\u00eatre menac\u00e9es, affaiblies. Or, nous avons cru comprendre que la collectivit\u00e9 d\u00e9fendait l\u2019entrepreneuriat. On esp\u00e8re \u00eatre consid\u00e9r\u00e9 de la m\u00eame mani\u00e8re que d\u2019autres activit\u00e9s.<\/p>\n<p>Karine van Amerigen, cin\u00e9aste.<\/p><\/blockquote>\n<p class=\" wall-content\">Une consid\u00e9ration qui a, pour l\u2019instant, fait d\u00e9faut, selon Margot B\u00fcrki.<\/p>\n<blockquote class=\"ac-article-quote wall-content\">\n<p>Quand on invite les 16 maires et leur adjoint \u00e0 la culture et que 4 personnes se d\u00e9placent, cela nous interroge sur la volont\u00e9 de dialogue. Quand on nous dit \u00a0\u00bbce n\u2019est qu\u2019une mauvaise passe\u00a0\u00bb ou que \u00ab\u00a06\u00a0mois de plus ou de moins, ce n\u2019est pas ce qui va changer\u00a0\u00bb, c\u2019est mal conna\u00eetre la fragilit\u00e9 de nos structures.\u00a0\u00a0<\/p>\n<p>La Clissonnaise.<\/p><\/blockquote>\n<p class=\" wall-content\"><a href=\"https:\/\/www.mesopinions.com\/petition\/art-culture\/sechoir-liveau-garantir-perennite-projet-culturel\/242131?fbclid=IwY2xjawKbCCNleHRuA2FlbQIxMQBicmlkETBrbEluSmJSdDNLUTRMVzFkAR4gZOooG0ID4Cx_IYxossseZhfmwzgR6Bv-a2koeR9wi_rHgBzrawZrlB_2Lg_aem_ZJZOWH8slbrzy3HMymF-Ng\" target=\"_blank\" rel=\"noopener\">Une p\u00e9tition a donc \u00e9t\u00e9 mise en ligne <\/a>pour apporter un peu plus de cr\u00e9dit \u00e0 leurs arguments. Pr\u00e8s de 830 signatures avaient \u00e9t\u00e9 collect\u00e9es en d\u00e9but de semaine.<\/p>\n<p>P\u00e9tition Papier sensible : https:\/\/www.mesopinions.com\/petition\/art-culture\/sechoir-liveau-garantir-perennite-projet-culturel\/242131<\/p>\n<p class=\" wall-content\">Suivez toute l\u2019actualit\u00e9 de vos villes et m\u00e9dias favoris en vous inscrivant \u00e0 <a href=\"https:\/\/moncompte.actu.fr\" title=\"D\u00e9couvez Mon Actu\" rel=\"nofollow noopener\" data-trk=\"{&quot;cta&quot;:{&quot;action&quot;:&quot;https:\\\/\\\/moncompte.actu.fr&quot;,&quot;category&quot;:&quot;mon compte&quot;,&quot;from&quot;:&quot;article footer&quot;,&quot;name&quot;:&quot;Mon actu&quot;,&quot;type&quot;:&quot;cta&quot;}}\" target=\"_blank\">Mon Actu<\/a>.<\/p>\n","protected":false},"excerpt":{"rendered":"Par Laurent Fortin Publi\u00e9 le 21 mai 2025 \u00e0 21h28 Ils avaient pr\u00e9par\u00e9 leur dossier. Et avaient \u00e9crit&hellip;\n","protected":false},"author":2,"featured_media":117668,"comment_status":"","ping_status":"","sticky":false,"template":"","format":"standard","meta":{"footnotes":""},"categories":[2818],"tags":[1111,11,1477,1777,674,1011,27,766,12,2551,2636,25,104,2900],"class_list":{"0":"post-117667","1":"post","2":"type-post","3":"status-publish","4":"format-standard","5":"has-post-thumbnail","7":"category-nantes","8":"tag-actu","9":"tag-actualites","10":"tag-artisanat","11":"tag-eu","12":"tag-europe","13":"tag-fr","14":"tag-france","15":"tag-nantes","16":"tag-news","17":"tag-patrimoine","18":"tag-pays-de-la-loire","19":"tag-republique-francaise","20":"tag-societe","21":"tag-vignoble-nantais"},"share_on_mastodon":{"url":"https:\/\/pubeurope.com\/@fr\/114547599809863026","error":""},"_links":{"self":[{"href":"https:\/\/www.europesays.com\/fr\/wp-json\/wp\/v2\/posts\/117667","targetHints":{"allow":["GET"]}}],"collection":[{"href":"https:\/\/www.europesays.com\/fr\/wp-json\/wp\/v2\/posts"}],"about":[{"href":"https:\/\/www.europesays.com\/fr\/wp-json\/wp\/v2\/types\/post"}],"author":[{"embeddable":true,"href":"https:\/\/www.europesays.com\/fr\/wp-json\/wp\/v2\/users\/2"}],"replies":[{"embeddable":true,"href":"https:\/\/www.europesays.com\/fr\/wp-json\/wp\/v2\/comments?post=117667"}],"version-history":[{"count":0,"href":"https:\/\/www.europesays.com\/fr\/wp-json\/wp\/v2\/posts\/117667\/revisions"}],"wp:featuredmedia":[{"embeddable":true,"href":"https:\/\/www.europesays.com\/fr\/wp-json\/wp\/v2\/media\/117668"}],"wp:attachment":[{"href":"https:\/\/www.europesays.com\/fr\/wp-json\/wp\/v2\/media?parent=117667"}],"wp:term":[{"taxonomy":"category","embeddable":true,"href":"https:\/\/www.europesays.com\/fr\/wp-json\/wp\/v2\/categories?post=117667"},{"taxonomy":"post_tag","embeddable":true,"href":"https:\/\/www.europesays.com\/fr\/wp-json\/wp\/v2\/tags?post=117667"}],"curies":[{"name":"wp","href":"https:\/\/api.w.org\/{rel}","templated":true}]}}