{"id":117669,"date":"2025-05-21T20:00:10","date_gmt":"2025-05-21T20:00:10","guid":{"rendered":"https:\/\/www.europesays.com\/fr\/117669\/"},"modified":"2025-05-21T20:00:10","modified_gmt":"2025-05-21T20:00:10","slug":"le-tribunal-administratif-refuse-levacuation-dun-couple-de-guineens","status":"publish","type":"post","link":"https:\/\/www.europesays.com\/fr\/117669\/","title":{"rendered":"le tribunal administratif refuse l&rsquo;\u00e9vacuation d&rsquo;un couple de Guin\u00e9ens"},"content":{"rendered":"<p style=\"text-align: justify;\">Le Tribunal administratif de Nantes a rendu une d\u00e9cision refusant l\u2019\u00e9vacuation d\u2019un couple de ressortissants guin\u00e9ens occupant ill\u00e9galement un logement dans la ville. Cette affaire met en lumi\u00e8re les complexit\u00e9s juridiques entourant les proc\u00e9dures d\u2019expulsion des squatters en France.<\/p>\n<p style=\"text-align: justify;\">L\u2019\u00c9tat avait sollicit\u00e9 l\u2019\u00e9vacuation du couple, invoquant la proc\u00e9dure d\u2019\u00e9vacuation administrative pr\u00e9vue par la loi ASAP (Acc\u00e9l\u00e9ration et Simplification de l\u2019Action Publique) du 7 d\u00e9cembre 2020. Cette loi permet aux propri\u00e9taires ou aux autorit\u00e9s comp\u00e9tentes de demander au pr\u00e9fet d\u2019expulser des occupants ill\u00e9gaux sous certaines conditions strictes.<\/p>\n<p style=\"text-align: justify;\">Cependant, le tribunal a rejet\u00e9 cette demande, estimant que les crit\u00e8res l\u00e9gaux n\u2019\u00e9taient pas remplis ou que d\u2019autres \u00e9l\u00e9ments juridiques justifiaient de ne pas ordonner l\u2019expulsion.<\/p>\n<p><strong>Les conditions de la proc\u00e9dure d\u2019\u00e9vacuation administrative<\/strong><\/p>\n<p style=\"text-align: justify;\">Pour qu\u2019une expulsion soit prononc\u00e9e dans le cadre de cette proc\u00e9dure, plusieurs conditions doivent \u00eatre r\u00e9unies :<\/p>\n<ol style=\"text-align: justify;\">\n<li><strong>Preuve de la propri\u00e9t\u00e9 ou du droit d\u2019occupation<\/strong>\u00a0: Le demandeur doit d\u00e9montrer que le logement squatt\u00e9 constitue son domicile.<\/li>\n<li><strong>Constat d\u2019occupation illicite<\/strong>\u00a0: Un officier de police judiciaire doit \u00e9tablir un proc\u00e8s-verbal confirmant l\u2019occupation ill\u00e9gale.<\/li>\n<li><strong>Absence de tr\u00eave hivernale<\/strong>\u00a0: L\u2019expulsion ne peut \u00eatre effectu\u00e9e pendant la p\u00e9riode de tr\u00eave hivernale (g\u00e9n\u00e9ralement du 1er novembre au 31 mars), sauf exceptions.<\/li>\n<\/ol>\n<p style=\"text-align: justify;\">Dans cette affaire, il semble que le tribunal ait consid\u00e9r\u00e9 que l\u2019une ou plusieurs de ces conditions n\u2019\u00e9taient pas satisfaites, ou que des circonstances particuli\u00e8res (situation personnelle des occupants, vice de proc\u00e9dure, etc.) rendaient l\u2019expulsion disproportionn\u00e9e.<\/p>\n<p style=\"text-align: justify;\">Cette d\u00e9cision relance le d\u00e9bat sur l\u2019efficacit\u00e9 des dispositifs l\u00e9gaux face \u00e0 l\u2019occupation ill\u00e9gale de logements. Certains y voient une protection n\u00e9cessaire contre les expulsions abusives, tandis que d\u2019autres d\u00e9noncent une insuffisance des moyens pour lutter contre les squats.<\/p>\n<p style=\"text-align: justify;\">Le couple concern\u00e9 reste donc en place, mais cette affaire pourrait servir de jurisprudence pour des cas similaires \u00e0 l\u2019avenir.<\/p>\n<p style=\"text-align: justify;\">Cr\u00e9dit photo\u00a0 : Cour administrative d\u2019appel de Nantes. Pymouss\/Wikimedia (cc)<br \/>[cc] Breizh-info.com, 2025, d\u00e9p\u00eaches libres de copie et de diffusion sous r\u00e9serve de mention et de lien vers la source d\u2019origine<\/p>\n","protected":false},"excerpt":{"rendered":"Le Tribunal administratif de Nantes a rendu une d\u00e9cision refusant l\u2019\u00e9vacuation d\u2019un couple de ressortissants guin\u00e9ens occupant ill\u00e9galement&hellip;\n","protected":false},"author":2,"featured_media":117670,"comment_status":"","ping_status":"","sticky":false,"template":"","format":"standard","meta":{"footnotes":""},"categories":[2818],"tags":[1111,11,1777,674,1011,27,766,12,2636,25,5221],"class_list":{"0":"post-117669","1":"post","2":"type-post","3":"status-publish","4":"format-standard","5":"has-post-thumbnail","7":"category-nantes","8":"tag-actu","9":"tag-actualites","10":"tag-eu","11":"tag-europe","12":"tag-fr","13":"tag-france","14":"tag-nantes","15":"tag-news","16":"tag-pays-de-la-loire","17":"tag-republique-francaise","18":"tag-squat"},"share_on_mastodon":{"url":"https:\/\/pubeurope.com\/@fr\/114547603758991249","error":""},"_links":{"self":[{"href":"https:\/\/www.europesays.com\/fr\/wp-json\/wp\/v2\/posts\/117669","targetHints":{"allow":["GET"]}}],"collection":[{"href":"https:\/\/www.europesays.com\/fr\/wp-json\/wp\/v2\/posts"}],"about":[{"href":"https:\/\/www.europesays.com\/fr\/wp-json\/wp\/v2\/types\/post"}],"author":[{"embeddable":true,"href":"https:\/\/www.europesays.com\/fr\/wp-json\/wp\/v2\/users\/2"}],"replies":[{"embeddable":true,"href":"https:\/\/www.europesays.com\/fr\/wp-json\/wp\/v2\/comments?post=117669"}],"version-history":[{"count":0,"href":"https:\/\/www.europesays.com\/fr\/wp-json\/wp\/v2\/posts\/117669\/revisions"}],"wp:featuredmedia":[{"embeddable":true,"href":"https:\/\/www.europesays.com\/fr\/wp-json\/wp\/v2\/media\/117670"}],"wp:attachment":[{"href":"https:\/\/www.europesays.com\/fr\/wp-json\/wp\/v2\/media?parent=117669"}],"wp:term":[{"taxonomy":"category","embeddable":true,"href":"https:\/\/www.europesays.com\/fr\/wp-json\/wp\/v2\/categories?post=117669"},{"taxonomy":"post_tag","embeddable":true,"href":"https:\/\/www.europesays.com\/fr\/wp-json\/wp\/v2\/tags?post=117669"}],"curies":[{"name":"wp","href":"https:\/\/api.w.org\/{rel}","templated":true}]}}