{"id":117690,"date":"2025-05-21T20:11:07","date_gmt":"2025-05-21T20:11:07","guid":{"rendered":"https:\/\/www.europesays.com\/fr\/117690\/"},"modified":"2025-05-21T20:11:07","modified_gmt":"2025-05-21T20:11:07","slug":"taxis-en-colere-les-conducteurs-poursuivent-leur-mobilisation-le-peripherique-parisien-perturbe","status":"publish","type":"post","link":"https:\/\/www.europesays.com\/fr\/117690\/","title":{"rendered":"Taxis en col\u00e8re\u00a0: les conducteurs poursuivent leur mobilisation, le p\u00e9riph\u00e9rique parisien perturb\u00e9"},"content":{"rendered":"<p>20:03<\/p>\n<p>Rebelote demain \u00a0?<\/p>\n<p>Les taxis ont poursuivi leur mobilisation ce mercredi et pourraient de nouveau manifester demain. C&rsquo;est la fin de ce direct. Merci de l&rsquo;avoir suivi et bonne soir\u00e9e !<\/p>\n<p>18:41<\/p>\n<p>Le cumul de bouchons diminue tr\u00e8s l\u00e9g\u00e8rement\u00a0<\/p>\n<p>Moins d&rsquo;une heure apr\u00e8s un pic \u00e0 500 kilom\u00e8tres d&#8217;embouteillages, le cumul de bouchons est redescendu \u00e0 460 kilom\u00e8tres, une l\u00e9g\u00e8re baisse, selon Sytadin.\u00a0<\/p>\n<p>17:46<\/p>\n<p>500 km de bouchons<\/p>\n<p>Peu avant 18 heures, Sytadin compte d\u00e9j\u00e0 501 kilom\u00e8tres d&#8217;embouteillages en \u00cele-de-France, une mesure bien sup\u00e9rieure \u00e0 la moyenne maximale, selon le site. Une bonne partie du p\u00e9riph\u00e9rique parisien ainsi que la petite couronne sont concern\u00e9s par des ralentissements, \u00e0 l&rsquo;exception de l&rsquo;ouest de la capitale.<\/p>\n<p>17:42<\/p>\n<p>Uber d\u00e9nonce des violences commises contre ses chauffeurs<\/p>\n<p>\u00ab Ces derniers jours, plusieurs VTC et taxis r\u00e9alisant leur activit\u00e9 sur Uber ont \u00e9t\u00e9 bless\u00e9s dans des \u00e9chauffour\u00e9es et de nombreux autres sont la cible d\u2019un harc\u00e8lement intol\u00e9rable de la part d\u2019une minorit\u00e9 \u00bb, d\u00e9nonce la directrice g\u00e9n\u00e9rale d&rsquo;Uber France, Laureline Serieys, dans un communiqu\u00e9.<\/p>\n<p><img decoding=\"async\" src=\"https:\/\/www.europesays.com\/fr\/wp-content\/uploads\/2025\/05\/K5RIR5GEMRCZFE4PIZQH6OA6BQ.jpg\"\/>LP\/Arnaud Journois<\/p>\n<p>\u00ab Tout en r\u00e9affirmant notre attachement au droit constitutionnel de manifester, nous attirons l\u2019attention du Ministre des Transports sur ces agissements et violences r\u00e9p\u00e9t\u00e9es. Les r\u00e9glementations VTC et taxi sont claires, et chacun doit pouvoir exercer son activit\u00e9 sereinement dans le respect de la loi sans \u00eatre la cible d\u2019intimidations. Nous appelons \u00e0 une d\u00e9sescalade des tensions et au respect de la libert\u00e9 de chacun. Nous apportons tout notre soutien aux chauffeurs bless\u00e9s et sommes en contact direct avec eux. Nous mettons \u00e0 leur disposition une assistance juridique et psychologique prise en charge \u00e0 100% par Uber \u00bb, poursuit-elle.<\/p>\n<p>17:34<\/p>\n<p>461 km de bouchons<\/p>\n<p>La barre des 450 kilom\u00e8tres de bouchons en \u00cele-de-France a \u00e9t\u00e9 pass\u00e9e peu apr\u00e8s 17 heures, une donn\u00e9e bien sup\u00e9rieure aux moyennes habituelles, selon les donn\u00e9es de Sytadin, le site web d&rsquo;information routi\u00e8re de la direction r\u00e9gionale et interd\u00e9partementale de l&rsquo;\u00c9quipement et de l&rsquo;Am\u00e9nagement d&rsquo;\u00cele-de-France.<\/p>\n<p>17:32<\/p>\n<p>Vos questions, nos r\u00e9ponses<\/p>\n<p>Bonjour, Les gr\u00e8ves impactent-elles la circulation dans le sens porte de la chapelle \u00e0 l\u2019a\u00e9roport de Roissy ? MerciHBN<\/p>\n<p>Bonjour HBN. A ce stade, la circulation entre porte de la Chapelle et l&rsquo;a\u00e9roport de Roissy, sur l&rsquo;A1 au nord de Paris, n&rsquo;est plus perturb\u00e9e, \u00e0 en croire la carte en temps r\u00e9el de Sytadin, le service de suivi de la circulation dans la r\u00e9gion. En revanche, un ralentissement est constat\u00e9 dans le sens inverse, entre Le Bourget et Paris &#8211; probablement aggrav\u00e9 par la panne d&rsquo;un poids lourd.<\/p>\n<p>17:19<\/p>\n<p>Plus de 400 kilom\u00e8tres d&#8217;embouteillages<\/p>\n<p>La barre des 400 kilom\u00e8tres de bouchons vient d&rsquo;\u00eatre pass\u00e9e en \u00cele-de-France, avec un cumul de 402 km enregistr\u00e9 \u00e0 17h16 par <a href=\"https:\/\/www.sytadin.fr\/sys\/barometre_bouchon.jsp.html\" target=\"_blank\" rel=\"nofollow noopener\">Sytadin<\/a>.<\/p>\n<p>17:15<\/p>\n<p>Vos questions, nos r\u00e9ponses<\/p>\n<p>Bonjour, Est-ce qu&rsquo;il y a des chances pour que tout s&rsquo;arr\u00eate d\u00e8s ce soir ? MerciSK<\/p>\n<p>Non SK, il va aussi falloir s&rsquo;attendre \u00e0 des mobilisations pour la journ\u00e9e de demain. La pr\u00e9fecture de police de Paris indique <a href=\"https:\/\/www.prefecturedepolice.interieur.gouv.fr\/sites\/default\/files\/Documents\/arrete_2025-00618-mention_signe.pdf\" target=\"_blank\" rel=\"nofollow noopener\">dans un arr\u00eat\u00e9<\/a> que des d\u00e9clarations de manifestations de taxis ont \u00e9t\u00e9 enregistr\u00e9es pour les 20, 21 et 22 mai. Soit ce mardi, ce mercredi\u2026 Et demain, ce jeudi.<\/p>\n<p>17:02<\/p>\n<p>366 kilom\u00e8tres de bouchons en \u00cele-de-France<\/p>\n<p>Heure de pointe oblige, les embouteillages s&rsquo;accumulent en \u00cele-de-France, avec 366 kilom\u00e8tres de bouchons comptabilis\u00e9s dans la r\u00e9gion. Le trafic est ralenti sur le p\u00e9riph\u00e9rique parisien, ainsi qu&rsquo;en petite couronne dans le nord, l&rsquo;est et le sud de la capitale.<\/p>\n<p>17:00<\/p>\n<p>Vos questions, nos r\u00e9ponses<\/p>\n<p>Des perturbations du c\u00f4t\u00e9 de l&rsquo;a\u00e9roport de Orly ?GB<\/p>\n<p>Oui GB, des perturbations sont signal\u00e9es sur l&rsquo;A6b au nord d&rsquo;Orly, en direction de la province. A noter \u00e9galement que la circulation est compliqu\u00e9e entre Thiais et Antony sur l&rsquo;A86 (non loin d&rsquo;Orly donc), dans les deux sens.<\/p>\n<p>16:47<\/p>\n<p>315 kilom\u00e8tres d&#8217;embouteillages<\/p>\n<p>Alors que l&rsquo;heure de pointe approche, ce sont 315 kilom\u00e8tres de bouchons qui sont d\u00e9sormais d\u00e9compt\u00e9s dans l&rsquo;\u00cele-de-France.<\/p>\n<p>16:40<\/p>\n<p>Ralentissements en cours sur le p\u00e9riph\u00e9rique parisien<\/p>\n<p>16:36<\/p>\n<p>290 kilom\u00e8tres de bouchons<\/p>\n<p>Sytadin compte d\u00e9sormais 289 km de bouchons dans la r\u00e9gion parisienne. Un niveau toujours tr\u00e8s \u00e9lev\u00e9 compar\u00e9 \u00e0 la normale \u00e0 la m\u00eame heure.<\/p>\n<p>16:18<\/p>\n<p>Circulation toujours difficile sur l&rsquo;A1<\/p>\n<p>La circulation reste difficile sur l&rsquo;A1 entre Roissy et Porte de la Chapelle sur 15 kilom\u00e8tres, indique encore Sytadin \u00e0 16h12. Il faut environ 1h15 pour parcourir 15 kilom\u00e8tres, contre 16 minutes habituellement.<\/p>\n<p>16:13<\/p>\n<p>Pourquoi les taxis sont-ils mobilis\u00e9s ?<\/p>\n<p>15:46<\/p>\n<p>Les perturbations continuent sur l&rsquo;A1 au niveau de Saint-Denis<\/p>\n<p>A 15h24, Sytadin indique que la manifestation lanc\u00e9e dans la matin\u00e9e sur l&rsquo;A1 vers Paris, au niveau de Saint-Denis, se poursuit.<\/p>\n<p>15:44<\/p>\n<p>230 kilom\u00e8tres de bouchons en cumul\u00e9<\/p>\n<p>Le cumul de bouchons s&rsquo;\u00e9l\u00e8ve d\u00e9sormais \u00e0 230 kilom\u00e8tres, un niveau au-del\u00e0 des mesures exceptionnelles faites par la Direction des routes \u00cele de France.<\/p>\n<p>15:39<\/p>\n<p>L&rsquo;A86 \u00e9galement touch\u00e9e<\/p>\n<p>Une manifestation est aussi en cours sur l&rsquo;axe ext\u00e9rieur de l&rsquo;A86 entre Choisy-le-Roi, non loin de l&rsquo;a\u00e9roport d&rsquo;Orly, et le carrefour Pompadour de Cr\u00e9teil. Une voie est neutralis\u00e9e en cons\u00e9quence.<\/p>\n<p>15:24<\/p>\n<p>Plus de 200 kilom\u00e8tres de bouchons en \u00cele-de-France \u00e0 15 heures<\/p>\n<p>A 15h16, la direction des routes d&rsquo;\u00cele-de-France comptait un total de 205 kilom\u00e8tres de bouchons dans la r\u00e9gion. Un cumul \u00ab exceptionnel \u00bb selon les statistiques du service, qui d\u00e9nombre une centaine de kilom\u00e8tres de bouchons \u00e0 la m\u00eame heure en temps normal.<\/p>\n<p>15:21<\/p>\n<p>Le contr\u00f4le des VTC bient\u00f4t renforc\u00e9<\/p>\n<p>Le minist\u00e8re des Transports a propos\u00e9 un contr\u00f4le renforc\u00e9 des VTC pour r\u00e9pondre \u00e0 la col\u00e8re des taxis. Le minist\u00e8re propose de demander aux pr\u00e9fets un \u00ab\u00a0renforcement des contr\u00f4les contre la fraude visant notamment l\u2019exercice ill\u00e9gal d\u2019activit\u00e9, les maraudes et les racolages ill\u00e9gaux\u00a0\u00bb, a pr\u00e9cis\u00e9 le minist\u00e8re dans un communiqu\u00e9. Ces contr\u00f4les renforc\u00e9s s\u2019appuieront notamment sur \u00ab\u00a0l\u2019exp\u00e9rimentation en cours depuis avril de nouvelles amendes forfaitaires d\u00e9lictuelles (jusqu\u2019\u00e0 1\u00a0000\u00a0euros), qui permettent de simplifier et d\u2019acc\u00e9l\u00e9rer les sanctions contre les fraudeurs\u00a0\u00bb, pr\u00e9cise le minist\u00e8re.<\/p>\n<p>15:06<\/p>\n<p>Des perturbations sur des bus \u00e0 Versailles<\/p>\n<p>En fin de matin\u00e9e, la manifestation bloquant l&rsquo;A12 a aussi entra\u00een\u00e9 des retards sur les lignes de bus du Grand Versailles, notamment celles passant par Plaisir, Le Bois d&rsquo;Arcy, Fontenay, et Saint-Cyr l&rsquo;Ecole.<\/p>\n<blockquote class=\"twitter-tweet\" align=\"center\">\n<p lang=\"fr\" dir=\"ltr\">\ud83d\ude8d <a href=\"https:\/\/twitter.com\/hashtag\/InfoTrafic?src=hash&amp;ref_src=twsrc%5Etfw\" rel=\"nofollow noopener\" target=\"_blank\">#InfoTrafic<\/a> <a href=\"https:\/\/twitter.com\/hashtag\/Manifestation?src=hash&amp;ref_src=twsrc%5Etfw\" rel=\"nofollow noopener\" target=\"_blank\">#Manifestation<\/a> A12<br \/>\ud83d\uddd3\ufe0f Mercredi 21 mai 2025 &#8211; 10h45<br \/>Manifestation bloquant l&rsquo;autoroute A12<br \/>\u274cRetards sur nos lignes du secteur de Plaisir\/Bois d&rsquo;Arcy\/Fontenay\/St Cyr l&rsquo;\u00e9cole<\/p>\n<p>\u2014 Bus Grand Versailles (@Versailles_IDFM) <a href=\"https:\/\/twitter.com\/Versailles_IDFM\/status\/1925112143877116258?ref_src=twsrc%5Etfw\" rel=\"nofollow noopener\" target=\"_blank\">May 21, 2025<\/a><\/p><\/blockquote>\n<p>14:57<\/p>\n<p>\u00ab Circulation difficile \u00bb au nord de Paris<\/p>\n<p>La circulation est aussi \u00ab difficile \u00bb sur l&rsquo;A1 entre Aulnay-Garonor et la porte de la Chapelle, indique le service <a href=\"https:\/\/www.sytadin.fr\/sys\/alert_reseau.jsp.html#574611\" target=\"_blank\" rel=\"nofollow noopener\">Sytadin<\/a>. Pour parcourir 11 kilom\u00e8tres, il faut actuellement 55 minutes, contre 14 minutes habituellement.<\/p>\n<p>14:49<\/p>\n<p>Presque 200 kilom\u00e8tres d&#8217;embouteillages<\/p>\n<p>183 kilom\u00e8tres d&#8217;embouteillage sont actuellement enregistr\u00e9s en \u00cele-de-France, selon les donn\u00e9es de Sytadin. Ils sont \u00e0 un niveau \u00ab exceptionnel \u00bb, selon cet observatoire de la circulation en \u00cele-de-France.<\/p>\n<p>14:49<\/p>\n<p>Des acc\u00e8s bloqu\u00e9s \u00e0 l&rsquo;a\u00e9roport de Roissy-Charles de Gaulle<\/p>\n<p>Une partie de l\u2019autoroute A1, qui dessert le nord de Paris et permet d\u2019acc\u00e9der \u00e0 l\u2019a\u00e9roport de Roissy-Charles de Gaulle, est bloqu\u00e9e selon des images diffus\u00e9es sur les r\u00e9seaux sociaux.<\/p>\n<blockquote class=\"twitter-tweet\" align=\"center\">\n<p lang=\"fr\" dir=\"ltr\">Gr\u00e8ve des taxis : des acc\u00e8s \u00e0 l\u2019a\u00e9roport de Paris Roissy-Charles-de-Gaulle restent bloqu\u00e9s. Des voyageurs terminent le trajet \u00e0 pied, valises \u00e0 la main. <a href=\"https:\/\/t.co\/OLh7IRBH31\" rel=\"nofollow\">pic.twitter.com\/OLh7IRBH31<\/a><\/p>\n<p>\u2014 CLPRESS \/ Agence de presse (@CLPRESSFR) <a href=\"https:\/\/twitter.com\/CLPRESSFR\/status\/1925130993079320619?ref_src=twsrc%5Etfw\" rel=\"nofollow noopener\" target=\"_blank\">May 21, 2025<\/a><\/p><\/blockquote>\n<p>14:49<\/p>\n<p><script async src=\"https:\/\/platform.twitter.com\/widgets.js\" charset=\"utf-8\"><\/script><\/p>\n","protected":false},"excerpt":{"rendered":"20:03 Rebelote demain \u00a0? Les taxis ont poursuivi leur mobilisation ce mercredi et pourraient de nouveau manifester demain.&hellip;\n","protected":false},"author":2,"featured_media":117691,"comment_status":"","ping_status":"","sticky":false,"template":"","format":"standard","meta":{"footnotes":""},"categories":[1592],"tags":[1111,11,34,1777,674,1011,27,1227,662,12,626,9024,25,2803],"class_list":{"0":"post-117690","1":"post","2":"type-post","3":"status-publish","4":"format-standard","5":"has-post-thumbnail","7":"category-ile-de-france","8":"tag-actu","9":"tag-actualites","10":"tag-economy","11":"tag-eu","12":"tag-europe","13":"tag-fr","14":"tag-france","15":"tag-horizontal","16":"tag-ile-de-france","17":"tag-news","18":"tag-paris","19":"tag-politics","20":"tag-republique-francaise","21":"tag-transport"},"share_on_mastodon":{"url":"https:\/\/pubeurope.com\/@fr\/114547647040953011","error":""},"_links":{"self":[{"href":"https:\/\/www.europesays.com\/fr\/wp-json\/wp\/v2\/posts\/117690","targetHints":{"allow":["GET"]}}],"collection":[{"href":"https:\/\/www.europesays.com\/fr\/wp-json\/wp\/v2\/posts"}],"about":[{"href":"https:\/\/www.europesays.com\/fr\/wp-json\/wp\/v2\/types\/post"}],"author":[{"embeddable":true,"href":"https:\/\/www.europesays.com\/fr\/wp-json\/wp\/v2\/users\/2"}],"replies":[{"embeddable":true,"href":"https:\/\/www.europesays.com\/fr\/wp-json\/wp\/v2\/comments?post=117690"}],"version-history":[{"count":0,"href":"https:\/\/www.europesays.com\/fr\/wp-json\/wp\/v2\/posts\/117690\/revisions"}],"wp:featuredmedia":[{"embeddable":true,"href":"https:\/\/www.europesays.com\/fr\/wp-json\/wp\/v2\/media\/117691"}],"wp:attachment":[{"href":"https:\/\/www.europesays.com\/fr\/wp-json\/wp\/v2\/media?parent=117690"}],"wp:term":[{"taxonomy":"category","embeddable":true,"href":"https:\/\/www.europesays.com\/fr\/wp-json\/wp\/v2\/categories?post=117690"},{"taxonomy":"post_tag","embeddable":true,"href":"https:\/\/www.europesays.com\/fr\/wp-json\/wp\/v2\/tags?post=117690"}],"curies":[{"name":"wp","href":"https:\/\/api.w.org\/{rel}","templated":true}]}}