{"id":117692,"date":"2025-05-21T20:12:08","date_gmt":"2025-05-21T20:12:08","guid":{"rendered":"https:\/\/www.europesays.com\/fr\/117692\/"},"modified":"2025-05-21T20:12:08","modified_gmt":"2025-05-21T20:12:08","slug":"pretty-yende-en-recital-avec-lorchestre-national-dile-de-france","status":"publish","type":"post","link":"https:\/\/www.europesays.com\/fr\/117692\/","title":{"rendered":"Pretty Yende en r\u00e9cital avec l&rsquo;Orchestre national d&rsquo;\u00cele-de-France"},"content":{"rendered":"<p><strong>Apr\u00e8s avoir incarn\u00e9 S\u00e9m\u00e9l\u00e9 en f\u00e9vrier, Pretty Yende revient au Th\u00e9\u00e2tre des Champs-\u00c9lys\u00e9es avec un programme \u00e9clectique, de Bellini \u00e0 la com\u00e9die musicale.<\/strong><\/p>\n<p>Dans un r\u00e9cital, une chanteuse peut d\u00e9voiler des facettes de sa voix au-del\u00e0 des contraintes de la sc\u00e8ne. Les iconiques invocations \u00e0 la lune de Norma et de Rusalka peuvent ainsi s\u2019inscrire sans peine dans le r\u00e9pertoire de Pretty Yende, soprano lyrique qui a incarn\u00e9 Manon, pour une unique repr\u00e9sentation \u00e0 Bastille, sans public, lors du covid. Confi\u00e9 au calibre d\u2019Elsa Dreisig \u00e0 Aix l\u2019\u00e9t\u00e9 prochain, le r\u00f4le-titre de Louise ne devrait pas non plus \u00eatre aujourd\u2019hui trop large pour la tessiture de la soliste sud-africaine, \u00e0 l\u2019inverse de la Leonora du Trouv\u00e8re, dont la cavatine du dernier acte est plus proche de son identit\u00e9 vocale. Dans le m\u00eame registre verdien, celle qui fut une Violetta remarqu\u00e9e pourra ici apprivoiser le bol\u00e9ro d\u2019H\u00e9l\u00e8ne dans la version italienne des trop rares V\u00eapres siciliennes. Assaisonn\u00e9 d\u2019ouvertures diverses, le programme se referme sur un medley de com\u00e9dies musicales de Broadway.<\/p>\n<p>\u00a0<\/p>\n<p>Gilles Charlassier<\/p>\n","protected":false},"excerpt":{"rendered":"Apr\u00e8s avoir incarn\u00e9 S\u00e9m\u00e9l\u00e9 en f\u00e9vrier, Pretty Yende revient au Th\u00e9\u00e2tre des Champs-\u00c9lys\u00e9es avec un programme \u00e9clectique, de&hellip;\n","protected":false},"author":2,"featured_media":117693,"comment_status":"","ping_status":"","sticky":false,"template":"","format":"standard","meta":{"footnotes":""},"categories":[1592],"tags":[1111,11,1777,674,1011,27,662,1577,12,626,25],"class_list":{"0":"post-117692","1":"post","2":"type-post","3":"status-publish","4":"format-standard","5":"has-post-thumbnail","7":"category-ile-de-france","8":"tag-actu","9":"tag-actualites","10":"tag-eu","11":"tag-europe","12":"tag-fr","13":"tag-france","14":"tag-ile-de-france","15":"tag-l","16":"tag-news","17":"tag-paris","18":"tag-republique-francaise"},"share_on_mastodon":{"url":"https:\/\/pubeurope.com\/@fr\/114547651109986382","error":""},"_links":{"self":[{"href":"https:\/\/www.europesays.com\/fr\/wp-json\/wp\/v2\/posts\/117692","targetHints":{"allow":["GET"]}}],"collection":[{"href":"https:\/\/www.europesays.com\/fr\/wp-json\/wp\/v2\/posts"}],"about":[{"href":"https:\/\/www.europesays.com\/fr\/wp-json\/wp\/v2\/types\/post"}],"author":[{"embeddable":true,"href":"https:\/\/www.europesays.com\/fr\/wp-json\/wp\/v2\/users\/2"}],"replies":[{"embeddable":true,"href":"https:\/\/www.europesays.com\/fr\/wp-json\/wp\/v2\/comments?post=117692"}],"version-history":[{"count":0,"href":"https:\/\/www.europesays.com\/fr\/wp-json\/wp\/v2\/posts\/117692\/revisions"}],"wp:featuredmedia":[{"embeddable":true,"href":"https:\/\/www.europesays.com\/fr\/wp-json\/wp\/v2\/media\/117693"}],"wp:attachment":[{"href":"https:\/\/www.europesays.com\/fr\/wp-json\/wp\/v2\/media?parent=117692"}],"wp:term":[{"taxonomy":"category","embeddable":true,"href":"https:\/\/www.europesays.com\/fr\/wp-json\/wp\/v2\/categories?post=117692"},{"taxonomy":"post_tag","embeddable":true,"href":"https:\/\/www.europesays.com\/fr\/wp-json\/wp\/v2\/tags?post=117692"}],"curies":[{"name":"wp","href":"https:\/\/api.w.org\/{rel}","templated":true}]}}