{"id":117694,"date":"2025-05-21T20:13:09","date_gmt":"2025-05-21T20:13:09","guid":{"rendered":"https:\/\/www.europesays.com\/fr\/117694\/"},"modified":"2025-05-21T20:13:09","modified_gmt":"2025-05-21T20:13:09","slug":"video-des-gens-campaient-devant-le-magasin-la-folie-des-peluches-labubu-sempare-de-paris","status":"publish","type":"post","link":"https:\/\/www.europesays.com\/fr\/117694\/","title":{"rendered":"VID\u00c9O. \u00ab\u00a0Des gens campaient devant le magasin\u00a0\u00bb\u00a0: la folie des peluches Labubu s\u2019empare de Paris"},"content":{"rendered":"<p class=\"paragraph text_align_left\">\u00ab\u00a0\u00c0 8h30, il y avait d\u00e9j\u00e0 plus de 120 personnes qui faisaient la queue, des gens qui ont m\u00eame camp\u00e9 devant le magasin depuis des heures, c\u2019est surprenant quand m\u00eame juste pour des peluches\u00a0\u00bb. Alexandra est venue sp\u00e9cialement \u00e0 Paris de Provins (77), ce mardi 20\u00a0mai, avec sa fille \u00e9l\u00e8ve en cinqui\u00e8me, dans l\u2019espoir de repartir avec une chose\u00a0: un Labubu.<\/p>\n<p class=\"paragraph text_align_left\">Depuis plusieurs semaines, ces peluches en forme de lapin au style kawa\u00ef, avec des dents pointues, font fureur sur les r\u00e9seaux sociaux. Plus de 1,4\u00a0million de vid\u00e9os avec le #labubu ont \u00e9t\u00e9 publi\u00e9es sur TikTok. En rupture de stock sur quasiment tous les sites sur Internet, les rares boutiques vendant des Labubu \u00e0 Paris se font d\u00e9valiser \u00e0 chaquer\u00e9assort. Comme c\u2019est le cas ce mardi matin, o\u00f9 une queue monstre s\u2019allonge sur toute l\u2019avenue de l\u2019Op\u00e9ra (Ier), en partant de la boutique chinoise de jouets, Pop Mart.<\/p>\n<p class=\"paragraph text_align_left\">\u00ab\u00a0C\u2019est tr\u00e8s compliqu\u00e9 de r\u00e9ussir \u00e0 en acheter, car il y a beaucoup de revendeurs qui accaparent les stocks et revendent les Labubu beaucoup plus chers. \u00c7a peut m\u00eame aller jusqu\u2019\u00e0 plus de 400\u00a0euros \u00e0 la revente pour des Labubu rares\u00a0\u00bb, explique Sheyma, \u00e9tudiante \u00e0 Versailles, venue acheter une bo\u00eete de six peluches, \u00e0 115\u00a0euros.<\/p>\n<p class=\"paragraph text_align_left\">Ces petits monstres sont n\u00e9s en 2023 \u00e0 Hongkong, gr\u00e2ce \u00e0 une collaboration entre l\u2019artiste Kasing Lung et la marque chinoise Pop Mart. Mais ce sont des stars comme <a href=\"https:\/\/www.leparisien.fr\/culture-loisirs\/musique\/dj-snake-muse-dua-lipa-sabrina-carpenter-katy-perry-les-20-concerts-a-ne-pas-manquer-en-2025-02-01-2025-QW7YFRBKTVAQJPAS2TXCRWQN7U.php\" target=\"_self\" rel=\"nofollow noopener\">Dua Lipa<\/a> et surtout <a href=\"https:\/\/www.leparisien.fr\/culture-loisirs\/musique\/blackpink-au-stade-de-france-enorme-engouement-pour-le-groupe-de-k-pop-le-concert-rapidement-complet-27-02-2025-PQBIPXIBJ5E7XOKONP2U5PIJME.php\" target=\"_self\" rel=\"nofollow noopener\">Lisa, des Blackpink<\/a>, qui les ont popularis\u00e9s sur les r\u00e9seaux, en affichant leur collection. Sur TikTok, les vid\u00e9os d\u2019unboxing de Labubu se comptent par millier car, comme les Sonny Angels, des petites figures de b\u00e9b\u00e9s \u00e0 collectionner, le concept de ces peluches, c\u2019est de ne pas savoir lequel on ach\u00e8te.<\/p>\n<p class=\"paragraph text_align_left\">\u00ab\u00a0\u00c7a pousse \u00e0 en racheter, parce qu\u2019on veut une couleur ou une autre couleur ou un sp\u00e9cial (NDLR\u00a0: des Labubu rares)\u00a0\u00bb, explique Alexandra. Venues pour en acheter deux, \u00e0 15\u00a0euros l\u2019unit\u00e9, la m\u00e8re et la fille ressortent finalement avec une bo\u00eete de six. \u00ab\u00a0\u00c7a valait le coup d\u2019attendre trois heures\u00a0\u00bb, se r\u00e9jouissent Alexandra et Coraline.<\/p>\n","protected":false},"excerpt":{"rendered":"\u00ab\u00a0\u00c0 8h30, il y avait d\u00e9j\u00e0 plus de 120 personnes qui faisaient la queue, des gens qui ont&hellip;\n","protected":false},"author":2,"featured_media":117695,"comment_status":"","ping_status":"","sticky":false,"template":"","format":"standard","meta":{"footnotes":""},"categories":[1888],"tags":[1111,1928,11,1927,1777,674,1011,27,12,1926,626,1925,25,133,2955],"class_list":{"0":"post-117694","1":"post","2":"type-post","3":"status-publish","4":"format-standard","5":"has-post-thumbnail","7":"category-paris","8":"tag-actu","9":"tag-actu-paris","10":"tag-actualites","11":"tag-actualites-paris","12":"tag-eu","13":"tag-europe","14":"tag-fr","15":"tag-france","16":"tag-news","17":"tag-news-paris","18":"tag-paris","19":"tag-paris-news","20":"tag-republique-francaise","21":"tag-video","22":"tag-videos"},"share_on_mastodon":{"url":"https:\/\/pubeurope.com\/@fr\/114547654867172365","error":""},"_links":{"self":[{"href":"https:\/\/www.europesays.com\/fr\/wp-json\/wp\/v2\/posts\/117694","targetHints":{"allow":["GET"]}}],"collection":[{"href":"https:\/\/www.europesays.com\/fr\/wp-json\/wp\/v2\/posts"}],"about":[{"href":"https:\/\/www.europesays.com\/fr\/wp-json\/wp\/v2\/types\/post"}],"author":[{"embeddable":true,"href":"https:\/\/www.europesays.com\/fr\/wp-json\/wp\/v2\/users\/2"}],"replies":[{"embeddable":true,"href":"https:\/\/www.europesays.com\/fr\/wp-json\/wp\/v2\/comments?post=117694"}],"version-history":[{"count":0,"href":"https:\/\/www.europesays.com\/fr\/wp-json\/wp\/v2\/posts\/117694\/revisions"}],"wp:featuredmedia":[{"embeddable":true,"href":"https:\/\/www.europesays.com\/fr\/wp-json\/wp\/v2\/media\/117695"}],"wp:attachment":[{"href":"https:\/\/www.europesays.com\/fr\/wp-json\/wp\/v2\/media?parent=117694"}],"wp:term":[{"taxonomy":"category","embeddable":true,"href":"https:\/\/www.europesays.com\/fr\/wp-json\/wp\/v2\/categories?post=117694"},{"taxonomy":"post_tag","embeddable":true,"href":"https:\/\/www.europesays.com\/fr\/wp-json\/wp\/v2\/tags?post=117694"}],"curies":[{"name":"wp","href":"https:\/\/api.w.org\/{rel}","templated":true}]}}